{"id":662,"date":"2016-08-27T18:19:14","date_gmt":"2016-08-27T15:19:14","guid":{"rendered":"https:\/\/blogit.kreeta.info\/annankreetablogi\/elamaa-kanatarhan-kupeessa\/"},"modified":"2017-01-08T09:17:35","modified_gmt":"2017-01-08T07:17:35","slug":"elamaa-kanatarhan-kupeessa","status":"publish","type":"post","link":"https:\/\/blogit.kreeta.info\/annankreetablogi\/elamaa-kanatarhan-kupeessa\/","title":{"rendered":"El\u00e4m\u00e4\u00e4 kanatarhan kupeessa"},"content":{"rendered":"<p>Kukko alkaa kiekua aamulla hiukan ennen kuutta.<br \/>\nAurinko ei viel\u00e4 ole noussut, mutta kukon p\u00e4iv\u00e4 alkaa, kanat on saatava<br \/>\nhereille. Katselen kanatarhan her\u00e4\u00e4mist\u00e4 keitti\u00f6ni ikkunasta samalla kun<br \/>\nlaittelen kahvia kiehumaan. Kanat k\u00f6mpiv\u00e4t tarhan talosta yksi toisensa j\u00e4lkeen<br \/>\npihamaalle, niiden aamuhiljainen rupattelu kantautuu keitti\u00f6\u00f6ni. Aamu\u00e4\u00e4net ovat<br \/>\nkuin lyhyit\u00e4 tervehdyksi\u00e4 ja mutinoita toisilleen, p\u00e4ivemm\u00e4ll\u00e4 \u00e4\u00e4ntely yltyy<br \/>\nmelkoiseksi kaakatukseksi. Aamuh\u00e4m\u00e4riss\u00e4 ne n\u00e4ytt\u00e4v\u00e4t tervehtiv\u00e4n toisiaan,<br \/>\nkuopivat hitaasti maata, joku kiipe\u00e4\u00e4 talon katolle katsomaan auringon nousua.<\/p>\n<p>&nbsp;<\/p>\n<p><img decoding=\"async\" src=\"https:\/\/uusi.kreeta.info\/kreeta\/myimages\/blog_img\/annan_kreetablogi\/kanat\/1.JPG\" alt=\"\" \/><\/p>\n<div><\/div>\n<p>Yht\u00e4kki\u00e4 kanalan piha on tyhj\u00e4. Kevyt kes\u00e4sadekuuro kulkee Kastelakian ylitse.<\/p>\n<p>Kanat vaikuttavat kaihtavan kastumista, piha hiljenee. N\u00e4it\u00e4 yll\u00e4tt\u00e4vi\u00e4 kes\u00e4sateita on saatu nyt elokuussa, yleens\u00e4 ne alkavat vasta syyskuun puolella. Yst\u00e4v\u00e4ni poikkesi eilen ja kertoi kastuneensa moottoripy\u00f6r\u00e4ll\u00e4\u00e4n Atsipopulossa l\u00e4pikotaisin reilu viikko sitten, samaan aikaan rannoilla paistoi aurinko. N\u00e4m\u00e4 sateet ovatkin hyvin paikallisia kuuroja, naapurikyl\u00e4n raitti voi pysy\u00e4 kuivana kun oma puutarhani saa kunnon kastelun.<\/p>\n<p>Keskip\u00e4iv\u00e4ll\u00e4 kukkoa ei en\u00e4\u00e4 n\u00e4y. Ehk\u00e4 se vet\u00e4ytyy orrelle, kun kanaset on saatu hereille; ne kulkevat pihaa, nyppiv\u00e4t sy\u00f6t\u00e4v\u00e4\u00e4, kaakattavat. Joku niist\u00e4 on k\u00e4ynyt sitruunapuun katveeseen hautomaan, joku toinen, huolimaton kana on muninut keskelle pihaa.<\/p>\n<p>&nbsp;<\/p>\n<p><img decoding=\"async\" src=\"https:\/\/uusi.kreeta.info\/kreeta\/myimages\/blog_img\/annan_kreetablogi\/kanat\/2.JPG\" alt=\"\" \/><\/p>\n<div><\/div>\n<p>Kanatarhan ymp\u00e4rill\u00e4 on kunnon aita.\u00a0Se ei kuitenkaan est\u00e4 n\u00e4it\u00e4 vapaanakulkevia kanoja poikkeamasta aidan ulkopuolelle omille k\u00e4velyilleen. Aina ne l\u00f6yt\u00e4v\u00e4t my\u00f6s takaisin tarhaansa, harvoin ne l\u00e4htev\u00e4t l\u00e4heiselle tielle tallustamaan. Olemme pystytt\u00e4neet aidan oman pihamme ymp\u00e4rille Milo-koiran vuoksi, nyt sill\u00e4 on iso piha kuljeskella. Etupihalla on vartioitavaa, ohikulkijoiden kommentointia ja autojen tarkkailua, takapihalta l\u00f6ytyy varjoa sitruuna- ja oliivipuun alta, siell\u00e4 on my\u00f6s parhaat paikat vahtia kanojen kulkemisia.<\/p>\n<p>&nbsp;<\/p>\n<p><img decoding=\"async\" src=\"https:\/\/uusi.kreeta.info\/kreeta\/myimages\/blog_img\/annan_kreetablogi\/kanat\/3.JPG\" alt=\"\" \/><\/p>\n<div><\/div>\n<p>Yhteenottoja naapurusten kesken sattuu tuontuostakin. Milo-koira on vaikuttanut maltillisen kiinnostuneelta kanatarhan asukeista. Se ei suinkaan ole lintukoira, silti n\u00e4m\u00e4 naapurit vetiv\u00e4t aluksi puoleensa. Ennen pihamme aitaamista kanoja kuljeksi takapihalla, ne tekiv\u00e4t pesi\u00e4 puiden alle. Jokunen onnistui pel\u00e4stytt\u00e4m\u00e4\u00e4n Milon oikein kunnolla: ruohikon suojissa muniaan hautova kana on \u00e4rh\u00e4kk\u00e4 otus, se ei sied\u00e4 uteliasta koirankuonoa tutkimassa pes\u00e4\u00e4ns\u00e4 \u2013 Milo-koira sai pari kertaa kyyti\u00e4 ja kiljuvan kanan per\u00e4\u00e4ns\u00e4. N\u00e4iden tapaamisten j\u00e4lkeen koira pysytteli kaukana puiden alle tehdyist\u00e4 kananpesist\u00e4.<\/p>\n<p>&nbsp;<\/p>\n<p><img decoding=\"async\" src=\"https:\/\/uusi.kreeta.info\/kreeta\/myimages\/blog_img\/annan_kreetablogi\/kanat\/4A.JPG\" alt=\"\" \/><\/p>\n<div><\/div>\n<p>Pihaa ymp\u00e4r\u00f6iv\u00e4 aita, joka pit\u00e4\u00e4 koiran kotipihalla ei est\u00e4 kanoja lenn\u00e4ht\u00e4m\u00e4st\u00e4 aidan yli. Jostakin syyst\u00e4 aidan yli lento ja heinikkoon muniminen houkuttaa niit\u00e4. Ker\u00e4ilemme edelleen munia pitkin pihaa harva se p\u00e4iv\u00e4.<\/p>\n<p>Kanatarhan tiimoilta sattuu ja tapahtuu. &#8211; Siirsimme saunarakennuksen Mesinm\u00e4elt\u00e4 Kastelakiaan ja j\u00e4timme sen asentamatta, k\u00e4ytt\u00e4m\u00e4tt\u00e4 odottamaan syksy\u00e4. Saunan lattian tuuletusluukun j\u00e4timme auki rakennusta kes\u00e4helteilt\u00e4 viilent\u00e4m\u00e4\u00e4n. Se luukku on sittemmin saanut nimekseen \u201dkanaluukku\u201d. Talon is\u00e4nt\u00e4 kun aloitti asennusty\u00f6t ja avasi saunan oven, h\u00e4n n\u00e4ki h\u00e4mm\u00e4styksekseen lattialla kaksi rikkoontunutta kananmunaa. H\u00e4n nosti katseensa yl\u00f6s &#8211; saunan yl\u00e4lauteella hautoi suuri musta kana kahtatoista munaansa. Nyt kanaluukku j\u00e4tet\u00e4\u00e4n visusti kiinni kun on saunottu. Kerran saunan ovi j\u00e4i raolleen, jo seuraavana p\u00e4iv\u00e4n\u00e4 lauteilta l\u00f6ytyi kaksi uutta munaa. Saunarakennuksen vieress\u00e4 olevan varastorakennuksen ovi puolestaan j\u00e4tettiin eilen auki, kun sielt\u00e4 haettiin ty\u00f6kaluja &#8211; aamup\u00e4iv\u00e4n aikana sinne ehti jo ilmesty\u00e4 tuore muna. Joistakin munista kanat hautovat jopa pieni\u00e4 tipuja, ne kulkevat piipitt\u00e4en emokanan per\u00e4ss\u00e4.<\/p>\n<p>&nbsp;<\/p>\n<p><img decoding=\"async\" src=\"https:\/\/uusi.kreeta.info\/kreeta\/myimages\/blog_img\/annan_kreetablogi\/kanat\/4B.jpg\" alt=\"\" \/><\/p>\n<div>\n<p>Toissap\u00e4iv\u00e4n\u00e4, juuri kun olimme l\u00e4hd\u00f6ss\u00e4 kaupunkiin, tepasteli musta kana sis\u00e4\u00e4n talomme takaovesta makuuhuoneeseen. Se oli jo liikaa Milo-koiralle kaikista pel\u00e4styksist\u00e4 huolimatta. Koira s\u00e4nt\u00e4si kanan per\u00e4\u00e4n, kana kauhuissaan pakeni s\u00e4ngyn yli ja pari kierrosta sen ymp\u00e4ri ja edelleen kylpyhuoneeseen, mist\u00e4 is\u00e4nt\u00e4 sen sai kiinni. Koira suljettiin ty\u00f6huoneeseen, mist\u00e4 se jo karkasi takaovelle ja oli siell\u00e4 kanankantajaa vastassa ja piirileikki alkoi uudelleen. Lopulta koira saatiin yhteen huoneeseen, kana toiseen ja edelleen kanatarhaan takaisin. J\u00e4ljelle kylpyhuoneen lattialle j\u00e4i musta sulka.<\/p>\n<\/div>\n<p>&nbsp;<\/p>\n<p>&nbsp;<\/p>\n<div><img decoding=\"async\" src=\"https:\/\/uusi.kreeta.info\/kreeta\/myimages\/blog_img\/annan_kreetablogi\/kanat\/5.JPG\" alt=\"\" \/><\/div>\n<p>N\u00e4ist\u00e4 yll\u00e4tt\u00e4vist\u00e4 l\u00e4hitapaamisista kanojen kanssa ei ymm\u00e4rrett\u00e4v\u00e4sti ole kuvia, kuvien ottamiseen ei niiss\u00e4 hetkiss\u00e4 ole ollut aikaa. J\u00e4lkeenp\u00e4in meit\u00e4 naurattaa nuo kanaseikkailut, koiran ymmyrk\u00e4iset silm\u00e4t sen n\u00e4hdess\u00e4 kanan talomme sis\u00e4ll\u00e4, omat kanajahtimme yritt\u00e4ess\u00e4mme luovia kaakattavaa lintua ulos talosta. Kanat liikuskelevat tuossa aidan takana, kurkistelevat pihalle, eiv\u00e4t ole moksiskaan koirasta. Joku niist\u00e4 k\u00e4y toistuvasti tarkastamassa, ettei varastorakennuksen ovi sittenkin olisi kananment\u00e4v\u00e4n aukon verran raollaan.<\/p>\n<p>&nbsp;<\/p>\n<div><img decoding=\"async\" src=\"https:\/\/uusi.kreeta.info\/kreeta\/myimages\/blog_img\/annan_kreetablogi\/kanat\/6.JPG\" alt=\"\" \/><\/div>\n<p>Kukko tulee muutaman kanan kulkueen saattelemana esiin illansuussa. Sill\u00e4 oli aiemmin muhkea pyrst\u00f6, nyt siit\u00e4 on rippeet j\u00e4ljell\u00e4. Kun kysyin kanojen em\u00e4nn\u00e4lt\u00e4 kiria-Kulalta, mit\u00e4 kukolle on tapahtunut, h\u00e4n naurahti: \u201dkotes!\u201d \u2013 kanat! Mutta pyrst\u00f6 on jo ainakin kahteen kertaan kasvanut takaisin vain kadotakseen taas ilmeisesti kanojen nokkimana. Taitavat tapella kesken\u00e4\u00e4nkin nuo kanatarhan asukkaat, mutta joukollako ne k\u00e4yv\u00e4t kukon pyrst\u00f6n kimppuun!<\/p>\n<p>&nbsp;<\/p>\n<p><img decoding=\"async\" src=\"https:\/\/uusi.kreeta.info\/kreeta\/myimages\/blog_img\/annan_kreetablogi\/kanat\/7.JPG\" alt=\"\" \/><\/p>\n<div><\/div>\n<p>Illalla tarha hiljenee auringon laskiessa. Kanat vet\u00e4ytyv\u00e4t taloon, sielt\u00e4 ei kuulu \u00e4\u00e4nt\u00e4k\u00e4\u00e4n. Milo-koira istuu pihalla ja katselee rannalle p\u00e4in. Aamuk\u00e4velyll\u00e4 siell\u00e4 n\u00e4imme ensimm\u00e4iset hietamerinarsissit, aallot olivat t\u00e4n\u00e4\u00e4n liian korkeat, aamu-uinti sai j\u00e4\u00e4d\u00e4. Nyt alapuolellamme syttyv\u00e4t kaupungin valot, meri tummuu y\u00f6n v\u00e4riseksi.<\/p>\n<p><img decoding=\"async\" src=\"https:\/\/uusi.kreeta.info\/kreeta\/myimages\/blog_img\/annan_kreetablogi\/kanat\/8.JPG\" alt=\"\" \/><\/p>\n<div><\/div>\n<p><img decoding=\"async\" src=\"https:\/\/uusi.kreeta.info\/kreeta\/myimages\/blog_img\/annan_kreetablogi\/kanat\/9.JPG\" alt=\"\" \/><\/p>\n<div>Kreetaterveisin<\/div>\n<p>Anna Meurling<\/p>\n","protected":false},"excerpt":{"rendered":"<p>Kukko alkaa kiekua aamulla hiukan ennen kuutta. Aurinko ei viel\u00e4 ole noussut, mutta kukon p\u00e4iv\u00e4 alkaa, kanat on saatava hereille. Katselen kanatarhan her\u00e4\u00e4mist\u00e4 keitti\u00f6ni ikkunasta samalla kun laittelen kahvia kiehumaan. Kanat k\u00f6mpiv\u00e4t tarhan talosta&#46;&#46;&#46;<\/p>\n","protected":false},"author":5,"featured_media":0,"comment_status":"open","ping_status":"open","sticky":false,"template":"","format":"standard","meta":{"_acf_changed":false,"footnotes":""},"categories":[1],"tags":[],"class_list":["post-662","post","type-post","status-publish","format-standard","hentry","category-yleinen"],"acf":[],"_links":{"self":[{"href":"https:\/\/blogit.kreeta.info\/annankreetablogi\/wp-json\/wp\/v2\/posts\/662","targetHints":{"allow":["GET"]}}],"collection":[{"href":"https:\/\/blogit.kreeta.info\/annankreetablogi\/wp-json\/wp\/v2\/posts"}],"about":[{"href":"https:\/\/blogit.kreeta.info\/annankreetablogi\/wp-json\/wp\/v2\/types\/post"}],"author":[{"embeddable":true,"href":"https:\/\/blogit.kreeta.info\/annankreetablogi\/wp-json\/wp\/v2\/users\/5"}],"replies":[{"embeddable":true,"href":"https:\/\/blogit.kreeta.info\/annankreetablogi\/wp-json\/wp\/v2\/comments?post=662"}],"version-history":[{"count":3,"href":"https:\/\/blogit.kreeta.info\/annankreetablogi\/wp-json\/wp\/v2\/posts\/662\/revisions"}],"predecessor-version":[{"id":665,"href":"https:\/\/blogit.kreeta.info\/annankreetablogi\/wp-json\/wp\/v2\/posts\/662\/revisions\/665"}],"wp:attachment":[{"href":"https:\/\/blogit.kreeta.info\/annankreetablogi\/wp-json\/wp\/v2\/media?parent=662"}],"wp:term":[{"taxonomy":"category","embeddable":true,"href":"https:\/\/blogit.kreeta.info\/annankreetablogi\/wp-json\/wp\/v2\/categories?post=662"},{"taxonomy":"post_tag","embeddable":true,"href":"https:\/\/blogit.kreeta.info\/annankreetablogi\/wp-json\/wp\/v2\/tags?post=662"}],"curies":[{"name":"wp","href":"https:\/\/api.w.org\/{rel}","templated":true}]}}