{"id":132,"date":"2017-09-03T19:40:29","date_gmt":"2017-09-03T16:40:29","guid":{"rendered":"https:\/\/blogit.kreeta.info\/kesamokkikreetalla\/?p=132"},"modified":"2024-01-10T10:19:22","modified_gmt":"2024-01-10T08:19:22","slug":"kesan-sattumusten-saldoa","status":"publish","type":"post","link":"https:\/\/blogit.kreeta.info\/kesamokkikreetalla\/2017\/09\/03\/kesan-sattumusten-saldoa\/","title":{"rendered":"Kes\u00e4n sattumusten saldoa"},"content":{"rendered":"<p><img loading=\"lazy\" decoding=\"async\" class=\"size-medium wp-image-161 aligncenter\" src=\"https:\/\/blogit.kreeta.info\/kesamokkikreetalla\/wp-content\/uploads\/sites\/7\/2017\/09\/aamurusko-300x225.jpg\" alt=\"\" width=\"300\" height=\"225\" srcset=\"https:\/\/blogit.kreeta.info\/kesamokkikreetalla\/wp-content\/uploads\/sites\/7\/2017\/09\/aamurusko-300x225.jpg 300w, https:\/\/blogit.kreeta.info\/kesamokkikreetalla\/wp-content\/uploads\/sites\/7\/2017\/09\/aamurusko.jpg 640w\" sizes=\"auto, (max-width: 300px) 100vw, 300px\" \/><\/p>\n<p>Elokuun ensimm\u00e4isell\u00e4 viikolla Lissu palasi Suomeen viimeisen\u00e4 lomap\u00e4iv\u00e4n\u00e4\u00e4n. Aamuseitsem\u00e4lt\u00e4, vaaleanpunaisessa h\u00e4myss\u00e4 kylpev\u00e4ll\u00e4 Iraklionin kent\u00e4ll\u00e4, heitettiin hyv\u00e4stit, ja Lissu l\u00e4hti kohti koti-Suomea. Jyk\u00e4 ja Dafni palasivat ehti\u00e4kseen aamu-uinnille Kreetan kotirannalle. Perhe puolitettiin taas kahdeksi ja puoleksi kuukaudeksi. Sitten on tarkoitus viett\u00e4\u00e4 syyslomaa Kreetan m\u00f6kill\u00e4, mink\u00e4 j\u00e4lkeen Jyk\u00e4kin suuntaa Volvon keulan lopulta pohjoista kohti.<\/p>\n<p>Aegeanin lento Olympic Airlinesin koneella l\u00e4hti l\u00e4hes ajallaan, vain puoli tuntia my\u00f6h\u00e4ss\u00e4. Ateenassa oli edess\u00e4 nelj\u00e4n tunnin odottelu ennen 13.15. Helsingin lentoa, edelleen Aegean Airlinesill\u00e4. Yst\u00e4v\u00e4t, jotka lomailivat kanssamme elokuun ensimm\u00e4isen viikon, kyyditsiv\u00e4t Lissun Savoon, joten ei tarvinnut seikkailla enempien jatkoyhteyksien kanssa. Kotiovi narahti puoli kymmenelt\u00e4 illalla. Ihan paras puoli etel\u00e4n m\u00f6kiss\u00e4 ei ole t\u00e4m\u00e4 pitk\u00e4 v\u00e4limatka.<\/p>\n<p>Saipahan kuitenkin nauttia ihanista s\u00e4ist\u00e4 aivan koko kes\u00e4n! Moni ei vaihtaisi Suomen nelj\u00e4\u00e4 vuodenaikaa etel\u00e4nmaiden i\u00e4nikuiseen porotukseen, mutta meik\u00e4l\u00e4isille kes\u00e4inen s\u00e4\u00e4 sopii kaikkein parhaiten, kuuma ei ahdista. Ja tiedossa on vallan hyvin, ett\u00e4 satavuotiaan Suomen kes\u00e4 ei ollut s\u00e4ilt\u00e4\u00e4n mitenk\u00e4\u00e4n miellytt\u00e4v\u00e4 edes niiden mielest\u00e4, joille riitt\u00e4v\u00e4t kotimaan kes\u00e4l\u00e4mp\u00f6tilat. Omassa pihassakin omenat ovat minikokoisia ja vattusatokin vasta tulollaan, jos enn\u00e4tt\u00e4\u00e4 edes kypsy\u00e4 ennen halloja.<\/p>\n<p>Nyt voi sitten vain muistella mennytt\u00e4 kes\u00e4\u00e4 ja haikailla seuraavaa kertaa, kun saa suorittaa taas kokop\u00e4iv\u00e4isen vaelluksen toiseen suuntaan. Tai jos Jyk\u00e4 taas autoilee, niin siin\u00e4h\u00e4n menee koko viikko. T\u00e4ss\u00e4 siis kes\u00e4n sattumusten saldoa.<\/p>\n<p>&nbsp;<\/p>\n<p><strong>Juhannussauna Libyanmeren rannalla<\/strong><\/p>\n<p>Kes\u00e4n hauskoihin muistoihin kuuluu juhannus, joka vietettiin aika suomalaiseen tapaan. Yst\u00e4v\u00e4pariskunta oli j\u00e4tt\u00e4nyt vuokrais\u00e4nn\u00e4llemme kes\u00e4lainaan telttasaunan, kun suuntasivat itse v\u00e4h\u00e4n tihe\u00e4mp\u00e4\u00e4n saunoitetulle alueelle lomailemaan. Niinp\u00e4 sitten kokosimme saunan aattoiltana Mirtoksen uimarannan reunamille, kun ranta oli hiljentynyt kes\u00e4kuisen v\u00e4h\u00e4isist\u00e4 turisteista.<\/p>\n<p><img loading=\"lazy\" decoding=\"async\" class=\"size-medium wp-image-149 alignleft\" src=\"https:\/\/blogit.kreeta.info\/kesamokkikreetalla\/wp-content\/uploads\/sites\/7\/2017\/08\/Juhannus-300x193.jpg\" alt=\"\" width=\"300\" height=\"193\" srcset=\"https:\/\/blogit.kreeta.info\/kesamokkikreetalla\/wp-content\/uploads\/sites\/7\/2017\/08\/Juhannus-300x193.jpg 300w, https:\/\/blogit.kreeta.info\/kesamokkikreetalla\/wp-content\/uploads\/sites\/7\/2017\/08\/Juhannus.jpg 448w\" sizes=\"auto, (max-width: 300px) 100vw, 300px\" \/><\/p>\n<p>Sauna oli oikein p\u00e4tev\u00e4 laitos! Lauteetkin paketti sis\u00e4lsi, vain kiuaskivet piti ker\u00e4t\u00e4 rannalta. Kuten arvasimme, kivet halkesivat paukahdellen, kun sauna l\u00e4mpesi.\u00a0 Vaikka ne ovat tottuneet auringon armottomaan porotukseen, eiv\u00e4t kest\u00e4neet, kun saivat tuta suomalaisen kiukaan voiman.<\/p>\n<p>Uimme meress\u00e4 pime\u00e4n keskell\u00e4, vain myrskylyhty opasti takaisin saunalle. Yl\u00e4puolella kaartui kuitenkin niin upea t\u00e4htitaivas, ett\u00e4 suomalainen talvitaivaskin kalpenee sen rinnalla. Nimenomaan kalpenee, sill\u00e4 pikkukyl\u00e4n valot antoivat varsin v\u00e4h\u00e4n valosaastetta taivaalle, joka alkukes\u00e4st\u00e4 oli vailla my\u00f6hemmin vallitsevaa helteist\u00e4 utua. Suomessa taivas tuntuu olevan \u201dpohjav\u00e4rilt\u00e4\u00e4n\u201d kirkkaampi. Linnunradan sumut erottuivat upeasti. Uidessa vesi tuntui olevan pieni\u00e4 t\u00e4hti\u00e4 t\u00e4ynn\u00e4, kun kuplat nousivat ymp\u00e4rill\u00e4 pintaa kohden kirkkaina palloina.<\/p>\n<p>Kokkoa emme polttaneet, avotulen teko on rannalla kielletty. Kiuashan ei ole avotuli, ei my\u00f6sk\u00e4\u00e4n pallogrilli, jossa paistoimme makkaraa ja lammasta. Lidlist\u00e4 saa melkein suomalaistyylist\u00e4 makkaraa, joka valittiin tarkoituksella juhannusev\u00e4\u00e4ksi.<\/p>\n<p>Eik\u00e4 rannalla saisi y\u00f6py\u00e4k\u00e4\u00e4n, mutta ei kai sit\u00e4 lasketa, jos ottaa muutaman tunnin torkut hiekalla? Tulipa sekin sitten koettua! Y\u00f6ll\u00e4 ei tullut lainkaan kylm\u00e4, ja rantahiekka k\u00e4vi hyvin patjasta. Dafni-koira otti hienosti vartijan roolin. Se asettui ker\u00e4lle Lissun vatsaa vasten ja nousi siit\u00e4 pari kertaa istumaan ja v\u00e4h\u00e4n murisemaan et\u00e4\u00e4lt\u00e4 kuuluville \u00e4\u00e4nille. Aamun valjetessa her\u00e4simme ja ker\u00e4simme leirimme ennen kuin ensimm\u00e4iset matkailijat ehtiv\u00e4t aamu-uinnille.<\/p>\n<p><strong>\u00a0<\/strong><\/p>\n<p><strong>Lampaita kukkapenkiss\u00e4<\/strong><\/p>\n<p>Er\u00e4\u00e4n\u00e4 iltap\u00e4iv\u00e4n\u00e4, kun olimme nousseet nokosilta, kuulimme ulkoa kummallista kopinaa. Lissu sai tietynlaisen aavistuksen, mist\u00e4 saattaisi olla kyse. Ja aivan oikein, kukkapenkist\u00e4 kapsahti seisaalleen ja karkuun kaksi lammasta, vasta keritty\u00e4 ja kapoista. Aika herttaisen n\u00e4k\u00f6isi\u00e4 otuksia itse asiassa, mutta mutta\u2026 Olivat olleet herkuttelemassa, aivan kuin Lissun omat lemmikkilampaat aikanaan. Niinp\u00e4 se lampaansorkan kopsutus olikin tuttu \u00e4\u00e4ni.<\/p>\n<p><img loading=\"lazy\" decoding=\"async\" class=\"size-medium wp-image-138 alignleft\" src=\"https:\/\/blogit.kreeta.info\/kesamokkikreetalla\/wp-content\/uploads\/sites\/7\/2017\/08\/20170630-1-300x200.jpg\" alt=\"\" width=\"300\" height=\"200\" srcset=\"https:\/\/blogit.kreeta.info\/kesamokkikreetalla\/wp-content\/uploads\/sites\/7\/2017\/08\/20170630-1-300x200.jpg 300w, https:\/\/blogit.kreeta.info\/kesamokkikreetalla\/wp-content\/uploads\/sites\/7\/2017\/08\/20170630-1.jpg 448w\" sizes=\"auto, (max-width: 300px) 100vw, 300px\" \/><\/p>\n<p>Kukkapenkiss\u00e4 oli kasvanut mehikasvia, sellaista juorun n\u00e4k\u00f6ist\u00e4. Se oli kelvannut p\u00e4k\u00e4teille viimeist\u00e4 lehte\u00e4 my\u00f6ten, mutta onneksi juuria ja varsia oli j\u00e4ljell\u00e4. Kyll\u00e4 se kasvi siit\u00e4 toipuu. Toisin kuin ne liljat, joiden nuput iisalmelaisp\u00e4ssit aikanaan s\u00f6iv\u00e4t j\u00e4lkiruoaksi.<\/p>\n<p><img loading=\"lazy\" decoding=\"async\" class=\"alignright wp-image-140 size-medium\" src=\"https:\/\/blogit.kreeta.info\/kesamokkikreetalla\/wp-content\/uploads\/sites\/7\/2017\/08\/20170630-22-300x225.jpg\" alt=\"\" width=\"300\" height=\"225\" srcset=\"https:\/\/blogit.kreeta.info\/kesamokkikreetalla\/wp-content\/uploads\/sites\/7\/2017\/08\/20170630-22-300x225.jpg 300w, https:\/\/blogit.kreeta.info\/kesamokkikreetalla\/wp-content\/uploads\/sites\/7\/2017\/08\/20170630-22.jpg 448w\" sizes=\"auto, (max-width: 300px) 100vw, 300px\" \/><\/p>\n<p>Lampaat meinasivat j\u00e4\u00e4d\u00e4 pihapiiriin, takapihalle harupin eli johanneksenleip\u00e4puun varjoon p\u00f6tk\u00f6ttelem\u00e4\u00e4n, mutta Dafni sai luvan ajaa ne liikkeelle. Tottuneesti paimen-bokseri ajoi lampaat pois pihaltamme ja lopetti k\u00e4skyst\u00e4, niin kuin on tottunut kissojen ja kulkukoirien kanssa toimimaan. T\u00e4ytyy kyll\u00e4 kiitell\u00e4 koirulin hermoa ja tottelevaisuutta, ei ryhtynyt rosvopaistin esivalmisteluihin.<\/p>\n<div id=\"attachment_139\" style=\"width: 310px\" class=\"wp-caption alignleft\"><img loading=\"lazy\" decoding=\"async\" aria-describedby=\"caption-attachment-139\" class=\"size-medium wp-image-139\" src=\"https:\/\/blogit.kreeta.info\/kesamokkikreetalla\/wp-content\/uploads\/sites\/7\/2017\/08\/20170630-19-300x225.jpg\" alt=\"\" width=\"300\" height=\"225\" srcset=\"https:\/\/blogit.kreeta.info\/kesamokkikreetalla\/wp-content\/uploads\/sites\/7\/2017\/08\/20170630-19-300x225.jpg 300w, https:\/\/blogit.kreeta.info\/kesamokkikreetalla\/wp-content\/uploads\/sites\/7\/2017\/08\/20170630-19.jpg 448w\" sizes=\"auto, (max-width: 300px) 100vw, 300px\" \/><p id=\"caption-attachment-139\" class=\"wp-caption-text\">Paimen-bokseri<\/p><\/div>\n<p>Kahden p\u00e4iv\u00e4n kuluttua Dafni alkoi aamusella kuulostella pihalle sen n\u00e4k\u00f6isen\u00e4, ett\u00e4 jotain j\u00e4nn\u00e4\u00e4 siell\u00e4 nyt olisi. Lissu arvasi, ett\u00e4 lampaat ovat palanneet rikospaikalle, ja p\u00e4\u00e4sti Dafnin ovesta, jotta se antaisi em\u00e4nt\u00e4\u00e4 paremmat l\u00e4hd\u00f6t mokomille sy\u00f6p\u00f6ille. Terassille n\u00e4kyi, miten yksi lammas hypp\u00e4si kukkapenkist\u00e4, mutta Dafni pys\u00e4htyi ep\u00e4tietoisena l\u00e4htem\u00e4tt\u00e4 sen per\u00e4\u00e4n.<\/p>\n<p>Lissu kiirehti h\u00e4tiin, ja siell\u00e4, puutarhaletku kaulan ja jalkojen ymp\u00e4ri kiertyneen\u00e4, s\u00e4tki toinen lammas. Onneksi lampaat ovat sellaisia, ett\u00e4 ne rauhoittuvat hyvin \u00e4kki\u00e4, kun niihin tarttuu kiinni. Lauhkeasti el\u00e4in antoi irrottaa itsens\u00e4 ja kaverikin odotti l\u00e4hist\u00f6ll\u00e4, ett\u00e4 itsemurhakandidaatti vapautetaan. Sitten kaksikko p\u00e4kitti taas tiehens\u00e4. Naapurin Pelagia-rouva kertoi soittaneensa lampaiden omistajalle, joka kaiketi paimensi kaksikon takaisin laitumille, koska emme en\u00e4\u00e4 saaneet vieraita.<\/p>\n<p><img loading=\"lazy\" decoding=\"async\" class=\" wp-image-159 aligncenter\" src=\"https:\/\/blogit.kreeta.info\/kesamokkikreetalla\/wp-content\/uploads\/sites\/7\/2017\/09\/lampaat-300x225.jpg\" alt=\"\" width=\"372\" height=\"279\" srcset=\"https:\/\/blogit.kreeta.info\/kesamokkikreetalla\/wp-content\/uploads\/sites\/7\/2017\/09\/lampaat-300x225.jpg 300w, https:\/\/blogit.kreeta.info\/kesamokkikreetalla\/wp-content\/uploads\/sites\/7\/2017\/09\/lampaat.jpg 640w\" sizes=\"auto, (max-width: 372px) 100vw, 372px\" \/><\/p>\n<p><strong>\u00a0<\/strong><strong>Konsertti ja yll\u00e4tyspuhelu<\/strong><\/p>\n<p><strong>\u00a0<\/strong>Hein\u00e4kuussa p\u00e4\u00e4simme kuuntelemaan liven\u00e4 suosikkiyhtyett\u00e4mme, Stratakiksen veljeksi\u00e4. Porukka soittaa perinteist\u00e4 kreetalaista kansanmusiikkia letke\u00e4ll\u00e4 otteella. Eritt\u00e4in tanssittavaa musiikkia, jos vain oppisi askelet. Erinomaisen sytytt\u00e4v\u00e4st\u00e4 lavaenergiasta voi nauttia kyll\u00e4 ihan katselemalla ja kuuntelemallakin, ja my\u00f6s Stratakiksen levyt ovat oikein onnistuneita.<\/p>\n<p><img loading=\"lazy\" decoding=\"async\" class=\"size-medium wp-image-142 alignright\" src=\"https:\/\/blogit.kreeta.info\/kesamokkikreetalla\/wp-content\/uploads\/sites\/7\/2017\/08\/20170718-38-300x200.jpg\" alt=\"\" width=\"300\" height=\"200\" srcset=\"https:\/\/blogit.kreeta.info\/kesamokkikreetalla\/wp-content\/uploads\/sites\/7\/2017\/08\/20170718-38-300x200.jpg 300w, https:\/\/blogit.kreeta.info\/kesamokkikreetalla\/wp-content\/uploads\/sites\/7\/2017\/08\/20170718-38.jpg 448w\" sizes=\"auto, (max-width: 300px) 100vw, 300px\" \/><\/p>\n<p>Veljekset orkestereineen vierailivat pieness\u00e4 tavernassa Monastirakin kyl\u00e4ss\u00e4 vain pari p\u00e4iv\u00e4\u00e4 ennen isompaa Agios Nikolaoksen keikkaa, joten tunnelma oli hyvin intiimi. Vuoren varjossa, yll\u00e4 t\u00e4htikirkas taivas. Yleis\u00f6\u00e4kin oli alle sata henke\u00e4, kun puolilta \u00f6in enn\u00e4timme paikalle, ja pari tuntia my\u00f6hemmin en\u00e4\u00e4 parikymment\u00e4.<\/p>\n<p>Saimme tilaisuuden jutellakin Jorgos Stratakiksen kanssa, kun t\u00e4m\u00e4 tapansa mukaan kierteli tervehtim\u00e4ss\u00e4 yleis\u00f6\u00e4. Yst\u00e4v\u00e4mme Yiannis kertoi meid\u00e4n, suomalaisten, kovasti pit\u00e4v\u00e4n heid\u00e4n musiikistaan. Jorgos Stratakis n\u00e4ytti ilahtuvan, kun kerroimme, ett\u00e4 heid\u00e4n levyns\u00e4 uusinta lukuun ottamatta l\u00f6ytyv\u00e4t hyllyst\u00e4mme Suomessa. Mukavan vaatimattomia ovat kaikki pumpun pojat, vailla t\u00e4hden elkeit\u00e4, vaikka keikkoja ovat tehneet Australiaa my\u00f6ten.<\/p>\n<p>Pari p\u00e4iv\u00e4\u00e4 my\u00f6hemmin Lissu vietti syntt\u00e4rit. Niit\u00e4 juhlimme joukolla suomalaisia ja kreetalaisia yst\u00e4vi\u00e4 ravintola Katerinassa. Yiannis poistui v\u00e4lill\u00e4 p\u00f6yd\u00e4st\u00e4 puhelimeen. Lissu yll\u00e4tettiin t\u00e4ysin, kun Yiannis toi k\u00e4nnyk\u00e4n: \u201dSiell\u00e4 on Jorgos Stratakis, joka haluaa onnitella sinua!\u201d B\u00e4ndi oli parhaillaan harjoittelemassa suurta hyv\u00e4ntekev\u00e4isyyskeikkaa Ateenassa, jonne heid\u00e4t oli ainoana kreetalaisena yhtyeen\u00e4 kutsuttu maailmant\u00e4htien joukkoon. Jorgos toivotti hyv\u00e4\u00e4 syntym\u00e4p\u00e4iv\u00e4\u00e4 ja ett\u00e4 n\u00e4hd\u00e4\u00e4n taas, kun he tulevat Ierapetraan tai l\u00e4hist\u00f6lle. Lissu taisi osata sanoa vain <em>kyll\u00e4<\/em>, <em>hienoa<\/em> ja <em>kiitos<\/em>, niin \u00e4llik\u00e4ll\u00e4 t\u00e4m\u00e4 yll\u00e4tys l\u00f6i.<\/p>\n<p><strong>\u00a0<\/strong><\/p>\n<p><strong>Arkunkansi portinpieless\u00e4<\/strong><\/p>\n<p><strong>\u00a0<\/strong>Hein\u00e4kuussa sattui my\u00f6s ik\u00e4v\u00e4mpi tapaus, kun naapurin mummo kuoli. Olimmekin jo kuulostelleet, ett\u00e4 h\u00e4nen \u00e4\u00e4nt\u00e4\u00e4n, johon Kreetan-vuotemme aikana totuimme, ei viime aikoina ollut kuulunut. Mummo oli ilmeisesti dementoitunut ja huonosti liikkuva, ja h\u00e4nen tytt\u00e4rens\u00e4 huolehti h\u00e4nest\u00e4, ajoittain muutkin sukulaiset, ja viikoittain k\u00e4vi sairaanhoitaja. T\u00e4m\u00e4n kaiken p\u00e4\u00e4ttelimme kuulemamme perusteella.<\/p>\n<p>Vaikka naapuriin on matkaa viitisenkymment\u00e4 metri\u00e4 ja v\u00e4liss\u00e4 oliivimetsikk\u00f6 ja maantie, kuulimme, miten vanhus useita kertoja p\u00e4iv\u00e4ss\u00e4 huusi tyt\u00e4rt\u00e4\u00e4n nimelt\u00e4 ja samalla ilmeisesti hakkasi kepill\u00e4\u00e4n sein\u00e4\u00e4 tai jotain, mist\u00e4 l\u00e4hti kova pauke. Tyt\u00e4r vastasi: \u201d\u00c4iti, olen tulossa. Tulen nyt alakertaan.\u201d Joskus taas \u00e4iti\u00e4 piti maanitella jalkeille tai mihin toimenpiteisiin lie, mutta vanhus vastusti kova\u00e4\u00e4nisesti. \u00c4\u00e4nek\u00e4st\u00e4 oli muunkin hoitohenkil\u00f6kunnan palaveeraus, silloin kun paikalla oli useampi neuvotteluosapuoli. N\u00e4imme mummon vain joskus vilahdukselta puutarhassa, minne h\u00e4net vietiin istuskelemaan varjoon.<\/p>\n<p>Hein\u00e4kuussa sitten talon portille ilmaantui musta arkunkansi. Se on tapana laittaa merkiksi, kun joku kuolee ja j\u00e4rjestet\u00e4\u00e4n ruumiinvalvojaiset. Kadunvarsi t\u00e4yttyi autoista, kun sukua kertyi paikalle. Naapurien rouvat juoksentelivat mustissa mekoissa ja kantoivat ruokia surutaloon. Me hipsimme v\u00e4h\u00e4n noloina rantavarustuksissa ohitse, mutta vanhus oli ajatuksissamme monta p\u00e4iv\u00e4\u00e4. Vaikka emme h\u00e4nt\u00e4 tunteneet, totuimme kuulemaan h\u00e4net, ja sitten h\u00e4n oli poissa.<\/p>\n<p><strong>\u00a0<\/strong><\/p>\n<p><strong>Maanj\u00e4ristys ja toisenlaiset kirkonkellot<\/strong><\/p>\n<p><strong>\u00a0<\/strong>Kosilla sattui hein\u00e4kuussa vakava maanj\u00e4ristys. Meill\u00e4 tuntui niit\u00e4 tavanomaisia 4 \u2013 5 magnitudin j\u00e4ristyksi\u00e4, taikka Richterein\u00e4 niist\u00e4 Kreetalla puhutaan. Luvut taitavat olla melkein samat molemmilla asteikoilla. Kolmosen j\u00e4ristyst\u00e4 ei v\u00e4ltt\u00e4m\u00e4tt\u00e4 huomaa, eik\u00e4 nelonenkaan tunnu, jos on vaikka itse liikkeell\u00e4.<\/p>\n<p>Satuimme viett\u00e4m\u00e4\u00e4n iltaa yst\u00e4vien luona hein\u00e4kuun 16. p\u00e4iv\u00e4n\u00e4, kun meren pohjan alla, 10 km syvyydess\u00e4, j\u00e4r\u00e4hti. Kreetan ja Afrikan v\u00e4lill\u00e4 kulkee mannerlaattojen reuna, joka j\u00e4ristelee hiukkasen yht\u00e4 mittaa. Olimme Mirtoksessa, josta j\u00e4ristyskeskukseen oli vain kymmenkunta kilometri\u00e4.<\/p>\n<div id=\"attachment_143\" style=\"width: 310px\" class=\"wp-caption alignright\"><img loading=\"lazy\" decoding=\"async\" aria-describedby=\"caption-attachment-143\" class=\"wp-image-143 size-medium\" src=\"https:\/\/blogit.kreeta.info\/kesamokkikreetalla\/wp-content\/uploads\/sites\/7\/2017\/08\/IMG_0040-300x200.jpg\" alt=\"\" width=\"300\" height=\"200\" srcset=\"https:\/\/blogit.kreeta.info\/kesamokkikreetalla\/wp-content\/uploads\/sites\/7\/2017\/08\/IMG_0040-300x200.jpg 300w, https:\/\/blogit.kreeta.info\/kesamokkikreetalla\/wp-content\/uploads\/sites\/7\/2017\/08\/IMG_0040.jpg 448w\" sizes=\"auto, (max-width: 300px) 100vw, 300px\" \/><p id=\"caption-attachment-143\" class=\"wp-caption-text\">Mirtos ei k\u00e4rsinyt vaurioita j\u00e4ristyksess\u00e4. Kuva rantakadulta<\/p><\/div>\n<p>Talo t\u00e4r\u00e4hti tuntuvasti, sill\u00e4 j\u00e4ristyksen Richterit olivat per\u00e4ti 5,4. J\u00e4lkij\u00e4ristyst\u00e4 ei tarvinnut kauan odottaa, joten kappasimme kainaloon k\u00e4nnyk\u00e4t ja k\u00e4silaukut ja painelimme kadulle. Naapuritkin ilmaantuivat katselemaan ymp\u00e4rilleen, oliko mit\u00e4\u00e4n isompaa sattunut.<\/p>\n<p>Tuomiop\u00e4iv\u00e4n tunnelmaa lietsoi viereinen kirkko, jonka murtoh\u00e4lytin alkoi ujeltaa ensimm\u00e4isest\u00e4 t\u00e4r\u00e4yksest\u00e4: varmaan ovet tai ikkunat, joissa h\u00e4lyttimen anturit sijaitsivat, liikahtivat sen verran, ett\u00e4 h\u00e4lytys laukesi. Mit\u00e4\u00e4n vaurioita ei kuitenkaan raportoitu, ja Mirtoksen meneill\u00e4\u00e4n olevat tangojuhlat jatkuivat musiikista p\u00e4\u00e4tellen edelleen. Niin mekin jatkoimme ateriointia, vaikka aistit valppaina. J\u00e4lkij\u00e4ristyksi\u00e4 tuli aika monta seuraavan tunnin aikana.<\/p>\n<p>&nbsp;<\/p>\n<p><strong>Piknikki horafilla<\/strong><\/p>\n<p><strong>\u00a0<\/strong>Milt\u00e4 kuulostaa piknikki vuorella, oliivitarhassa auringon laskun aikaan? Tartuimme oitis kutsuun, kun iso-Lissu ja Jorgos sen esittiv\u00e4t. Varustauduimme ev\u00e4in ja kipusimme Jorgoksen ja Liisan oliivitarhalle, mist\u00e4 on n\u00e4kym\u00e4 kohti Ierapetraa. Jorgos kasteli kasvitarhansa, horafin, ja me tarkastimme omat nimikko-oliivipuumme, jotka saimme viime kes\u00e4n\u00e4. Toiseen on tulossa hyv\u00e4 sato, siit\u00e4 pit\u00e4\u00e4 kinastella, kumman puu se on.<\/p>\n<p>Katoimme ev\u00e4sp\u00f6yd\u00e4n ennen pime\u00e4n tuloa ja asettelimme aurinkokennovalot puiden oksille. Sitten asetuimme odottamaan ja jutustelemaan. Jyk\u00e4 yll\u00e4tti kaivamalla esiin pullon kreetalaista kuohuviini\u00e4, ja kippistimme Lissuille, joilla on juhlavuosi kummallakin. Kuohari on muuten oikein kiva, sit\u00e4 saa tilaamalla Suomen Alkoonkin: Lyrarakisin Zazazu, Kreetalla n. 7 euroa pullo.<\/p>\n<p>T\u00e4hdet alkoivat sytty\u00e4 taivaalle, mutta me olimme katsomassa toisenlaista valo-showta: Ierapetra nousi syvenev\u00e4st\u00e4 pimeydest\u00e4 kuin jalokivirasia. L\u00e4mpim\u00e4ss\u00e4 illassa kymmenen kilometrin p\u00e4\u00e4ss\u00e4 olevan kaupungin valot v\u00e4reiliv\u00e4t ja tanssivat. Muutama kalastaja-alus n\u00e4kyi erkanevan merelle pienin\u00e4 valopistein\u00e4. Kaukaisen vuoren sein\u00e4m\u00e4ll\u00e4 yksin\u00e4inen auto ajeli kiiltomatona tuikkien.<\/p>\n<div id=\"attachment_141\" style=\"width: 310px\" class=\"wp-caption alignleft\"><img loading=\"lazy\" decoding=\"async\" aria-describedby=\"caption-attachment-141\" class=\"wp-image-141 size-medium\" src=\"https:\/\/blogit.kreeta.info\/kesamokkikreetalla\/wp-content\/uploads\/sites\/7\/2017\/08\/20170716-13-300x200.jpg\" alt=\"\" width=\"300\" height=\"200\" srcset=\"https:\/\/blogit.kreeta.info\/kesamokkikreetalla\/wp-content\/uploads\/sites\/7\/2017\/08\/20170716-13-300x200.jpg 300w, https:\/\/blogit.kreeta.info\/kesamokkikreetalla\/wp-content\/uploads\/sites\/7\/2017\/08\/20170716-13.jpg 448w\" sizes=\"auto, (max-width: 300px) 100vw, 300px\" \/><p id=\"caption-attachment-141\" class=\"wp-caption-text\">Auringon viime s\u00e4teet Ierapetran yll\u00e4<\/p><\/div>\n<p>P\u00f6ll\u00f6t huhuilivat ja sirkat sirittiv\u00e4t. Miss\u00e4 v\u00e4liss\u00e4 kaskaat olivat vaienneet ja sirkat ottaneet niiden paikan? Sit\u00e4 hetke\u00e4 ei ikin\u00e4 huomaa, jossain vaiheessa vain havaitsee, ett\u00e4 orkesteri on vaihtunut. Lepakoiden kime\u00e4 kitin\u00e4 kuului milloin tuolta, milloin t\u00e4\u00e4lt\u00e4. Valomme houkuttelivat varmaan niille saaliiksi sopivia hy\u00f6nteisi\u00e4.<\/p>\n<p>Jossain vaiheessa pikku-Lissu alkoi tunnustella, mik\u00e4 s\u00e4\u00e4ri\u00e4 aina silloin t\u00e4ll\u00f6in hivelee. Itikoita ei vuorella tuntunut olevan, toisin kuin alhaalla, miss\u00e4 illalla sai jalkansa hyvinkin huolella kuppautettua, jos unohti laittaa hyttyskarkotetta. T\u00e4ydellisess\u00e4 umpipilkkopime\u00e4ss\u00e4 ei yht\u00e4\u00e4n n\u00e4hnyt, mik\u00e4 hy\u00f6nteinen s\u00e4\u00e4rt\u00e4 hipoili.<\/p>\n<p>Kirjoittaja my\u00f6nt\u00e4\u00e4 itselleen kunniamerkin ja \u2013maininnan, ett\u00e4 ei huutanut juurikaan ollenkaan, kun otti taskulampun ja katsoi, mik\u00e4 saattaisi olla rauhanh\u00e4iritsij\u00e4. P\u00f6yd\u00e4n alla marssi tuhat mustaa muurahaista, tai sitten kymmenentuhatta, sadoista ei voi puhua. Olimme kirjaimellisesti muurahaispes\u00e4ss\u00e4.<\/p>\n<p>Maassa olevista pikku rei\u2019ist\u00e4, jotka p\u00e4iv\u00e4nvalossa olivat vain tyhji\u00e4 reiki\u00e4, virtasi murkkuarmeija sis\u00e4\u00e4n ja ulos. Luonnollisesti reitill\u00e4 oleville esteille kiivettiin, kuten jaloille. Onneksi n\u00e4m\u00e4k\u00e4\u00e4n \u00f6tti\u00e4iset eiv\u00e4t olleet yht\u00e4 hanakoita puremaan kuin suomalaisserkut, joten hipeltely j\u00e4i ainoaksi harmiksi. Sama on tullut todettua ampiaisten kohdalla, eiv\u00e4t ole aggressiivisia. Joka tapauksessa p\u00e4\u00e4ttelimme, ett\u00e4 piknikki on ohitse. Purimme leirin ja kopistelimme huolellisesti kaikki pakkaukset, jotta murkut eiv\u00e4t eksyisi liian kauas kodostaan. Hieno ilta kuitenkin!<\/p>\n<p><strong>\u00a0<\/strong><\/p>\n<p><strong>Tulipalo Koutsounarissa<\/strong><\/p>\n<p>Suomenkin uutiset raportoivat Etel\u00e4-Euroopassa, my\u00f6s Kreikassa, riehuvista mets\u00e4paloista. Pari paloa oli Kreetallakin, onneksi ei pahoja: ihmishenki\u00e4 ei ole menetetty. Varautua niihin silti pit\u00e4\u00e4. Olemme monia kertoja k\u00e4yneet ulkona kiertelem\u00e4ss\u00e4 ja nuuskimassa ilmaa, kun jostakin on tullut savun hajua, ettei vaan olisi maastopalo. Yleens\u00e4 haju tulee jonkun grillist\u00e4 tai talvella risunuotiosta, mutta hyv\u00e4 on varmistua asiasta.<\/p>\n<p>Sin\u00e4 y\u00f6n\u00e4, kun parinsadan metrin p\u00e4\u00e4ss\u00e4 meilt\u00e4 paloi, olimme kuitenkin umpiunessa. Emme tienneet edes, ett\u00e4 palokunta oli sammuttamassa y\u00f6ss\u00e4 roihuavia liekkej\u00e4 aivan l\u00e4hist\u00f6ll\u00e4. Kova tuuli vonkui naapuritalon antennissa ja l\u00e4mp\u00f6tila putosi 24 asteeseen, joten suljimme y\u00f6ksi kaikki ikkunat. Ei siis ihme, ett\u00e4 mahdollinen paloauton sireeni j\u00e4i kuulematta.<\/p>\n<p><img loading=\"lazy\" decoding=\"async\" class=\"size-medium wp-image-150 alignleft\" src=\"https:\/\/blogit.kreeta.info\/kesamokkikreetalla\/wp-content\/uploads\/sites\/7\/2017\/08\/IMG_0011-300x200.jpg\" alt=\"\" width=\"300\" height=\"200\" srcset=\"https:\/\/blogit.kreeta.info\/kesamokkikreetalla\/wp-content\/uploads\/sites\/7\/2017\/08\/IMG_0011-300x200.jpg 300w, https:\/\/blogit.kreeta.info\/kesamokkikreetalla\/wp-content\/uploads\/sites\/7\/2017\/08\/IMG_0011.jpg 448w\" sizes=\"auto, (max-width: 300px) 100vw, 300px\" \/><\/p>\n<p>Jyk\u00e4 k\u00e4ytti Dafnia aamulenkill\u00e4, jolloin Asteria-tavernan is\u00e4nt\u00e4 Jannis n\u00e4ytti h\u00e4nelle palon j\u00e4ljet. Jannis kertoi palomiesten tulkinneen, ett\u00e4 tuli oli l\u00e4htenyt autosta heitetyst\u00e4 tupakasta. Kova tuuli lietsoi liekit levi\u00e4m\u00e4\u00e4n molemmin puolin tiet\u00e4, ja ne olivat nuolleet rakennusten kulmia, mutta vain yksi parkissa ollut auto vaurioitui. Onneksi tuuli puhalsi poisp\u00e4in meilt\u00e4, sill\u00e4 tulella olisi ollut suora reitti talollemme pitkin pusikoita ja oliivitarhoja.<\/p>\n<p>&nbsp;<\/p>\n<p><strong>Volvolla Kreetan katolle<\/strong><\/p>\n<p><strong>\u00a0<\/strong>Edellinen autoreissumme Kreetalle tehtiin Alfa Romeo MiTolla, joka pienikokoisena sopii oikein hyvin olosuhteisiin. Maavaraltaan se on kuitenkin tosi matala, joten ihan mihin vaan sill\u00e4 ei voinut ajella. Ahtaista kujista sill\u00e4 kuitenkin selvittiin mainiosti. Silloin tuli laskettua leikki\u00e4, ett\u00e4 olisipa kiva ajaa meid\u00e4n Volvolla t\u00e4\u00e4ll\u00e4\u2026<\/p>\n<p>Niin vain farmari-Volvo V70 Kreetalle p\u00e4\u00e4tyi, sill\u00e4 matkalla halki Euroopan on halvempaa kuljettaa tavarat henkil\u00f6auton sis\u00e4ll\u00e4 kuin maksaa laivapiletit per\u00e4k\u00e4rrylle. Onneksi Jyk\u00e4ll\u00e4 on sek\u00e4 taitoa ett\u00e4 hermoja sompailla vaikkapa Mirtoksen l\u00e4pi viev\u00e4\u00e4 yhden auton levyist\u00e4 mutta kaksisuuntaista tienp\u00e4tk\u00e4\u00e4. Siin\u00e4 k\u00e4yd\u00e4\u00e4n usein tahtojen taistelua, kun kaksi kuljettajaa haluaa p\u00e4\u00e4st\u00e4 eri suuntiin ja autonnokat kohtaavat p\u00e4tk\u00e4n keskivaiheilla. Lissu suostui Volvon rattiin vain isoimmilla maanteill\u00e4.<\/p>\n<p><img loading=\"lazy\" decoding=\"async\" class=\"size-medium wp-image-147 alignleft\" src=\"https:\/\/blogit.kreeta.info\/kesamokkikreetalla\/wp-content\/uploads\/sites\/7\/2017\/08\/IMG_0058-300x200.jpg\" alt=\"\" width=\"300\" height=\"200\" srcset=\"https:\/\/blogit.kreeta.info\/kesamokkikreetalla\/wp-content\/uploads\/sites\/7\/2017\/08\/IMG_0058-300x200.jpg 300w, https:\/\/blogit.kreeta.info\/kesamokkikreetalla\/wp-content\/uploads\/sites\/7\/2017\/08\/IMG_0058.jpg 448w\" sizes=\"auto, (max-width: 300px) 100vw, 300px\" \/><\/p>\n<p>Elokuun ensimm\u00e4isell\u00e4 viikolla meill\u00e4 oli vieraita Suomesta. Keksimme l\u00e4hte\u00e4 n\u00e4ytt\u00e4m\u00e4\u00e4n maisemia yl\u00e4vintikasta. Dikti-vuoriston jaluskukkuloilla kohoaa Anatolin kyl\u00e4n yl\u00e4puolelle 900 metri\u00e4 korkea huippu, jossa pime\u00e4ll\u00e4 hohtelee valaistu risti. Siell\u00e4 on my\u00f6s pieni Pyh\u00e4n ristin eli Timios Stavroksen kirkko. Sen edustalta n\u00e4kyv\u00e4t molemmat Kreetaa ymp\u00e4r\u00f6iv\u00e4t meret, Kreetan ja Libyan meri. Samaa V\u00e4limertahan ne tietysti kuitenkin ovat.<\/p>\n<p>Yl\u00f6s viev\u00e4 soratie oli viel\u00e4 heikommassa kunnossa kuin edellisell\u00e4 k\u00e4ynnill\u00e4 kahta vuotta aiemmin. Sateinen talvi oli kaivanut tiehen syvi\u00e4 orkosia. Apukuskin piti pari kertaa nousta potkimaan pois tielt\u00e4 melkoisia kivenmurikoita.<\/p>\n<div id=\"attachment_145\" style=\"width: 210px\" class=\"wp-caption alignright\"><img loading=\"lazy\" decoding=\"async\" aria-describedby=\"caption-attachment-145\" class=\"wp-image-145 size-medium\" src=\"https:\/\/blogit.kreeta.info\/kesamokkikreetalla\/wp-content\/uploads\/sites\/7\/2017\/08\/IMG_0055-e1504021649806-200x300.jpg\" alt=\"\" width=\"200\" height=\"300\" srcset=\"https:\/\/blogit.kreeta.info\/kesamokkikreetalla\/wp-content\/uploads\/sites\/7\/2017\/08\/IMG_0055-e1504021649806-200x300.jpg 200w, https:\/\/blogit.kreeta.info\/kesamokkikreetalla\/wp-content\/uploads\/sites\/7\/2017\/08\/IMG_0055-e1504021649806.jpg 299w\" sizes=\"auto, (max-width: 200px) 100vw, 200px\" \/><p id=\"caption-attachment-145\" class=\"wp-caption-text\">Jyk\u00e4 yli 900 metrin korkeudessa<\/p><\/div>\n<p><img loading=\"lazy\" decoding=\"async\" class=\"size-medium wp-image-146 alignleft\" src=\"https:\/\/blogit.kreeta.info\/kesamokkikreetalla\/wp-content\/uploads\/sites\/7\/2017\/08\/IMG_0056-300x200.jpg\" alt=\"\" width=\"300\" height=\"200\" srcset=\"https:\/\/blogit.kreeta.info\/kesamokkikreetalla\/wp-content\/uploads\/sites\/7\/2017\/08\/IMG_0056-300x200.jpg 300w, https:\/\/blogit.kreeta.info\/kesamokkikreetalla\/wp-content\/uploads\/sites\/7\/2017\/08\/IMG_0056.jpg 448w\" sizes=\"auto, (max-width: 300px) 100vw, 300px\" \/>Volvo saatiin ehj\u00e4n\u00e4 yl\u00f6s kirkolle, samoin kyytil\u00e4iset. Viimeinen nousu on huima, kapea betonikieleke jyrk\u00e4nteen reunalla. Auto sopi jopa k\u00e4\u00e4ntym\u00e4\u00e4n kirkon pihassa, vaikka sit\u00e4kin Lissu jo ehti pel\u00e4t\u00e4. Ja jos nousu oli jyrkkyydess\u00e4\u00e4n pelottava, niin ent\u00e4p\u00e4 kirkolta laskeutuminen sitten: tiess\u00e4 on ennen jyrkk\u00e4\u00e4 alam\u00e4ke\u00e4 kupru, jonka takaa n\u00e4kyy vain taivasta, ei jatkoa tielle ollenkaan. Siit\u00e4 on selvitty MiTollakin, mik\u00e4 ettei Volvolla, turvallisesti takapenkill\u00e4\u2026 silm\u00e4t kiinni. N\u00e4k\u00f6alat ristilt\u00e4 ovat aivan upeat. Niiden vuoksi sinne kannattaa tehd\u00e4 pieni pyhiinvaellus, mutta mielell\u00e4\u00e4n paikallisoppaan kanssa. Oikean tien l\u00f6yt\u00e4minen ei ole ihan helppoa ja kuten sanottu, reitti on haastava niin kuskille kuin kulkupelille.<\/p>\n<p><strong>\u00a0<img loading=\"lazy\" decoding=\"async\" class=\"size-medium wp-image-148 alignleft\" src=\"https:\/\/blogit.kreeta.info\/kesamokkikreetalla\/wp-content\/uploads\/sites\/7\/2017\/08\/IMG_0059-300x200.jpg\" alt=\"\" width=\"300\" height=\"200\" srcset=\"https:\/\/blogit.kreeta.info\/kesamokkikreetalla\/wp-content\/uploads\/sites\/7\/2017\/08\/IMG_0059-300x200.jpg 300w, https:\/\/blogit.kreeta.info\/kesamokkikreetalla\/wp-content\/uploads\/sites\/7\/2017\/08\/IMG_0059.jpg 448w\" sizes=\"auto, (max-width: 300px) 100vw, 300px\" \/><\/strong><\/p>\n<p><strong>Oma maa m\u2026<\/strong><\/p>\n<p>Lomalta kuuluu palata t\u00f6ihin virke\u00e4n\u00e4 ja lev\u00e4nneen\u00e4. Ensimm\u00e4ist\u00e4 ty\u00f6p\u00e4iv\u00e4\u00e4 edelt\u00e4v\u00e4n\u00e4 aamuna Lissu ja suomalaisvieraat her\u00e4siv\u00e4t kello nelj\u00e4, hypp\u00e4siv\u00e4t autoon kello viisi ja lenn\u00e4htiv\u00e4t Iraklionista Ateenaan kello kahdeksasta yhdeks\u00e4\u00e4n. Ateenan lentokent\u00e4ll\u00e4 kulutettiin keng\u00e4npohjia yhteen saakka, sitten l\u00e4hti Helsingin-kone.<\/p>\n<p>Viiden maissa p\u00e4\u00e4stiin kotimaan kamaralle, kun lentokone ensin survoutui l\u00e4pi Suomea kuorruttavan harmaan peiton. Matkalaukut odotuttivat melkein tunnin. Sitten oli viel\u00e4 edess\u00e4 automatka Savoon.<\/p>\n<p>Pilvinen ja vesisateinen s\u00e4\u00e4 ja tyhj\u00e4, kolea talo olivat vastassa matkasta ryytynytt\u00e4 em\u00e4nt\u00e4\u00e4. Onneksi j\u00e4lkikasvu oli sent\u00e4\u00e4n laittanut vedenl\u00e4mmityksen p\u00e4\u00e4lle, niin ett\u00e4 matkan p\u00f6lyt sai pest\u00e4 pois.<\/p>\n<p>Pikku hiljaa matkav\u00e4symys karisi ja ty\u00f6hyrr\u00e4 py\u00f6r\u00e4hti kunnolla vauhtiin. Cara-koira palasi kotiin ja lapset tulivat joukolla visiitille. Suomeenkin tuli lopulta elokuussa kes\u00e4, ja ihmiset jaksoivat hymyill\u00e4. Mets\u00e4marjat ovat pid\u00e4telleet itse\u00e4\u00e4n, niin ett\u00e4 Lissukin ehti apajille. Mutta oma maa <em>mustikka<\/em> kuitenkin! Syyslomaliput on jo buukattu\u2026<\/p>\n<p>Terveisin Kreetalta Jyrki, Suomesta Lissu<\/p>\n","protected":false},"excerpt":{"rendered":"<p>Elokuun ensimm\u00e4isell\u00e4 viikolla Lissu palasi Suomeen viimeisen\u00e4 lomap\u00e4iv\u00e4n\u00e4\u00e4n. Aamuseitsem\u00e4lt\u00e4, vaaleanpunaisessa h\u00e4myss\u00e4 kylpev\u00e4ll\u00e4 Iraklionin kent\u00e4ll\u00e4, heitettiin hyv\u00e4stit, ja Lissu l\u00e4hti kohti koti-Suomea. Jyk\u00e4 ja Dafni palasivat ehti\u00e4kseen aamu-uinnille Kreetan kotirannalle. Perhe puolitettiin taas kahdeksi ja&#46;&#46;&#46;<\/p>\n","protected":false},"author":4,"featured_media":136,"comment_status":"closed","ping_status":"closed","sticky":false,"template":"","format":"standard","meta":{"_acf_changed":false,"footnotes":""},"categories":[1],"tags":[],"class_list":["post-132","post","type-post","status-publish","format-standard","has-post-thumbnail","hentry","category-yleinen"],"acf":[],"_links":{"self":[{"href":"https:\/\/blogit.kreeta.info\/kesamokkikreetalla\/wp-json\/wp\/v2\/posts\/132","targetHints":{"allow":["GET"]}}],"collection":[{"href":"https:\/\/blogit.kreeta.info\/kesamokkikreetalla\/wp-json\/wp\/v2\/posts"}],"about":[{"href":"https:\/\/blogit.kreeta.info\/kesamokkikreetalla\/wp-json\/wp\/v2\/types\/post"}],"author":[{"embeddable":true,"href":"https:\/\/blogit.kreeta.info\/kesamokkikreetalla\/wp-json\/wp\/v2\/users\/4"}],"replies":[{"embeddable":true,"href":"https:\/\/blogit.kreeta.info\/kesamokkikreetalla\/wp-json\/wp\/v2\/comments?post=132"}],"version-history":[{"count":13,"href":"https:\/\/blogit.kreeta.info\/kesamokkikreetalla\/wp-json\/wp\/v2\/posts\/132\/revisions"}],"predecessor-version":[{"id":164,"href":"https:\/\/blogit.kreeta.info\/kesamokkikreetalla\/wp-json\/wp\/v2\/posts\/132\/revisions\/164"}],"wp:featuredmedia":[{"embeddable":true,"href":"https:\/\/blogit.kreeta.info\/kesamokkikreetalla\/wp-json\/wp\/v2\/media\/136"}],"wp:attachment":[{"href":"https:\/\/blogit.kreeta.info\/kesamokkikreetalla\/wp-json\/wp\/v2\/media?parent=132"}],"wp:term":[{"taxonomy":"category","embeddable":true,"href":"https:\/\/blogit.kreeta.info\/kesamokkikreetalla\/wp-json\/wp\/v2\/categories?post=132"},{"taxonomy":"post_tag","embeddable":true,"href":"https:\/\/blogit.kreeta.info\/kesamokkikreetalla\/wp-json\/wp\/v2\/tags?post=132"}],"curies":[{"name":"wp","href":"https:\/\/api.w.org\/{rel}","templated":true}]}}