{"id":14,"date":"2017-04-25T22:02:17","date_gmt":"2017-04-25T19:02:17","guid":{"rendered":"https:\/\/blogit.kreeta.info\/kesamokkikreetalla\/?p=14"},"modified":"2024-01-10T10:19:22","modified_gmt":"2024-01-10T08:19:22","slug":"kesakoti-kreetalla","status":"publish","type":"post","link":"https:\/\/blogit.kreeta.info\/kesamokkikreetalla\/2017\/04\/25\/kesakoti-kreetalla\/","title":{"rendered":"Kes\u00e4koti Kreetalla"},"content":{"rendered":"<p>Edellinen blogimme, Vuosi Kreetalla, kertoi vapaavuodesta, jolloin asuimme Kreetalla 14 kuukautta yhteen menoon. Niinh\u00e4n siin\u00e4 k\u00e4vi, ett\u00e4 enn\u00e4timme kasvattaa juuret saaren karuun maaper\u00e4\u00e4n. Oli vaikea l\u00e4hte\u00e4. L\u00e4\u00e4kkeet piti etsi\u00e4: p\u00e4\u00e4timme jatkaa Kreetan-kotimme vuokrasopimusta vuodella ja viett\u00e4\u00e4 ainakin syys- ja joululoman yst\u00e4viemme seurassa rakkaalla saarella.<\/p>\n<p>Blogia oli mukava kirjoittaa ja palaute oli positiivista, joten t\u00e4ss\u00e4 tulee jatkoa. Satunnaisia p\u00e4ivityksi\u00e4 on siis luvassa. Aiheina entiseen tapaa kaikenlainen ihmettely, sill\u00e4 kaukana kotoa ihmetytt\u00e4\u00e4 paitsi kaikki uusi ja vieras, my\u00f6s entist\u00e4 useammin kotimaan kummat jutut ja tavat.<\/p>\n<p>Hienoista matkakohteista ja n\u00e4kemisen arvoisista paikoista tulee varmaan my\u00f6s kirjoitettua. Matkaa taitamme mieluusti moottoripy\u00f6r\u00e4ll\u00e4. Kreeta on kaksipy\u00f6r\u00e4isell\u00e4 ajavalle paratiisi, koska mutkaisia m\u00e4kiteit\u00e4 riitt\u00e4\u00e4 eik\u00e4 pys\u00e4htymispaikoista tule ikin\u00e4 pulaa.<\/p>\n<h3>Jyrki ja Dafni ajoivat kuusi p\u00e4iv\u00e4\u00e4 halki Euroopan<\/h3>\n<div id=\"attachment_16\" style=\"width: 310px\" class=\"wp-caption alignnone\"><img loading=\"lazy\" decoding=\"async\" aria-describedby=\"caption-attachment-16\" class=\"size-medium wp-image-16\" src=\"https:\/\/blogit.kreeta.info\/kesamokkikreetalla\/wp-content\/uploads\/sites\/7\/2017\/04\/20170401-2-300x225.jpg\" alt=\"\" width=\"300\" height=\"225\" \/><p id=\"caption-attachment-16\" class=\"wp-caption-text\">Kartanlukija<\/p><\/div>\n<p>Niinp\u00e4 Dafni-bokseri sai vallata Volvon etupenkin, kun is\u00e4nt\u00e4 nosti kytkint\u00e4 aprillip\u00e4iv\u00e4n aamuna. L\u00e4ht\u00f6aika valittiin sill\u00e4 perusteella, ett\u00e4 huhtikuussa pit\u00e4isi matkaan p\u00e4\u00e4st\u00e4 jo kes\u00e4renkailla. Puoli vuotta saisi sitten auton puolesta olla Kreikassa ilman rekister\u00f6inti\u00e4.T\u00e4m\u00e4nkertainen seikkailu alkakoon kuitenkin r\u00e4nt\u00e4sateisesta Savosta. Is\u00e4nt\u00e4 puolustaa maata nyky\u00e4\u00e4n reservist\u00e4 k\u00e4sin, joten h\u00e4n on vapaa matkustamaan v\u00e4h\u00e4n kauemmaskin. Em\u00e4nt\u00e4 joutuu viel\u00e4 pakertamaan p\u00e4iv\u00e4t\u00f6iss\u00e4.<\/p>\n<p>Ensiksi j\u00e4nnitettiin Suomen s\u00e4\u00e4t\u00e4. Maaliskuun lopulla n\u00e4ytti jo hyv\u00e4lt\u00e4, mutta juuri pari p\u00e4iv\u00e4\u00e4 ennen l\u00e4ht\u00f6\u00e4 satoi Savoon kunnon kerros lunta.<\/p>\n<div id=\"attachment_33\" style=\"width: 310px\" class=\"wp-caption alignleft\"><img loading=\"lazy\" decoding=\"async\" aria-describedby=\"caption-attachment-33\" class=\"size-medium wp-image-33\" src=\"https:\/\/blogit.kreeta.info\/kesamokkikreetalla\/wp-content\/uploads\/sites\/7\/2017\/04\/Lunta-300x225.jpg\" alt=\"\" width=\"300\" height=\"225\" \/><p id=\"caption-attachment-33\" class=\"wp-caption-text\">Kes\u00e4renkaillako?<\/p><\/div>\n<p>&nbsp;<\/p>\n<div id=\"attachment_15\" style=\"width: 354px\" class=\"wp-caption alignright\"><img loading=\"lazy\" decoding=\"async\" aria-describedby=\"caption-attachment-15\" class=\" wp-image-15\" src=\"https:\/\/blogit.kreeta.info\/kesamokkikreetalla\/wp-content\/uploads\/sites\/7\/2017\/04\/20170401-1-300x225.jpg\" alt=\"\" width=\"344\" height=\"258\" \/><p id=\"caption-attachment-15\" class=\"wp-caption-text\">50 km ennen Helsinki\u00e4 +0 C ja lumisadetta<\/p><\/div>\n<p>&nbsp;<\/p>\n<p>&nbsp;<\/p>\n<p>&nbsp;<\/p>\n<p>&nbsp;<\/p>\n<p>&nbsp;<\/p>\n<p>&nbsp;<\/p>\n<p>&nbsp;<\/p>\n<p>&nbsp;<\/p>\n<p>S\u00e4\u00e4tiedotus lupasi lumen sulavan, mutta tulossa oli saman tien lis\u00e4\u00e4 ja ihan koko maahan. Kuin tilauksesta s\u00e4\u00e4rintamien v\u00e4liin j\u00e4i lauantaiaamuna aukko, jossa Jyk\u00e4 ajoi turvallisesti Helsinkiin. Tunti ennen satamaan saapumista alkoi sataa r\u00e4nt\u00e4\u00e4, mutta vesikelin kes\u00e4renkaat pitiv\u00e4t hyvin. Viron-lautta vei kaksikon matkalle Euroopan \u00e4\u00e4riin.<\/p>\n<p>&nbsp;<\/p>\n<p>&nbsp;<\/p>\n<div id=\"attachment_17\" style=\"width: 216px\" class=\"wp-caption alignright\"><img loading=\"lazy\" decoding=\"async\" aria-describedby=\"caption-attachment-17\" class=\" wp-image-17\" src=\"https:\/\/blogit.kreeta.info\/kesamokkikreetalla\/wp-content\/uploads\/sites\/7\/2017\/04\/20170401-3-300x200.jpg\" alt=\"\" width=\"206\" height=\"137\" \/><p id=\"caption-attachment-17\" class=\"wp-caption-text\">P\u00e4rnu, &#8221;Jahtklubi, Kylalistemaja&#8221;<\/p><\/div>\n<p>&nbsp;<\/p>\n<p>Matkaetappeja olivat Viron P\u00e4rnu, Puolassa Wyzskow ja It\u00e4vallassa Herrnbaumgarten. N\u00e4iss\u00e4 paikoissa odottivat netist\u00e4 varatut ja etuk\u00e4teen maksetut hotellihuoneet.<\/p>\n<p>&nbsp;<\/p>\n<p>&nbsp;<\/p>\n<div id=\"attachment_19\" style=\"width: 211px\" class=\"wp-caption alignleft\"><img loading=\"lazy\" decoding=\"async\" aria-describedby=\"caption-attachment-19\" class=\" wp-image-19\" src=\"https:\/\/blogit.kreeta.info\/kesamokkikreetalla\/wp-content\/uploads\/sites\/7\/2017\/04\/20170402-3-300x225.jpg\" alt=\"\" width=\"201\" height=\"151\" \/><p id=\"caption-attachment-19\" class=\"wp-caption-text\">Puola. Wyszkow, &#8221;Lesny Dworek&#8221;-hotelli<\/p><\/div>\n<p>Puolassa Lesny Dworek-hotellissa ja ja It\u00e4vallassa Landhaus zum Siebensc\u00e4feriss\u00e4 mies ja koira olivat pienten majatalojen ainoita asukkaita.<\/p>\n<p>&nbsp;<\/p>\n<div id=\"attachment_20\" style=\"width: 217px\" class=\"wp-caption alignright\"><img loading=\"lazy\" decoding=\"async\" aria-describedby=\"caption-attachment-20\" class=\" wp-image-20\" src=\"https:\/\/blogit.kreeta.info\/kesamokkikreetalla\/wp-content\/uploads\/sites\/7\/2017\/04\/20170404-2-300x225.jpg\" alt=\"\" width=\"207\" height=\"155\" \/><p id=\"caption-attachment-20\" class=\"wp-caption-text\">It\u00e4valta. Herrbaumgarten, &#8221;Landhaus zum Siebenscl\u00e4fer&#8221;<\/p><\/div>\n<p>Herrnbaumgartenissa itse asiassa koko talo odotti vieraita yksin\u00e4\u00e4n: s\u00e4hk\u00f6postissa<br \/>\noli viesti, ett\u00e4 talon omistaja on muualla, mutta huoneen avain l\u00f6ytyy kukkaruukun alta, ja aamupalaa tullaan tarjoilemaan.<\/p>\n<p>It\u00e4vallasta matka jatkui Italiaan ja Venetsiassa ajettiin laivaan. Laivaa odotellessa tutustuttiin l\u00e4heiseen Malcontentan-kyl\u00e4\u00e4n, joka oli kuin Venetsia pienoiskoossa. Kanavat ja kaikki.<\/p>\n<div id=\"attachment_21\" style=\"width: 176px\" class=\"wp-caption alignleft\"><img loading=\"lazy\" decoding=\"async\" aria-describedby=\"caption-attachment-21\" class=\" wp-image-21\" src=\"https:\/\/blogit.kreeta.info\/kesamokkikreetalla\/wp-content\/uploads\/sites\/7\/2017\/04\/20170404-3-e1493145575752-225x300.jpg\" alt=\"\" width=\"166\" height=\"221\" \/><p id=\"caption-attachment-21\" class=\"wp-caption-text\">Tauko, It\u00e4vallan Alpit<\/p><\/div>\n<p>Ukkonen saatteli matkustajat melkein helteisest\u00e4 s\u00e4\u00e4st\u00e4 merelle. Dafnia alkoi jo l\u00e4\u00e4h\u00e4tytt\u00e4\u00e4 ja Jyk\u00e4 kaiveli matkalaukusta T-paidan, kun mittari kipusi yli kahden kympin.<\/p>\n<div id=\"attachment_22\" style=\"width: 391px\" class=\"wp-caption alignleft\"><img loading=\"lazy\" decoding=\"async\" aria-describedby=\"caption-attachment-22\" class=\" wp-image-22\" src=\"https:\/\/blogit.kreeta.info\/kesamokkikreetalla\/wp-content\/uploads\/sites\/7\/2017\/04\/20170404-7-300x225.jpg\" alt=\"\" width=\"381\" height=\"286\" \/><p id=\"caption-attachment-22\" class=\"wp-caption-text\">Malcontenta<\/p><\/div>\n<div id=\"attachment_25\" style=\"width: 391px\" class=\"wp-caption alignright\"><img loading=\"lazy\" decoding=\"async\" aria-describedby=\"caption-attachment-25\" class=\" wp-image-25\" src=\"https:\/\/blogit.kreeta.info\/kesamokkikreetalla\/wp-content\/uploads\/sites\/7\/2017\/04\/20170404-11-300x225.jpg\" alt=\"\" width=\"381\" height=\"286\" \/><p id=\"caption-attachment-25\" class=\"wp-caption-text\">L\u00e4mmin alkaa jo l\u00e4\u00e4h\u00e4tytt\u00e4\u00e4<\/p><\/div>\n<p>&nbsp;<\/p>\n<p>&nbsp;<\/p>\n<p>&nbsp;<\/p>\n<p>&nbsp;<\/p>\n<p>&nbsp;<\/p>\n<p>&nbsp;<\/p>\n<p>&nbsp;<\/p>\n<div id=\"attachment_26\" style=\"width: 383px\" class=\"wp-caption alignnone\"><img loading=\"lazy\" decoding=\"async\" aria-describedby=\"caption-attachment-26\" class=\" wp-image-26\" src=\"https:\/\/blogit.kreeta.info\/kesamokkikreetalla\/wp-content\/uploads\/sites\/7\/2017\/04\/20170404-12-300x225.jpg\" alt=\"\" width=\"373\" height=\"280\" \/><p id=\"caption-attachment-26\" class=\"wp-caption-text\">Tyyni enteilee ukkosta,<br \/>pilvet nousevat taivaanrannasta<\/p><\/div>\n<div id=\"attachment_29\" style=\"width: 310px\" class=\"wp-caption alignleft\"><img loading=\"lazy\" decoding=\"async\" aria-describedby=\"caption-attachment-29\" class=\"size-medium wp-image-29\" src=\"https:\/\/blogit.kreeta.info\/kesamokkikreetalla\/wp-content\/uploads\/sites\/7\/2017\/04\/20170406-1-300x200.jpg\" alt=\"\" width=\"300\" height=\"200\" \/><p id=\"caption-attachment-29\" class=\"wp-caption-text\">Venetsia &#8211; Patra, &#8221;M\/S Cruise Olympia&#8221;<\/p><\/div>\n<p>Minoan Linesin Cruise Olympia ajoi Anconan kautta Kreikan Igumenitsaan. Sen v\u00e4lin matkustimme samalla aluksella viime syksyn\u00e4 ja kev\u00e4\u00e4ll\u00e4 -15.<\/p>\n<p>Nyt Volvo pysyi ruumassa viel\u00e4 Igoumenitsasta Patraan, Peloponnesokselle. Sielt\u00e4 Jyk\u00e4 ajoi Ateenaan, mist\u00e4 alkoi viimeinen y\u00f6n yli \u2013matka Kreetalle.<\/p>\n<div id=\"attachment_27\" style=\"width: 310px\" class=\"wp-caption alignright\"><img loading=\"lazy\" decoding=\"async\" aria-describedby=\"caption-attachment-27\" class=\"wp-image-27 size-medium\" src=\"https:\/\/blogit.kreeta.info\/kesamokkikreetalla\/wp-content\/uploads\/sites\/7\/2017\/04\/20170405-1-300x225.jpg\" alt=\"\" width=\"300\" height=\"225\" \/><p id=\"caption-attachment-27\" class=\"wp-caption-text\">Autokansi<\/p><\/div>\n<p>&nbsp;<\/p>\n<p>&nbsp;<\/p>\n<p>&nbsp;<\/p>\n<p>Perjantaiaamuna lautta rantautui Iraklioniin normaalit pari tuntia my\u00f6h\u00e4ss\u00e4 aikataulusta.<\/p>\n<div id=\"attachment_34\" style=\"width: 310px\" class=\"wp-caption alignnone\"><img loading=\"lazy\" decoding=\"async\" aria-describedby=\"caption-attachment-34\" class=\"size-medium wp-image-34\" src=\"https:\/\/blogit.kreeta.info\/kesamokkikreetalla\/wp-content\/uploads\/sites\/7\/2017\/04\/20170409-2-1-300x200.jpg\" alt=\"\" width=\"300\" height=\"200\" \/><p id=\"caption-attachment-34\" class=\"wp-caption-text\">Dikti-vuorilla viel\u00e4 lunta<\/p><\/div>\n<p>Dafni sai haistella tuttuja tuoksuja, kun matka taittui Agios Nikolauksen reitti\u00e4 eli E75-tiet\u00e4 pitkin pohjoisrannikkoa ja sitten poikki saaren kapeimman kohdan Ierapetraan ja omaan tuttuun kes\u00e4kotiin, Koutsounariin.<\/p>\n<p style=\"text-align: center\"><strong>Kuin kotiin tulisi<\/strong><\/p>\n<div id=\"attachment_31\" style=\"width: 355px\" class=\"wp-caption alignright\"><img loading=\"lazy\" decoding=\"async\" aria-describedby=\"caption-attachment-31\" class=\" wp-image-31\" src=\"https:\/\/blogit.kreeta.info\/kesamokkikreetalla\/wp-content\/uploads\/sites\/7\/2017\/04\/20170410-1-300x225.jpg\" alt=\"\" width=\"345\" height=\"259\" \/><p id=\"caption-attachment-31\" class=\"wp-caption-text\">Tutuilla lenkkipoluilla<\/p><\/div>\n<p>&#8211; Kreikan kieli on muhinut takaraivossa, Jyk\u00e4 iloitsi. &#8211; Ei ollut mink\u00e4\u00e4nlaisia vaikeuksia vaihtaa englantia kreikkaan, kun matkalla pist\u00e4ytyi pita-ostoksilla ja lopulta perill\u00e4 p\u00e4\u00e4si tervehtim\u00e4\u00e4n naapurin vanhais\u00e4nt\u00e4-Jorgosta ja Pelagia-rouvaa. Vaikka sen suuremmin ei kieliopintoja tullut talven mittaan harjoitettua.<\/p>\n<p>Tuttavia sai tervehti\u00e4 muutenkin pitkin p\u00e4iv\u00e4\u00e4. Kaupassa sattui vastaan naapureita omalta kyl\u00e4lt\u00e4, vaikka kaupungin suurimmassa supermarketissa piipahtikin. Rakas yst\u00e4v\u00e4 Nikos tuli bongattua vauhdissa autosta, mutta Jyk\u00e4 teki kuin kreikkalaiset: h\u00e4t\u00e4vilkut p\u00e4\u00e4lle ja pikaparkkiin tien varteen ja sitten k\u00e4si ojossa yst\u00e4v\u00e4\u00e4 moikkaamaan. Muutama muukin hyv\u00e4 tuttu tuli huomattua, mutta he eiv\u00e4t tunnistaneet Jyk\u00e4n Volvoa. Alfahan on nyky\u00e4\u00e4n taas Suomen rekkareissa ja Lissun n\u00e4pp\u00e4r\u00e4n\u00e4 ty\u00f6matka-ajokkina.<\/p>\n<p>Kreikka-puhelin her\u00e4si eloon, kun Ierapetran-Lissu kyseli, joko sit\u00e4 ollaan perill\u00e4, ja toivotteli tervetulleeksi lounasp\u00f6yt\u00e4\u00e4n. Mirtokseen piti kuitenkin ensin k\u00e4yd\u00e4 purkamassa lasti kaikenlaista Suomi-tarviketta, joita talvella ker\u00e4ttiin odottamaan nimenomaista kyyti\u00e4. Mainittakoon, ett\u00e4 mukana kulki aito suomalaisvalmisteinen saunankiuaskin.<\/p>\n<p>Taverna Katerinan kissa Salama alias Astrapi, yst\u00e4vien kesken Sipsina, otti Dafni-koiran vastaan oikein hienosti. Vanha melkein-yst\u00e4vyys uusittiin juomalla maljat. Nimitt\u00e4in Sipsina ei muuten juuri ihmisten n\u00e4hden nen\u00e4\u00e4ns\u00e4 vesikuppiin kostuta, mutta jostain syyst\u00e4 sen on p\u00e4\u00e4st\u00e4v\u00e4 juomaan koiriemme vesikupista. Kai se haluaa n\u00e4ytt\u00e4\u00e4, ett\u00e4 ei pelk\u00e4\u00e4 Dafnia. Rennosti se ainakin k\u00e4vi koiran edess\u00e4 piehtaroimassa. Dafni puolestaan otti rauhallisesti ja vain katseli, v\u00e4h\u00e4n heilutti h\u00e4nt\u00e4\u00e4. T\u00e4ss\u00e4 on se kissa, jota ei jahdata, Dafni tiet\u00e4\u00e4.<\/p>\n<p>Mainittakoon, ett\u00e4 Cara-vanhus t\u00e4ytti helmikuussa 15 vuotta mutta on edelleen hyv\u00e4ss\u00e4 ja reippaassa kunnossa. Se tuli syksyll\u00e4 Kreetalta kotiin hyvin v\u00e4syneen\u00e4 ja ruokahaluttomana, mik\u00e4 saattoi johtua kuivumisesta, sill\u00e4 mit\u00e4\u00e4n elimellist\u00e4 vikaa ei l\u00f6ydetty. P\u00e4\u00e4tettiin siis, ett\u00e4 vanha tytt\u00f6 j\u00e4\u00e4 loppui\u00e4kseen Suomeen. Kreetan talvet sopisivat sille varmaan eritt\u00e4in hyvin, mutta emme riskeeraa viem\u00e4ll\u00e4 sit\u00e4 kesien helteeseen. Tytt\u00e4ret saavat siit\u00e4 kes\u00e4koiran.<\/p>\n<h3>Takana pitk\u00e4, kylm\u00e4 talvi<\/h3>\n<p>Kreetalla viett\u00e4m\u00e4mme talvi 2015\/16 oli leuto ja kuiva, itse asiassa liiankin kuiva. Onneksi kulunut talvi ainakin jonkin verran korvasi ehtyneit\u00e4 vesivarantoja. Lunta satoi koko saarelle, vain meid\u00e4n etel\u00e4isin kolkkamme j\u00e4i ilman yht\u00e4\u00e4n lumisadetta. Vuorilla on t\u00e4ll\u00e4kin hetkell\u00e4 komeat, yhten\u00e4iset peitteet; me saimme n\u00e4hd\u00e4 vain v\u00e4h\u00e4isi\u00e4 kuorrutuksia. Koleaa, tuulista ja lopulta onneksi vesisateistakin talvea kesti kolme kuukautta.<\/p>\n<div style=\"width: 330px\" class=\"wp-caption alignleft\"><img loading=\"lazy\" decoding=\"async\" src=\"https:\/\/1.bp.blogspot.com\/-0ZVVxqsqyKg\/WO9zTVRLxDI\/AAAAAAAAAWs\/J5CFkK6LsUQvW5MhKfuK398SUQ9BtasIACLcB\/s320\/IMG_0002.JPG\" alt=\"\" width=\"320\" height=\"214\" \/><p class=\"wp-caption-text\">Kosteuden poistajat ovat ker\u00e4nneet vett\u00e4 vaatteista tiiviiss\u00e4 laatikoissa<\/p><\/div>\n<p>T\u00e4llaisena talvena voisi odottaa tyhjill\u00e4\u00e4n olleesta huushollista l\u00f6ytyv\u00e4n mohlaa, hometta. Onneksi asuntomme on kuivassa paikassa ja l\u00e4pi talon on mahdollista tuulettaa, joten raolleen lukitsemamme ikkunat olivat hoitaneet ilmanvaihdon ja talo oli raikas ja homeeton. V\u00e4h\u00e4n vett\u00e4 oli j\u00e4ljist\u00e4 p\u00e4\u00e4tellen tullut toisen oven alta sis\u00e4\u00e4n, mutta lammikko on siit\u00e4 itsekseen haihtunut.<\/p>\n<p>&nbsp;<\/p>\n<p>Ruoat olivat s\u00e4ilyneet my\u00f6s hyvin syksyst\u00e4, siis v\u00e4h\u00e4n jauhoja, riisi\u00e4, mysli\u00e4, teet\u00e4 ynn\u00e4 muuta oli kaapissa edelleen sy\u00f6ntikuntoisena. Luonnollisesti tiukasti suljettavissa muovi-laatikoissa. Pikku \u00f6nni\u00e4iset kuten muurahaiset olisivat muuten varmasti l\u00f6yt\u00e4neet ne.Vuodevaatteet l\u00f6ytyiv\u00e4t kuivina tiukoista muovipusseistaan ja villapeitteet olivat s\u00e4ilyneet raikkaina tiiviiss\u00e4 muovilaatikossaan. Vaatelaatikoiden \u201dkosteudensy\u00f6j\u00e4t\u201d olivat ker\u00e4nneet vett\u00e4 ihan toista desi\u00e4, mutta vaatteet olivat kuivia, joten niiden laittaminen oli hyv\u00e4 ratkaisu.<\/p>\n<p>Is\u00e4nt\u00e4 p\u00e4\u00e4si kuitenkin ensimm\u00e4iseksi siivoushommiin. Avoimista ikkunoista ja oven alta oli sis\u00e4\u00e4n tullut jonkin verran Saharaa tai mikseip\u00e4 vaan paikkakunnan omaakin hienoa hiekkap\u00f6ly\u00e4. Siisp\u00e4 imuri laulamaan ja luuttu soimaan. Kaksi kuollutta torakkaakin l\u00f6ytyi. Onneksi vain kaksi ja ihan pient\u00e4: odotettavissa ei ole ainakaan kotoper\u00e4ist\u00e4 kuhinaa siis. Valitettavasti kes\u00e4n l\u00e4mmetess\u00e4 n\u00e4it\u00e4 inhokkeja lent\u00e4\u00e4 asuntoihin ihan omin siivin.<\/p>\n<p>Viel\u00e4 piti l\u00e4mmityslaite kaivaa esille laatikostaan, edellisen viikon pilviset p\u00e4iv\u00e4t ja sadekuurot eiv\u00e4t olleet antaneet seinien l\u00e4mmet\u00e4 tarpeeksi. Sitten otettiin Messenger-yhteys Suomen kotiin ja toivoteltiin puolin ja toisin hyv\u00e4\u00e4 y\u00f6t\u00e4. Matkasta v\u00e4syneet nukkuivat varmaan makoisasti, samoin matkaa j\u00e4nnityksell\u00e4 seuranneet kotijoukot saattoivat huokaista. Helpotuksesta ja kaihosta.<\/p>\n<p>Terveisin Kreetalta Jyrki, Suomesta Lissu<\/p>\n","protected":false},"excerpt":{"rendered":"<p>Edellinen blogimme, Vuosi Kreetalla, kertoi vapaavuodesta, jolloin asuimme Kreetalla 14 kuukautta yhteen menoon. Niinh\u00e4n siin\u00e4 k\u00e4vi, ett\u00e4 enn\u00e4timme kasvattaa juuret saaren karuun maaper\u00e4\u00e4n. Oli vaikea l\u00e4hte\u00e4. L\u00e4\u00e4kkeet piti etsi\u00e4: p\u00e4\u00e4timme jatkaa Kreetan-kotimme vuokrasopimusta vuodella&#46;&#46;&#46;<\/p>\n","protected":false},"author":4,"featured_media":0,"comment_status":"closed","ping_status":"closed","sticky":false,"template":"","format":"standard","meta":{"_acf_changed":false,"footnotes":""},"categories":[1],"tags":[],"class_list":["post-14","post","type-post","status-publish","format-standard","hentry","category-yleinen"],"acf":[],"_links":{"self":[{"href":"https:\/\/blogit.kreeta.info\/kesamokkikreetalla\/wp-json\/wp\/v2\/posts\/14","targetHints":{"allow":["GET"]}}],"collection":[{"href":"https:\/\/blogit.kreeta.info\/kesamokkikreetalla\/wp-json\/wp\/v2\/posts"}],"about":[{"href":"https:\/\/blogit.kreeta.info\/kesamokkikreetalla\/wp-json\/wp\/v2\/types\/post"}],"author":[{"embeddable":true,"href":"https:\/\/blogit.kreeta.info\/kesamokkikreetalla\/wp-json\/wp\/v2\/users\/4"}],"replies":[{"embeddable":true,"href":"https:\/\/blogit.kreeta.info\/kesamokkikreetalla\/wp-json\/wp\/v2\/comments?post=14"}],"version-history":[{"count":1,"href":"https:\/\/blogit.kreeta.info\/kesamokkikreetalla\/wp-json\/wp\/v2\/posts\/14\/revisions"}],"predecessor-version":[{"id":35,"href":"https:\/\/blogit.kreeta.info\/kesamokkikreetalla\/wp-json\/wp\/v2\/posts\/14\/revisions\/35"}],"wp:attachment":[{"href":"https:\/\/blogit.kreeta.info\/kesamokkikreetalla\/wp-json\/wp\/v2\/media?parent=14"}],"wp:term":[{"taxonomy":"category","embeddable":true,"href":"https:\/\/blogit.kreeta.info\/kesamokkikreetalla\/wp-json\/wp\/v2\/categories?post=14"},{"taxonomy":"post_tag","embeddable":true,"href":"https:\/\/blogit.kreeta.info\/kesamokkikreetalla\/wp-json\/wp\/v2\/tags?post=14"}],"curies":[{"name":"wp","href":"https:\/\/api.w.org\/{rel}","templated":true}]}}