{"id":224,"date":"2018-06-23T22:45:10","date_gmt":"2018-06-23T19:45:10","guid":{"rendered":"https:\/\/blogit.kreeta.info\/kesamokkikreetalla\/?p=224"},"modified":"2024-01-10T10:25:24","modified_gmt":"2024-01-10T08:25:24","slug":"tervetuloa-kreetan-kesaan","status":"publish","type":"post","link":"https:\/\/blogit.kreeta.info\/kesamokkikreetalla\/2018\/06\/23\/tervetuloa-kreetan-kesaan\/","title":{"rendered":"Tervetuloa Kreetan kes\u00e4\u00e4n!"},"content":{"rendered":"<p>Meid\u00e4t on kuulutettu saapuneiksi! Olimme juuri palaamassa joka-aamuiselta uimareissulta ja taapersimme hikisin\u00e4 yl\u00e4m\u00e4ke\u00e4\u00a0Koutsounarin kes\u00e4asunnollemme, kun mutkan takaa p\u00f6r\u00e4ytti myym\u00e4l\u00e4autollaan Kala-Andreas. Kohta auton megafonista raikui kyl\u00e4raitilla: \u201dTerrve-terrve-mit\u00e4kuuluu?\u201d ja lis\u00e4\u00e4 kysymyksi\u00e4 tulvi kaiuttimien kautta. Karjuimme vastaukset h\u00e4nelle auton p\u00f6rin\u00e4n yli, joten ainakin naapurusto tiet\u00e4\u00e4, milloin olemme tulleet ja kauanko viivymme.<\/p>\n<p>Jyk\u00e4 ja Dafni-bokseri saapuivat Kreetan-m\u00f6kille huhtikuun viimeisell\u00e4 viikolla. Heid\u00e4n reissunsa sujui Euroopan l\u00e4pi etel\u00e4isimp\u00e4\u00e4n mahdolliseen kolkkaan Volvolla ajellen\u00a0 jo rutiinilla. T\u00e4ll\u00e4 kertaa lastina oli auton katolle k\u00f6ytetty \u201dhuvijahtimme\u201d, Walker Bay \u2013merkkinen kolmimetrinen minipurjevene. Mit\u00e4p\u00e4 sit\u00e4 paattia makuuttamaan kotipihassa, kun emme n\u00e4ill\u00e4 n\u00e4kymin ehdi purjehduspuuhiin Suomessa.<\/p>\n<p><img loading=\"lazy\" decoding=\"async\" class=\"size-medium wp-image-228 aligncenter\" src=\"https:\/\/blogit.kreeta.info\/kesamokkikreetalla\/wp-content\/uploads\/sites\/7\/2018\/06\/IMG_0019-300x200.jpg\" alt=\"\" width=\"300\" height=\"200\" srcset=\"https:\/\/blogit.kreeta.info\/kesamokkikreetalla\/wp-content\/uploads\/sites\/7\/2018\/06\/IMG_0019-300x200.jpg 300w, https:\/\/blogit.kreeta.info\/kesamokkikreetalla\/wp-content\/uploads\/sites\/7\/2018\/06\/IMG_0019.jpg 448w\" sizes=\"auto, (max-width: 300px) 100vw, 300px\" \/><\/p>\n<p>Vene ei sanottavasti auton kulkua haitannut, 90 km\/h vauhdilla bensankulutus oli 7,8 l\/100 km. Sen sijaan matkaa hidasti Kreikan merimiesunionin lakko. Jyk\u00e4 l\u00e4hetti ajomatkalta Lissulle pitk\u00e4n englanninkielisen tekstiviestin puhelimessa tulkattavaksi, kun itse oli auton ratissa jossain p\u00e4in It\u00e4valtaa eik\u00e4 voinut pys\u00e4hty\u00e4 lukemaan.<img loading=\"lazy\" decoding=\"async\" class=\"size-medium wp-image-255 alignright\" src=\"https:\/\/blogit.kreeta.info\/kesamokkikreetalla\/wp-content\/uploads\/sites\/7\/2018\/06\/volvo-300x225.jpg\" alt=\"\" width=\"300\" height=\"225\" srcset=\"https:\/\/blogit.kreeta.info\/kesamokkikreetalla\/wp-content\/uploads\/sites\/7\/2018\/06\/volvo-300x225.jpg 300w, https:\/\/blogit.kreeta.info\/kesamokkikreetalla\/wp-content\/uploads\/sites\/7\/2018\/06\/volvo-768x576.jpg 768w, https:\/\/blogit.kreeta.info\/kesamokkikreetalla\/wp-content\/uploads\/sites\/7\/2018\/06\/volvo.jpg 960w\" sizes=\"auto, (max-width: 300px) 100vw, 300px\" \/><\/p>\n<p>Viestiss\u00e4 kerrottiin, ett\u00e4 matkaosuus Anconasta Patraan ei l\u00e4htisi sovittuna p\u00e4iv\u00e4n\u00e4 Kreikan lakon vuoksi. Mik\u00e4 neuvoksi? Pit\u00e4isik\u00f6 ruveta kyselem\u00e4\u00e4n hotellihuonetta Italiasta, kun Venetsiasta alkava matka tyss\u00e4isi ensimm\u00e4iseen v\u00e4lisatamaan?<\/p>\n<p>Asioilla on tapana j\u00e4rjesty\u00e4. Jyk\u00e4 j\u00e4tti selvittelyn tuonnemmaksi ja asiat selvisiv\u00e4t l\u00e4ht\u00f6satamassa. Ylim\u00e4\u00e4r\u00e4inen vuorokausi vietett\u00e4isiin laivassa omassa hytiss\u00e4, matka jatkuisi vuorokautta my\u00f6hemmin entisill\u00e4 lipuilla.<\/p>\n<p>Hieman tuli kiire viimeisell\u00e4 ajomatkalla Patrasta Ateenaan, kun my\u00f6h\u00e4ss\u00e4 ollut alus nipisti ajoaikaa. Lautta oli Patrassa iltakuudelta, ja purkaminen kesti niin, ett\u00e4 maantiell\u00e4 parivaljakko oli puoli seitsem\u00e4lt\u00e4. Navigaattori n\u00e4ytti ajoajaksi Pireuksen satamaan kaksi tuntia ja 50 minuuttia, ja lautan laht\u00f6aika oli 21.00. Volvo h\u00f6rppi 14,5 litraa bensaa satasella vene katolla. Onneksi uusi mootoritie oli suhteellisen valmis ja 130 km\/h -rajoitus voimassa. Jyk\u00e4 ehti per\u00e4ti 20 minuuttia ennen l\u00e4ht\u00f6\u00e4 kysym\u00e4\u00e4n, viel\u00e4k\u00f6 liput kelpaavat. En\u00e4\u00e4 ei ollut alkuper\u00e4isen lipun hyttej\u00e4 vapaana, joten piti ostaa tiketti kalliimpaan luokkaan. Erotusta tuli kokonaiset viisi euroa.<\/p>\n<p>Lissu p\u00e4\u00e4si t\u00e4ll\u00e4 kertaa perille helposti ja melko mukavasti. Y\u00f6 tuli torkuttua bussissa Kuopiosta Helsinkiin, sill\u00e4 lento l\u00e4hti ensimm\u00e4isen\u00e4 loma-aamuna, 3.6., kello 7.30. Lentomatka sujui mukavasti rupatellessa kivan oululaispariskunnan kanssa. Rouva huokasi koneen liit\u00e4ess\u00e4 laskuun kohti Iraklionin kentt\u00e4\u00e4: \u201dMik\u00e4 siin\u00e4 on, ett\u00e4 Kreetalle tulo tuntuu aina silt\u00e4, kuin palaisi kotiin?\u201d Monet jakavat tuon saman tunteen. Saari lumoaa helposti, eik\u00e4 lumolle tunnu l\u00f6ytyv\u00e4n loppua. Meille t\u00e4m\u00e4 on nelj\u00e4s m\u00f6kkikes\u00e4, sit\u00e4 ennen lyhyempi\u00e4 reissuja saarelle kertyi toinen mokoma. Viihdymme mainiosti edelleen.<\/p>\n<p>Kotiinpaluun tunne sen kun vahvistui, kun kuljimme kyl\u00e4ll\u00e4 ensimm\u00e4isi\u00e4 aamulenkkej\u00e4mme. Pihoista huudeltiin tervehdyksi\u00e4, tutut autoilijat t\u00f6\u00f6tt\u00e4iliv\u00e4t tuttavallisesti, tavernasta vilkutettiin. Dafni saa osansa yst\u00e4v\u00e4llisyydenosoituksista. Tuntuu melkein kuin omaa lasta kehuttaisiin, kun tavernassa kysyt\u00e4\u00e4n, miss\u00e4 koira on. \u201dVoitte kyll\u00e4 ottaa sen mukaan t\u00e4nne. Se on niin hyv\u00e4 koira.\u201d Kyll\u00e4h\u00e4n yhdeks\u00e4nvuotias vanhaneiti jo osaa k\u00e4ytt\u00e4yty\u00e4. Vaikka on Dafni kyll\u00e4 viisain koira, mit\u00e4 perheess\u00e4mme on ollut.<\/p>\n<p>Loman aluksi on tavattu yst\u00e4vi\u00e4, vierailtu vakiotavernoissa ja -kahviloissa, otettu tavaksi aamuiset uintireissut ja p\u00e4iv\u00e4nokoset. Yritetty muistaa, miss\u00e4 ovat kynsisakset, hajosivatko lempisortsit viime kes\u00e4n\u00e4 ja j\u00e4iv\u00e4tk\u00f6 pastelliliidut sittenkin Suomeen vai ovatko vain jossakin paremmassa jemmassa.<\/p>\n<p>&nbsp;<\/p>\n<p><strong>Musiikkia t\u00e4htitaivaan alla<\/strong><\/p>\n<p>Yksi traditio Kreetalla oleskeluun on p\u00e4\u00e4ssyt muodostumaan v\u00e4h\u00e4n vahingossa. Kun vietimme talven 2015-16 Kreetalla, yst\u00e4v\u00e4mme Yiannis n\u00e4ytti meille musiikkivideon, jossa nuorenpuoleisten kreetalaismiesten energinen yhtye soittaa perinnemusiikkia letke\u00e4ll\u00e4 otteella. Yiannis kertoi, ett\u00e4 he olivat sattuneet yhtyeen keikalle edellistalvena ja tyk\u00e4nneet kovasti, ja pian Stratakis oli saavuttanut suosiota koko maassa.<\/p>\n<p>Kun kuulimme, ett\u00e4 veljekset Jorgos ja Nikos Stratakis soittokavereineen tulisivat paikallisten tanssikoulujen hyv\u00e4ntekev\u00e4isyystapahtumaan, p\u00e4\u00e4timme menn\u00e4 katsomaan. Tuon talvisen esiintymisen j\u00e4lkeen n\u00e4imme b\u00e4ndin ierapetralaisessa rantatavernassa, ja sen j\u00e4lkeen osasimme jo katsella keikkakalenteria, josko sattuvat l\u00e4hist\u00f6lle.<\/p>\n<p>Niin on sitten k\u00e4ynyt, ett\u00e4 olemme joka reissulla onnistuneet yhytt\u00e4m\u00e4\u00e4n b\u00e4ndin. J\u00e4rjestip\u00e4 Yiannis jopa viime kes\u00e4n\u00e4 Lissulle syntt\u00e4riyll\u00e4tyksen\u00e4 Jorgos Stratakiksen puhelimen p\u00e4\u00e4h\u00e4n Ateenan keikalta. T\u00e4ll\u00e4 kertaa Stratakisten konsertti sattui Jyk\u00e4n syntym\u00e4p\u00e4iv\u00e4ksi pieneen taverna Domaan Monastirakissa, vain kivenheiton p\u00e4\u00e4h\u00e4n meilt\u00e4 \u2013 jos vain jaksaisi viskata kiven v\u00e4liss\u00e4 kohoavien vuorten ylitse.<\/p>\n<p>Olimme perill\u00e4 hyviss\u00e4 ajoin, b\u00e4ndi ei ollut viel\u00e4 aloittanut. Muusikot istuivat tavernan sis\u00e4\u00e4ntulon edustalla ja k\u00e4tteliv\u00e4t kaikki paikalle tulijat \u2013 v\u00e4ittiv\u00e4t jo muistavansakin meid\u00e4t. Ei uskoisi, ett\u00e4 vaatimattomilla pojilla on takanaan Euroopan kiertue ja Australian reissu.<img loading=\"lazy\" decoding=\"async\" class=\"size-medium wp-image-231 aligncenter\" src=\"https:\/\/blogit.kreeta.info\/kesamokkikreetalla\/wp-content\/uploads\/sites\/7\/2018\/06\/IMG_0037-300x200.jpg\" alt=\"\" width=\"300\" height=\"200\" srcset=\"https:\/\/blogit.kreeta.info\/kesamokkikreetalla\/wp-content\/uploads\/sites\/7\/2018\/06\/IMG_0037-300x200.jpg 300w, https:\/\/blogit.kreeta.info\/kesamokkikreetalla\/wp-content\/uploads\/sites\/7\/2018\/06\/IMG_0037.jpg 448w\" sizes=\"auto, (max-width: 300px) 100vw, 300px\" \/><\/p>\n<p>Ilta oli niin onnistunut kuin olla voi. Paikalla oli alle sata henke\u00e4 kokoontuneena taverna Doman pihaterassille. Taustalla kohosi mustana vuoren sein\u00e4m\u00e4, yll\u00e4 kaartui t\u00e4htitaivas ja sel\u00e4n takana kimaltelivat Agios Nikolaoksen valot muiden Mirabello-lahtea kiert\u00e4vien kylien muodostaman helminauhan p\u00e4\u00e4ss\u00e4.<\/p>\n<p>Musiikki oli s\u00e4\u00e4detty korvien kannalta siedett\u00e4v\u00e4lle volyymille, ulkoilmassa tupakansavukaan ei h\u00e4irinnyt, ja muusikot paneutuivat ty\u00f6h\u00f6ns\u00e4 kuin ilta olisi ollut heillekin ainutlaatuinen el\u00e4mys. Ihan mahtava kes\u00e4n aloitus meille.<\/p>\n<p>&nbsp;<\/p>\n<p><strong>Operaatio roskanpoiminta<\/strong><\/p>\n<p>Uimarantareissut ovat saaneet uuden rutiinin. Mukaan varataan aina ylim\u00e4\u00e4r\u00e4inen roskapussi, johon ker\u00e4t\u00e4\u00e4n roskat matkan varrelta. Roskiksia on tien poskessa pitkin matkaa, joten pussi on helppo tipauttaa sopivaan s\u00e4ili\u00f6\u00f6n. Voi kuulostaa ep\u00e4miellytt\u00e4v\u00e4lt\u00e4 puuhalta, mutta t\u00e4\u00e4ll\u00e4 vallitsevassa kuivuudessa roskat ovat tuulen viemi\u00e4 ja korkeintaan hiekkaisia.<\/p>\n<p>P\u00e4\u00e4osin roskapussiin kertyy juomapulloja ja -t\u00f6lkkej\u00e4. Kyll\u00e4 niit\u00e4 irtoaa paikallisasukkaidenkin kourasta, mutta aika usein ne tipahtavat turisteilta siin\u00e4, miss\u00e4 juoma sattuu loppumaan. Kun kyl\u00e4n l\u00e4pi kulki maratonjuoksureitti, juomapulloja oli tien varret tursollaan. Sama toistuu py\u00f6r\u00e4ilytapahtumissa. Ihmetytt\u00e4\u00e4, eiv\u00e4tk\u00f6 j\u00e4rjest\u00e4j\u00e4t valista osallistujia ymp\u00e4rist\u00f6asioista. Muovilla on mereen valitettavasti kovin lyhyt matka.<\/p>\n<p>Dafnin kanssa ulkoiltaessa mukana on aina kakipussipakkaus, mutta sit\u00e4 tarvitaan harvoin. Koiramme on oppinut etsim\u00e4\u00e4n tarpeilleen mahdollisimman syrj\u00e4iset paikat, eik\u00e4 sit\u00e4 vied\u00e4 rantaankaan ennen kuin pissit ja kakit on toimitettu. Joskus maailman kiltein koira k\u00e4y k\u00e4skyst\u00e4 kyykyss\u00e4 vain n\u00e4ytt\u00e4\u00e4kseen, ettei mit\u00e4\u00e4n tule, vaikka sit\u00e4 patistellaan. Toisin kuin muovi, Dafnin kikkanat maatuvat.<\/p>\n<div id=\"attachment_232\" style=\"width: 310px\" class=\"wp-caption aligncenter\"><img loading=\"lazy\" decoding=\"async\" aria-describedby=\"caption-attachment-232\" class=\"wp-image-232 size-medium\" src=\"https:\/\/blogit.kreeta.info\/kesamokkikreetalla\/wp-content\/uploads\/sites\/7\/2018\/06\/IMG_0095-300x200.jpg\" alt=\"\" width=\"300\" height=\"200\" srcset=\"https:\/\/blogit.kreeta.info\/kesamokkikreetalla\/wp-content\/uploads\/sites\/7\/2018\/06\/IMG_0095-300x200.jpg 300w, https:\/\/blogit.kreeta.info\/kesamokkikreetalla\/wp-content\/uploads\/sites\/7\/2018\/06\/IMG_0095.jpg 448w\" sizes=\"auto, (max-width: 300px) 100vw, 300px\" \/><p id=\"caption-attachment-232\" class=\"wp-caption-text\">Dafni osallistuu ymp\u00e4rist\u00f6n siivoukseen lakaisemalla palmun lehv\u00e4ll\u00e4<\/p><\/div>\n<p>&nbsp;<\/p>\n<p><strong>Kes\u00e4 ja kaskaat<\/strong><\/p>\n<p>Kaskaat alka<img loading=\"lazy\" decoding=\"async\" class=\"size-medium wp-image-234 alignleft\" src=\"https:\/\/blogit.kreeta.info\/kesamokkikreetalla\/wp-content\/uploads\/sites\/7\/2018\/06\/IMG_0165.jpg\" alt=\"\" width=\"275\" height=\"194\" \/>vat pikku hiljaa pit\u00e4\u00e4 konserttiaan. Yksi on asettunut terassimme pylv\u00e4\u00e4seen ja siritt\u00e4\u00e4 siin\u00e4 niin ett\u00e4 kuisti kaikuu. Rauhallinen kyl\u00e4mme on t\u00e4ynn\u00e4 maaseudun \u00e4\u00e4ni\u00e4: lampaat m\u00e4\u00e4kiv\u00e4t, kukot kiekuvat, hanhet kailottavat ja koirat haukkuvat. Viimeksi mainitut pit\u00e4v\u00e4t v\u00e4lill\u00e4 jopa metakkaa, siksi ihmiset t\u00e4\u00e4ll\u00e4 yleens\u00e4 mainitsevatkin erikseen, ett\u00e4 \u201dTeid\u00e4n koira se ei hauku\u201d. Kissojen lemmenlaulut kaikuvat usein iltaisin nekin, eiv\u00e4tk\u00e4 mitenk\u00e4\u00e4n ihanaisesti.<\/p>\n<p>Varpusten energinen sirkutus ja kyyhkysten huhuileva \u00e4\u00e4ntely t\u00e4ytt\u00e4\u00e4 kaskaiden pit\u00e4m\u00e4t tauot. Peippo on jo vaiennut, kai sen poikaset ovat kuoriutuneet. Mustarastaiden laulu soi illan suussa, kun muut p\u00e4iv\u00e4n \u00e4\u00e4net hiljenev\u00e4t. \u00d6isin pimeydess\u00e4 piippailevat kukuvaija-p\u00f6ll\u00f6t.<\/p>\n<p>V\u00e4list\u00e4 aaltojen pauhu kuuluu meille saakka, vaikka rantaan on matkaa\u00a0ja m\u00e4ke\u00e4. Viel\u00e4 ei ole saatu tuta pohjatuulen, Meltemin, ujellusta. Sen sijaan hartaasti odotettu sade tervehti meit\u00e4 kes\u00e4kuun puoliv\u00e4liss\u00e4. Kuivuus on vallinnut alueella jo muutamia vuosia. Siksi emme ole pahoillamme, jos muutama p\u00e4iv\u00e4 vaikka kuluisikin sateensuojassa. Sen olemme jo oppineet, ett\u00e4 sekaan ei kannata l\u00e4hte\u00e4, kun vett\u00e4 alkaa tulla. Tiet muuttuvat hetkess\u00e4 puroiksi ja koskiksi, kun ylikuiva maa ei ime vett\u00e4.<\/p>\n<p>V<img loading=\"lazy\" decoding=\"async\" class=\"size-medium wp-image-233 alignleft\" src=\"https:\/\/blogit.kreeta.info\/kesamokkikreetalla\/wp-content\/uploads\/sites\/7\/2018\/06\/IMG_0105-300x200.jpg\" alt=\"\" width=\"300\" height=\"200\" srcset=\"https:\/\/blogit.kreeta.info\/kesamokkikreetalla\/wp-content\/uploads\/sites\/7\/2018\/06\/IMG_0105-300x200.jpg 300w, https:\/\/blogit.kreeta.info\/kesamokkikreetalla\/wp-content\/uploads\/sites\/7\/2018\/06\/IMG_0105.jpg 448w\" sizes=\"auto, (max-width: 300px) 100vw, 300px\" \/>aikka kes\u00e4kuun mittaan Kreeta alkaa ruskettua siin\u00e4 kuin turistitkin, puutarhat kukkivat ja hedelm\u00e4puut notkuvat. Oleanterit n\u00e4ytt\u00e4v\u00e4t erityisen upeilta t\u00e4n\u00e4 vuonna. Rannan joutomaalla luonnonvaraisten kaprispensaiden kukat ovat kuin trooppisia perhosia.<\/p>\n<p>&nbsp;<\/p>\n<p>Appelsiinipuussamme on harvanlaisesti raakileita t\u00e4n\u00e4 vuonna, mutta se on kuulemma luonnollista vaihtelua. Ainakin uusia, heleit\u00e4 lehti\u00e4 piisaa. Dafni saa puun alla suihkun aina meress\u00e4 uimisen j\u00e4lkeen ja samalla puu kastelunsa. Olemme hankkineet bougainvillean taimen, perinteisen fuksianpunaisen. Se saa toistaiseksi asua ruukussa. Jospa siit\u00e4 kasvaisi oikein iso k\u00f6ynn\u00f6s kesi\u00e4mme ilahduttamaan.<\/p>\n<p>Hyv\u00e4\u00e4 kes\u00e4\u00e4! Kala kalokeri!<\/p>\n<p>Kreetalta Lissu, Jyk\u00e4 ja Dafni\u00a0<img loading=\"lazy\" decoding=\"async\" class=\"size-medium wp-image-229 aligncenter\" src=\"https:\/\/blogit.kreeta.info\/kesamokkikreetalla\/wp-content\/uploads\/sites\/7\/2018\/06\/IMG_0029-300x200.jpg\" alt=\"\" width=\"300\" height=\"200\" srcset=\"https:\/\/blogit.kreeta.info\/kesamokkikreetalla\/wp-content\/uploads\/sites\/7\/2018\/06\/IMG_0029-300x200.jpg 300w, https:\/\/blogit.kreeta.info\/kesamokkikreetalla\/wp-content\/uploads\/sites\/7\/2018\/06\/IMG_0029.jpg 448w\" sizes=\"auto, (max-width: 300px) 100vw, 300px\" \/><\/p>\n","protected":false},"excerpt":{"rendered":"<p>Meid\u00e4t on kuulutettu saapuneiksi! Olimme juuri palaamassa joka-aamuiselta uimareissulta ja taapersimme hikisin\u00e4 yl\u00e4m\u00e4ke\u00e4\u00a0Koutsounarin kes\u00e4asunnollemme, kun mutkan takaa p\u00f6r\u00e4ytti myym\u00e4l\u00e4autollaan Kala-Andreas. Kohta auton megafonista raikui kyl\u00e4raitilla: \u201dTerrve-terrve-mit\u00e4kuuluu?\u201d ja lis\u00e4\u00e4 kysymyksi\u00e4 tulvi kaiuttimien kautta. Karjuimme vastaukset&#46;&#46;&#46;<\/p>\n","protected":false},"author":4,"featured_media":228,"comment_status":"closed","ping_status":"closed","sticky":false,"template":"","format":"standard","meta":{"_acf_changed":false,"footnotes":""},"categories":[1],"tags":[5,8,7,6],"class_list":["post-224","post","type-post","status-publish","format-standard","has-post-thumbnail","hentry","category-yleinen","tag-kreeta","tag-kreikka","tag-loma","tag-matkailu"],"acf":[],"_links":{"self":[{"href":"https:\/\/blogit.kreeta.info\/kesamokkikreetalla\/wp-json\/wp\/v2\/posts\/224","targetHints":{"allow":["GET"]}}],"collection":[{"href":"https:\/\/blogit.kreeta.info\/kesamokkikreetalla\/wp-json\/wp\/v2\/posts"}],"about":[{"href":"https:\/\/blogit.kreeta.info\/kesamokkikreetalla\/wp-json\/wp\/v2\/types\/post"}],"author":[{"embeddable":true,"href":"https:\/\/blogit.kreeta.info\/kesamokkikreetalla\/wp-json\/wp\/v2\/users\/4"}],"replies":[{"embeddable":true,"href":"https:\/\/blogit.kreeta.info\/kesamokkikreetalla\/wp-json\/wp\/v2\/comments?post=224"}],"version-history":[{"count":8,"href":"https:\/\/blogit.kreeta.info\/kesamokkikreetalla\/wp-json\/wp\/v2\/posts\/224\/revisions"}],"predecessor-version":[{"id":256,"href":"https:\/\/blogit.kreeta.info\/kesamokkikreetalla\/wp-json\/wp\/v2\/posts\/224\/revisions\/256"}],"wp:featuredmedia":[{"embeddable":true,"href":"https:\/\/blogit.kreeta.info\/kesamokkikreetalla\/wp-json\/wp\/v2\/media\/228"}],"wp:attachment":[{"href":"https:\/\/blogit.kreeta.info\/kesamokkikreetalla\/wp-json\/wp\/v2\/media?parent=224"}],"wp:term":[{"taxonomy":"category","embeddable":true,"href":"https:\/\/blogit.kreeta.info\/kesamokkikreetalla\/wp-json\/wp\/v2\/categories?post=224"},{"taxonomy":"post_tag","embeddable":true,"href":"https:\/\/blogit.kreeta.info\/kesamokkikreetalla\/wp-json\/wp\/v2\/tags?post=224"}],"curies":[{"name":"wp","href":"https:\/\/api.w.org\/{rel}","templated":true}]}}