{"id":351,"date":"2019-02-12T13:20:05","date_gmt":"2019-02-12T11:20:05","guid":{"rendered":"https:\/\/blogit.kreeta.info\/kesamokkikreetalla\/?p=351"},"modified":"2024-01-10T10:23:13","modified_gmt":"2024-01-10T08:23:13","slug":"kreetan-luminen-talvi","status":"publish","type":"post","link":"https:\/\/blogit.kreeta.info\/kesamokkikreetalla\/2019\/02\/12\/kreetan-luminen-talvi\/","title":{"rendered":"Kreetan luminen talvi"},"content":{"rendered":"<p>&nbsp;<\/p>\n<p><strong>\u00a0<\/strong><\/p>\n<p><strong>\u00a0\u00a0\u00a0<\/strong><\/p>\n<p><img loading=\"lazy\" decoding=\"async\" class=\"aligncenter wp-image-373 size-medium\" src=\"https:\/\/blogit.kreeta.info\/kesamokkikreetalla\/wp-content\/uploads\/sites\/7\/2019\/02\/20181230-21-300x225.jpg\" alt=\"\" width=\"300\" height=\"225\" srcset=\"https:\/\/blogit.kreeta.info\/kesamokkikreetalla\/wp-content\/uploads\/sites\/7\/2019\/02\/20181230-21-300x225.jpg 300w, https:\/\/blogit.kreeta.info\/kesamokkikreetalla\/wp-content\/uploads\/sites\/7\/2019\/02\/20181230-21.jpg 640w\" sizes=\"auto, (max-width: 300px) 100vw, 300px\" \/><\/p>\n<p><strong>\u00a0 \u00a0 \u00a0<\/strong><\/p>\n<p><strong>\u00a0 \u00a0<\/strong><\/p>\n<p><strong>Talvisateiden ilmasto<\/strong><\/p>\n<p>Kun varaa kolmen viikon etel\u00e4nmatkan joulun ymp\u00e4rille, ei s\u00e4\u00e4t\u00e4 voi ostaa. Euroopan etel\u00e4isin kolkka oli vuodenvaihteessa 2018 &#8211; 19 varsin vilpoinen ja sateinen. Suomalainenhan ei n\u00e4ist\u00e4 +10 &#8211; +18 asteen keleist\u00e4 viel\u00e4 ole mill\u00e4ns\u00e4k\u00e4\u00e4n, jos vaan oma asenne sallii: puhutaan kuitenkin Suomen kes\u00e4l\u00e4mp\u00f6tiloista. Erona Kreetan hyv\u00e4ksi on viel\u00e4 se, ett\u00e4 Kreetalla <em>kuurottelee<\/em>, kun Suomessa <em>vallitsee<\/em> sades\u00e4\u00e4. Meik\u00e4l\u00e4ist\u00e4 monen p\u00e4iv\u00e4n tihkumatalapainetta ei juuri tapaa. Ilmanpainemittari n\u00e4ytti pahalla ilmalla 1020 hehtopascalia, Suomen sades\u00e4\u00e4ss\u00e4 menn\u00e4\u00e4n alle tuhannen, ja se tuntuu luissa ja ytimiss\u00e4. Mutta rusketusta t\u00e4lt\u00e4 reissulta ei juuri kertynyt eik\u00e4 uimaan pulahdettu. Yst\u00e4v\u00e4t pulahtivat joulun tienoilla, l\u00e4mmint\u00e4h\u00e4n se merivesi viel\u00e4 olisi ollut, ei ollut ehtinyt j\u00e4\u00e4hty\u00e4 kes\u00e4n j\u00e4ljilt\u00e4.<\/p>\n<div id=\"attachment_370\" style=\"width: 310px\" class=\"wp-caption alignleft\"><img loading=\"lazy\" decoding=\"async\" aria-describedby=\"caption-attachment-370\" class=\"wp-image-370 size-medium\" src=\"https:\/\/blogit.kreeta.info\/kesamokkikreetalla\/wp-content\/uploads\/sites\/7\/2019\/02\/20181230-5-300x200.jpg\" alt=\"\" width=\"300\" height=\"200\" srcset=\"https:\/\/blogit.kreeta.info\/kesamokkikreetalla\/wp-content\/uploads\/sites\/7\/2019\/02\/20181230-5-300x200.jpg 300w, https:\/\/blogit.kreeta.info\/kesamokkikreetalla\/wp-content\/uploads\/sites\/7\/2019\/02\/20181230-5.jpg 640w\" sizes=\"auto, (max-width: 300px) 100vw, 300px\" \/><p id=\"caption-attachment-370\" class=\"wp-caption-text\">Vuorille sade laskeutui lumena<\/p><\/div>\n<div id=\"attachment_363\" style=\"width: 310px\" class=\"wp-caption alignright\"><img loading=\"lazy\" decoding=\"async\" aria-describedby=\"caption-attachment-363\" class=\"wp-image-363 size-medium\" src=\"https:\/\/blogit.kreeta.info\/kesamokkikreetalla\/wp-content\/uploads\/sites\/7\/2019\/02\/20181225-2-300x225.jpg\" alt=\"\" width=\"300\" height=\"225\" srcset=\"https:\/\/blogit.kreeta.info\/kesamokkikreetalla\/wp-content\/uploads\/sites\/7\/2019\/02\/20181225-2-300x225.jpg 300w, https:\/\/blogit.kreeta.info\/kesamokkikreetalla\/wp-content\/uploads\/sites\/7\/2019\/02\/20181225-2.jpg 640w\" sizes=\"auto, (max-width: 300px) 100vw, 300px\" \/><p id=\"caption-attachment-363\" class=\"wp-caption-text\">Hetki ennen iltap\u00e4iv\u00e4n sadetta<\/p><\/div>\n<p>&nbsp;<\/p>\n<p>&nbsp;<\/p>\n<p>&nbsp;<\/p>\n<p>&nbsp;<\/p>\n<p>&nbsp;<\/p>\n<p>&nbsp;<\/p>\n<p>&nbsp;<\/p>\n<p>Auringossa terasillamme oli v\u00e4lill\u00e4 paria astetta vaille kolmekymment\u00e4 ja Ier\u00e1petran katumittaritkin n\u00e4yttiv\u00e4t 18 astetta. Joinakin iltoina l\u00e4mp\u00f6 painui yhdeks\u00e4\u00e4n, enimm\u00e4kseen l\u00e4mmint\u00e4 oli kuitenkin noin 12 \u2013 15 astetta. Kes\u00e4asumiseen rakennettu talomme seurailee ulkol\u00e4mp\u00f6tiloja mutta ei tietenk\u00e4\u00e4n reagoi auringonpilkahduksiin. Vuoraamattomat tai niukasti eristetyt sein\u00e4t eiv\u00e4t varastoi l\u00e4mp\u00f6\u00e4. Ilmal\u00e4mp\u00f6pumppu j\u00e4rjest\u00e4\u00e4 sis\u00e4lle ihan miellytt\u00e4v\u00e4t olosuhteet.<\/p>\n<p>Tilanne on sama yleisemminkin, talot on rakennettu l\u00e4hinn\u00e4 tuulen- ja auringonsuojiksi maassa, jossa l\u00e4mmint\u00e4 piisaa kymmenkunta kuukautta vuodessa. Nykym\u00e4\u00e4r\u00e4ykset ajavat rakentamaan nollaenergiataloja Kreikassakin, mutta ehk\u00e4 silloinkin ajatellaan enemm\u00e4n j\u00e4\u00e4hdytt\u00e4mistarpeen v\u00e4hent\u00e4mist\u00e4 kuin talven l\u00e4mmityskautta. Talvikuukaudet ovat aikaa, jolloin saa v\u00e4h\u00e4n huokaista helteilt\u00e4, ei sit\u00e4 nyt tarvitse niin vakavasti ottaa.<\/p>\n<p><img loading=\"lazy\" decoding=\"async\" class=\"size-medium wp-image-382 aligncenter\" src=\"https:\/\/blogit.kreeta.info\/kesamokkikreetalla\/wp-content\/uploads\/sites\/7\/2019\/02\/20190104-1-300x200.jpg\" alt=\"\" width=\"300\" height=\"200\" srcset=\"https:\/\/blogit.kreeta.info\/kesamokkikreetalla\/wp-content\/uploads\/sites\/7\/2019\/02\/20190104-1-300x200.jpg 300w, https:\/\/blogit.kreeta.info\/kesamokkikreetalla\/wp-content\/uploads\/sites\/7\/2019\/02\/20190104-1.jpg 640w\" sizes=\"auto, (max-width: 300px) 100vw, 300px\" \/><\/p>\n<p>Olemme kehitt\u00e4neet talvirutiinit nyt kolmannen joulunajan kokemuksella. Kotona ollessamme laitamme l\u00e4mp\u00f6pumpun humputtamaan ja nautimme mukavasta olosta olkkarissa. V\u00e4h\u00e4n ennen suihkuun menoa tarkistamme, onko aurinkopaneeli l\u00e4mmitt\u00e4nyt suihkuveden ja tarvittaessa kytkemme s\u00e4hk\u00f6vastuksen hetkeksi p\u00e4\u00e4lle. Kylpp\u00e4riss\u00e4 l\u00e4mp\u00f6puhallin tekee iltapesusta miellytt\u00e4v\u00e4n ja samalla, kun vaihtaa makkarissa kylpytakkiin ja ty\u00f6nt\u00e4\u00e4 paljaat varpaat tossuihin, voi napsauttaa makkarin l\u00e4mmityksen p\u00e4\u00e4lle. Y\u00f6ll\u00e4 termostaatti pit\u00e4\u00e4 huolen siit\u00e4, ett\u00e4 palella ei tarvitse. Lystist\u00e4 seurannee noin satasen lasku, mik\u00e4 ei nyt suorastaan konkurssiin vie.<\/p>\n<p>Mutta jos oma talo t\u00e4nne saataisiin, niin harakoille ei l\u00e4mmitett\u00e4isi eik\u00e4 viilennett\u00e4isi. Kaikenlaisia aurinkoenergialla toimivia keskusl\u00e4mmitysj\u00e4rjestelmi\u00e4 nimitt\u00e4in l\u00f6ytyy. Jos aurinko ei riit\u00e4, ilmal\u00e4mp\u00f6pumppu l\u00e4mmitt\u00e4\u00e4 l\u00e4mmitysveden, joka kiert\u00e4\u00e4 pattereissa tai lattial\u00e4mmitysputkissa. Kes\u00e4ll\u00e4 ilmal\u00e4mp\u00f6pumppu pystyy ruokkimaan paria sis\u00e4yksikk\u00f6\u00e4 viilennysta varten. Tietysti talo pit\u00e4\u00e4 silloin olla kunnollisesti eristetty. Markkinoilla on vanhoihin kohteisiin sis\u00e4- tai ulkovuoraukseen tarkoitettuja levyj\u00e4, joissa on eristevaahto ja sen p\u00e4\u00e4ll\u00e4 joko haluttu ulko- tai sis\u00e4sein\u00e4pinnoite. Pit\u00e4isi vaan olla se puuhamaa, jossa n\u00e4it\u00e4 p\u00e4\u00e4sisi kokeilemaan.<\/p>\n<p>Omasta haaveilun ohessa Jyk\u00e4 on puuhaillut yst\u00e4v\u00e4n saunaprojektin parissa. Sauna kasvoi harjakorkeuteen viime syksyn\u00e4 ja sis\u00e4ll\u00e4 on suomalainen kiuas, joka matkusti Volvon takakontissa Kreetalle viime kev\u00e4\u00e4n\u00e4. L\u00e4hist\u00f6n asukkaille riitti ihmettelemista, kun rakennus tehtiin kokonaan puusta. Mitenk\u00e4 se pysyy tuulessa pystyss\u00e4?\u00a0T\u00e4m\u00e4 projekti piti pystyss\u00e4 Jyk\u00e4\u00e4, joka sinnitteli saarella loman loppuun eli jo buukattuun paluureissuun asti, vaikka vierelt\u00e4 puuttuikin rakkaista rakkain Dafni-koira.<\/p>\n<p><img loading=\"lazy\" decoding=\"async\" class=\"size-medium wp-image-369 aligncenter\" src=\"https:\/\/blogit.kreeta.info\/kesamokkikreetalla\/wp-content\/uploads\/sites\/7\/2019\/02\/20181230-2-300x200.jpg\" alt=\"\" width=\"300\" height=\"200\" srcset=\"https:\/\/blogit.kreeta.info\/kesamokkikreetalla\/wp-content\/uploads\/sites\/7\/2019\/02\/20181230-2-300x200.jpg 300w, https:\/\/blogit.kreeta.info\/kesamokkikreetalla\/wp-content\/uploads\/sites\/7\/2019\/02\/20181230-2.jpg 640w\" sizes=\"auto, (max-width: 300px) 100vw, 300px\" \/><\/p>\n<p>Lissun projekti puolestaan on pikku puutarha kes\u00e4m\u00f6kin edustalla. Kes\u00e4ll\u00e4 hankittu bougainvillea oli viel\u00e4 ilahduttavasti elossa suuressa ruukussaan ja kes\u00e4kukkina terassilla olleet tulilatvat komistuneet kukkapenkiss\u00e4. Paras kukinta lienee edess\u00e4 l\u00e4hiviikkoina, ihan t\u00e4ynn\u00e4 nuppuja pikku pensaspallerot olivat.<\/p>\n<p><img loading=\"lazy\" decoding=\"async\" class=\"wp-image-386 size-medium aligncenter\" src=\"https:\/\/blogit.kreeta.info\/kesamokkikreetalla\/wp-content\/uploads\/sites\/7\/2019\/02\/20190106-14-300x225.jpg\" alt=\"\" width=\"300\" height=\"225\" srcset=\"https:\/\/blogit.kreeta.info\/kesamokkikreetalla\/wp-content\/uploads\/sites\/7\/2019\/02\/20190106-14-300x225.jpg 300w, https:\/\/blogit.kreeta.info\/kesamokkikreetalla\/wp-content\/uploads\/sites\/7\/2019\/02\/20190106-14.jpg 640w\" sizes=\"auto, (max-width: 300px) 100vw, 300px\" \/><\/p>\n<p>Talvisaikaan kasvimaat tarjoavat parasta kaalisatoa, mutta valitettavasti emme itse ole pystyneet viljelem\u00e4\u00e4n hy\u00f6tykasveja, kun vain k\u00e4v\u00e4isemme m\u00f6kill\u00e4. Kaupastakin ostetuna kukkakaali maistui niin uskomattoman raikkaalle, suorastaan makealle, ett\u00e4 se on kuin eri vihannes suomalaiseen verrattuna. Appelsiinisatomme j\u00e4i t\u00e4n\u00e4 vuonna k\u00f6yh\u00e4ksi, mutta maku oli kohdillaan. Jospa vesisateet toisivat runsaan kukinnan ja sadon ensi vuodeksi.<\/p>\n<div id=\"attachment_362\" style=\"width: 310px\" class=\"wp-caption alignnone\"><img loading=\"lazy\" decoding=\"async\" aria-describedby=\"caption-attachment-362\" class=\"wp-image-362 size-medium\" src=\"https:\/\/blogit.kreeta.info\/kesamokkikreetalla\/wp-content\/uploads\/sites\/7\/2019\/02\/20181223-24-300x200.jpg\" alt=\"\" width=\"300\" height=\"200\" srcset=\"https:\/\/blogit.kreeta.info\/kesamokkikreetalla\/wp-content\/uploads\/sites\/7\/2019\/02\/20181223-24-300x200.jpg 300w, https:\/\/blogit.kreeta.info\/kesamokkikreetalla\/wp-content\/uploads\/sites\/7\/2019\/02\/20181223-24.jpg 640w\" sizes=\"auto, (max-width: 300px) 100vw, 300px\" \/><p id=\"caption-attachment-362\" class=\"wp-caption-text\">Yst\u00e4v\u00e4n puutarhassa, ulkosalla, kukkivat tomaatit jo joulunaikaan<\/p><\/div>\n<p><strong>Uusi perheenj\u00e4sen<\/strong><\/p>\n<p>Loppukes\u00e4n suuri menetys, Dafni-koiran kuolema, toi muutoksen m\u00f6kkireissuihimme. Dafni oli osasyyllinen siihen, ett\u00e4 Jyk\u00e4 piti tapana pakata kev\u00e4\u00e4ll\u00e4 auton ja l\u00e4hte\u00e4 maantiet\u00e4 pitkin etel\u00e4\u00e4n. Emme l\u00e4mmenneet ajatukselle, ett\u00e4 koira pantaisiin matkustamaan lentokoneen ruumaan. Useat lentoyhti\u00f6t sit\u00e4 paitsi kielt\u00e4ytyv\u00e4t lyhytkuonoisten rotujen, kuten bokserin, lenn\u00e4tt\u00e4misest\u00e4.<\/p>\n<p>Niinp\u00e4 Jyk\u00e4kin jatkossa todenn\u00e4k\u00f6isesti lent\u00e4\u00e4 m\u00f6kkireissunsa, kiuasrahtiakaan kun ei ole kukaan tilannut. Lent\u00e4m\u00e4ll\u00e4 s\u00e4\u00e4st\u00e4\u00e4 tietysti my\u00f6s aikaa ja rahaa. Yksi ongelma siit\u00e4 vain seuraa: sitten ei ole autoa, mill\u00e4 tehd\u00e4 kauppareissut &#8211; ja ennen kaikkea talvisaikaan, mill\u00e4 tehd\u00e4 kauppareissut <em>kuivana<\/em>.<\/p>\n<p>Niinp\u00e4 joulumatkamme k\u00e4ynnistyi autonostoreissulla. Yst\u00e4v\u00e4mme Jannis l\u00e4hti suhteellisen innoissaan kuskiksi ja tulkiksi: milloinkas ei mies autokaupoille mielell\u00e4\u00e4n l\u00e4htisi! Lissu otti reissun enempi sis\u00e4matkailun kannalta.<\/p>\n<p>Olimme siis etsim\u00e4ss\u00e4 meille sopivaa loma-autoa. Sen pit\u00e4isi olla edullinen, omata kunnon maavara ja mielell\u00e4\u00e4n neliveto, jotta sill\u00e4 p\u00e4\u00e4sisi v\u00e4h\u00e4n kehnompiakin teit\u00e4 pitkin esimerkiksi meit\u00e4 kiinnostaville raunioille. Lis\u00e4toiveina yksinkertainen tekniikka ja tukeva rakenne sek\u00e4 yleisyys, jotta varaosat ja huollot olisivat edullisia. Niinp\u00e4 p\u00e4\u00e4dyimme Suzuki Jimnyyn, joka on turisteille tuttu vuokraamojen kes\u00e4auto. Uusi perheenj\u00e4senemme olisi sellainen!<\/p>\n<p>Aloitimme etsinn\u00e4n netti-ilmoitusten perusteella Haniasta, jossa Jimnyj\u00e4 n\u00e4kyi olevan liikkeiss\u00e4 \u201dei vuokra-autotaustaisina\u201d. Haniassa emme olleet viel\u00e4 k\u00e4yneetk\u00e4\u00e4n talvisaikaan. Valkoiset vuoret auringonpaisteessa olivat lumihuippuineen todella vaikuttava kehys autonostosmatkalle.<\/p>\n<p><img loading=\"lazy\" decoding=\"async\" class=\"size-medium wp-image-356 aligncenter\" src=\"https:\/\/blogit.kreeta.info\/kesamokkikreetalla\/wp-content\/uploads\/sites\/7\/2019\/02\/20181220-4-300x200.jpg\" alt=\"\" width=\"300\" height=\"200\" srcset=\"https:\/\/blogit.kreeta.info\/kesamokkikreetalla\/wp-content\/uploads\/sites\/7\/2019\/02\/20181220-4-300x200.jpg 300w, https:\/\/blogit.kreeta.info\/kesamokkikreetalla\/wp-content\/uploads\/sites\/7\/2019\/02\/20181220-4.jpg 640w\" sizes=\"auto, (max-width: 300px) 100vw, 300px\" \/><\/p>\n<p>Valitettavasti liikkeiss\u00e4 olevat autot olivat kaikki enemm\u00e4n tai v\u00e4hemm\u00e4n ruosteisia tai muuten viallisia, kun vilkaisi konepellin alle tai avasi per\u00e4oven: \u201dr\u00e4ttikattojen\u201d kiinnitykset ja saumat olivat ajan saatossa vikaantuneet ja vuotaneet. Oli my\u00f6s kaikenlaista myyj\u00e4\u00e4. Pient\u00e4 ved\u00e4tyksen makua oli liikkeess\u00e4, jossa pikkutakkimiehet tarjosivat mehua ja n\u00e4yttiv\u00e4t auton kuvia n\u00e4ytt\u00f6p\u00e4\u00e4tteell\u00e4 mieluummin kuin avasivat konepelti\u00e4.<\/p>\n<p>Yksityisen myyj\u00e4n kanssa p\u00e4\u00e4stiin pisimm\u00e4lle. Auto oli hyvin pidetty ja dokumenttia l\u00f6ytyi. Hinnastakin jo p\u00e4\u00e4stiin sopuun, mutta pankkip\u00e4iv\u00e4 oli ohitse, joten etsimme y\u00f6paikan. Seuraavana p\u00e4iv\u00e4n\u00e4 k\u00e4yt\u00e4isiin heti aamusta katsastusasemalla toteamassa auton kunto, myyj\u00e4 itse ehdotti t\u00e4t\u00e4.<\/p>\n<div id=\"attachment_357\" style=\"width: 235px\" class=\"wp-caption alignnone\"><img loading=\"lazy\" decoding=\"async\" aria-describedby=\"caption-attachment-357\" class=\"wp-image-357 size-medium\" src=\"https:\/\/blogit.kreeta.info\/kesamokkikreetalla\/wp-content\/uploads\/sites\/7\/2019\/02\/20181220-18-e1549968453406-225x300.jpg\" alt=\"\" width=\"225\" height=\"300\" srcset=\"https:\/\/blogit.kreeta.info\/kesamokkikreetalla\/wp-content\/uploads\/sites\/7\/2019\/02\/20181220-18-e1549968453406-225x300.jpg 225w, https:\/\/blogit.kreeta.info\/kesamokkikreetalla\/wp-content\/uploads\/sites\/7\/2019\/02\/20181220-18-e1549968453406.jpg 480w\" sizes=\"auto, (max-width: 225px) 100vw, 225px\" \/><p id=\"caption-attachment-357\" class=\"wp-caption-text\">Hanian kauppahallin joulukuusi<\/p><\/div>\n<p>Y\u00f6vyimme pikku hotelli Ireness\u00e4 aivan Hanian keskustassa Skalidi-ostoskadun p\u00e4\u00e4ss\u00e4. Siit\u00e4 oli hyv\u00e4 k\u00e4vell\u00e4 satamaan ja kauppahallille. Satama oli autio, vain muutama kahvila auki. Kauppahallilla oli k\u00e4ynniss\u00e4 jouluohjelmaa ja noin puolet myym\u00e4l\u00f6ist\u00e4 toiminnassa. Kaupungilla oli torstai-iltana joulun alla mukavasti hy\u00f6rin\u00e4\u00e4 paikallisin voimin, turisteja ei n\u00e4kynyt. L\u00f6ysimme kysym\u00e4ll\u00e4 kahvila-mezedopolio to Pervolin (osoite Smirnis 18), jossa saatoimme istahtaa ennen kuin menimme varsinaisesti sy\u00f6m\u00e4\u00e4n. Jannis jututti is\u00e4nt\u00e4\u00e4, joka oli kuulemma pist\u00e4ytynyt joskus Helsingiss\u00e4kin, mutta oli ollut liian kylm\u00e4\u00e4 l\u00e4hte\u00e4 hotellista mihink\u00e4\u00e4n.<\/p>\n<div id=\"attachment_358\" style=\"width: 310px\" class=\"wp-caption alignnone\"><img loading=\"lazy\" decoding=\"async\" aria-describedby=\"caption-attachment-358\" class=\"wp-image-358 size-medium\" src=\"https:\/\/blogit.kreeta.info\/kesamokkikreetalla\/wp-content\/uploads\/sites\/7\/2019\/02\/20181221-2-300x225.jpg\" alt=\"\" width=\"300\" height=\"225\" srcset=\"https:\/\/blogit.kreeta.info\/kesamokkikreetalla\/wp-content\/uploads\/sites\/7\/2019\/02\/20181221-2-300x225.jpg 300w, https:\/\/blogit.kreeta.info\/kesamokkikreetalla\/wp-content\/uploads\/sites\/7\/2019\/02\/20181221-2.jpg 640w\" sizes=\"auto, (max-width: 300px) 100vw, 300px\" \/><p id=\"caption-attachment-358\" class=\"wp-caption-text\">Hiljainen talviaamu Hanian venetsialaisessa satamassa<\/p><\/div>\n<p>&nbsp;<\/p>\n<p>Sy\u00f6m\u00e4ss\u00e4 k\u00e4vimme vanhassa tutussa paikassa, to Kantounissa (Selinou 19). Grilliravintola \u00a0oli l\u00e4hes t\u00e4ynn\u00e4 iltayhdeks\u00e4lt\u00e4, mutta p\u00e4\u00e4simme sis\u00e4\u00e4n \u201dgrillin puolelle\u201d, miss\u00e4 saatoimme seurata, kuinka annoksemme siirtyi kylm\u00e4kaapista kokin tukille ja siit\u00e4 hiilille, kunnes saimme p\u00f6yt\u00e4\u00e4n annoksen lammasta, possua ja kanaa hyv\u00e4n leiv\u00e4n kanssa. Aina hymyilev\u00e4 is\u00e4nt\u00e4 sanoi kyll\u00e4 muistavansa meid\u00e4t \u2013 eih\u00e4n siit\u00e4 ole kuin kaksi ja puoli vuotta, kun viimeksi k\u00e4vimme sy\u00f6m\u00e4ss\u00e4 kes\u00e4retkell\u00e4, ja sit\u00e4 ennen, kaksi vuotta takaperin, monet kerrat Hanian-lomallamme.<\/p>\n<p>Aamulla tapasimme I.K.T.E.O:lla, katsastusasemalla, autonmyyj\u00e4n. Jimny ajettiin montun p\u00e4\u00e4lle ja Jyk\u00e4 p\u00e4\u00e4si roplaamaan alapuolta. Pettymys oli suuri kaikille osapuolille, kun sin\u00e4ns\u00e4 hyvin pidetyn auton rungosta ja korin tuennasta paljastui pahoja ruostepaikkoja. Myyj\u00e4 oli vilpitt\u00f6m\u00e4n pahoillaan. Ei kai h\u00e4n olisi ajattanut autoa omasta ehdotuksestaan montulle, jos olisi halunnut peitell\u00e4 sen vikoja. Mutta kaupanteko tyss\u00e4si siihen.<\/p>\n<p>P\u00e4\u00e4timme jatkaa etsint\u00e4\u00e4 Retimnonin alueella. Jannis ajoi ja Jyk\u00e4 kaivoi kohteita netist\u00e4. Autoliikkeess\u00e4 tarjottiin ei-oota: vuokraamo oli juuri ostanut pois kaikki kolme tarjokasta. Kahvihammasta alkoi kolottaa ja etsimme sopivaa paikkaa kahvitteluun, kun etupenkill\u00e4 syntyi \u00e4l\u00e4m\u00f6l\u00f6 ja Jyk\u00e4 hypp\u00e4si melkein vauhdissa ulos autosta: parkkipaikalta oli l\u00e4hd\u00f6ss\u00e4 juuri sopivan n\u00e4k\u00f6inen Jimny ikkunassa \u201dmyyd\u00e4\u00e4n\u201d-kyltti.<\/p>\n<p>Jyk\u00e4 otti myyj\u00e4n tiedot yl\u00f6s ja kahvilasta Jannis soitti t\u00e4lle. Auto oli hyv\u00e4 ja vanha ja kallis, koska siit\u00e4 oli vaihdettu koko moottori kertaalleen, muuten kunnossa. Olkoon, meit\u00e4 se lakkasi kiinnostamasta. Kellokin rupesi olemaan sen verran, ett\u00e4 koti alkoi kiskoa puoleensa. Jos kopastaisiin viel\u00e4 Iraklio ja sitten palattaisiin kotiin seuraavaksi y\u00f6ksi.<\/p>\n<p>Ensimm\u00e4isen autoliikkeen pihassa kolme pappaa kiirehti esittelem\u00e4\u00e4n meille aika tuhnuista, punaista Jimny\u00e4. Yhden papan mukaan sen oli omistanut joku toinen pappa, toisen mukaan nuori nainen. Kukaan ei tarjonnut kuitenkaan ex-omistajaksi legendaarista \u201dsokeaa pappia ulkosaaristosta\u201d \u2013 sent\u00e4\u00e4n! Autossa oli ilmiselvi\u00e4 vikoja, esimerkiksi kummallisen l\u00f6ys\u00e4 kytkin. Seh\u00e4n oli \u201dmallille tyypillinen\u201d myyjien mukaan. Tietysti auto oli katsastettu, vaikka rekisterilaatassa oli vuoden 2013 katsastustarra. Hinta olisi ollut kyll\u00e4 edullinen, mutta lopulta l\u00f6ytyi pieni puute myyj\u00e4nkin mielest\u00e4, auton verotodistusta ei ollut ihan viel\u00e4 saatu, mutta toki ihan odotellessa\u2026 \u00a0Naureskellen jatkoimme matkaa ilman punaista Jimny\u00e4.<\/p>\n<p>Viel\u00e4 yksi kokeilu: Jannis soitti miehelle, jolla oli myynniss\u00e4 vuoden 2006 valkoinen Jimny. Autolla oli ajettu kohtuullisen v\u00e4h\u00e4n ja vain kaksi vuotta vuokraamossa, josta myyj\u00e4 oli sen hankkinut. Moottoripy\u00f6r\u00e4huoltamon omistavalla kaverilla oli hyv\u00e4t tiedot tekniikasta. Auto oli siisti ja kuiva ja toimi moitteettomasti. Koeajossa se tuntui hyv\u00e4lle.<\/p>\n<p>Ryhdyimme kaupantekoon, lopultakin! Siis <em>Irakliossa<\/em>, minne matkaa oli kotoa vain kaksi tuntia, y\u00f6vytty\u00e4mme <em>Haniassa, <\/em>nelj\u00e4n tunnin ajomatkan p\u00e4\u00e4ss\u00e4\u2026 No, matkailuhan on koko Kreetalla olomme idea, t\u00e4m\u00e4 oli kaiken kaikkiaan yksi kiva, tapahtumarikas reissu muiden joukossa.<\/p>\n<p>Koska joulunpyh\u00e4t katkaisivat pankkien ja virastojen aukiolon, asiantunteva myyj\u00e4mme sopi rekister\u00f6intitoimistoon ajan torstaiksi 27.12., jolloin me tulisimme rahojen kanssa tekem\u00e4\u00e4n paperit autosta valmiiksi. Niin palasimme joulunviettoon melkein autonomistajina.<\/p>\n<p>Jouluaattona p\u00e4\u00e4timme l\u00e4hte\u00e4 rahan nostoon. Ensimm\u00e4inen pankkiautomaatti ei antanut meille oikein mit\u00e4\u00e4n, joten p\u00e4\u00e4timme menn\u00e4 sis\u00e4\u00e4n pankkiin nostamaan rahaa. Jonotimme puoli tuntia vain kuullaksemme, ettei meid\u00e4n suomalaisilla korteillamme saisi rahaa muuta kuin automaatista. Kreikkalaiselle tilille emme rahaa edes yritt\u00e4neet siirt\u00e4\u00e4 juuri pyhien aiheuttamien katkosten vuoksi. Mik\u00e4 lie ollut sitten automaatissa ongelmana? Yritt\u00e4m\u00e4\u00e4n toisen firman koneella.<\/p>\n<p>Ajoimme v\u00e4h\u00e4n syrj\u00e4isemm\u00e4lle automaatille. Jyk\u00e4 kokeili ensin tonnilla ja kone kahisti kiltisti summan viiskymppisin\u00e4. Lissu pyysi tililt\u00e4\u00e4n kahta tonnia ja kohta k\u00e4vi suhina, kun seteleit\u00e4 tuli tuutista. Jyk\u00e4 p\u00e4\u00e4tti testata, viel\u00e4ko masiinassa oli rahaa, mutta nyt alkoi iso summa tulla ulos kakskymppisin\u00e4. P\u00e4\u00e4ttelimme, ett\u00e4 automaatti oli tyrehtym\u00e4ss\u00e4. Luikimme syyllisin\u00e4 tiehemme ja tungimme setelinippuja Lissun k\u00e4silaukkuun. Toivottavasti takana jonottanut sai viel\u00e4 nostettua joululahjarahat. Lypsimme viel\u00e4 toisen automaatin ja sitten meill\u00e4 oli autorahat koossa, viidenkympin setelein\u00e4.<\/p>\n<p>Auton rekister\u00f6iminen on melkoinen virastoruljanssi. Auton ostoon tarvitaan AFM eli veronumero. Jos ostaja ei ole kreikkalainen, pit\u00e4\u00e4 hommata poliisilta todistus siit\u00e4, ett\u00e4 on Euroopan Unionin kansalainen. N\u00e4m\u00e4 meill\u00e4 oli valmiina. Meid\u00e4n tapauksessamme myyj\u00e4 hommasi er\u00e4\u00e4nlaisesta asianajotoimistosta noin 25 euron palvelun, jolloin rekistr\u00f6intiverot ja omistajanvaihto (n. 150 e) saatiin hoidettua kahden viikon sijasta yhdess\u00e4 iltap\u00e4iv\u00e4ss\u00e4. Muut paperit meill\u00e4 oli, mutta toimistoon tarvittiin valtakirja, joka saatiin valmiilla lomakkeella KEP:ist\u00e4, kunnan \u201dasiointivirastosta\u201d (\u039a\u03ad\u03bd\u03c4\u03c1\u03bf \u0395\u03be\u03c5\u03c0\u03b7\u03c1\u03ad\u03c4\u03b7\u03c3\u03b7\u03c2 \u03a0\u03bf\u03bb\u03b9\u03c4\u03ce\u03bd).<\/p>\n<p>Palasimme Iraklioon 27.12. mukanamme kaikki paperit ja rahat. Toimisto vastaanotti ne ja l\u00e4hti hoitamaan juttua. Odotellessamme paperit\u00f6iden valmistumista juhlistimme autokauppaa sy\u00f6m\u00e4ll\u00e4 yst\u00e4vien kanssa hyvin Iraklion Peskesiss\u00e4 (osoite Kapetan Haralampi 6-8), minolaisia ja uudempia kreetalaisia perinteit\u00e4 nykyaikaan soveltavassa ravintolassa. Erityisesti vuohenkili jugurtissa haudutettuna sai kehuja.<\/p>\n<p>Uusi perheenj\u00e4sen tuli kastettua Viidakko-Jimiksi Jyk\u00e4n kaivettua YouTubesta Eero Raittisen Beatles-coverin jostain 70-luvulta. Siin\u00e4 \u201dViidakko-Jimin pyssy on pam ja p\u00e4\u00e4 on pim\u201d, mik\u00e4 ihana korvamato joululaulujen sijaan!<\/p>\n<p>Massut t\u00e4ynn\u00e4 l\u00e4hdimme hakemaan omaa ajokkia, joka oli sill\u00e4 v\u00e4lin saanut uudet omistajat papereihinsa. Sitten ajelimme kotiin ja Viidakko-Jim pelasi ihan niin kuin piti. P\u00e4\u00e4simme p\u00e4iv\u00e4\u00e4 my\u00f6h\u00e4ss\u00e4 \u201dtapaninajelulle\u201d omalla ajopelill\u00e4.<\/p>\n<p><img loading=\"lazy\" decoding=\"async\" class=\"size-medium wp-image-371 aligncenter\" src=\"https:\/\/blogit.kreeta.info\/kesamokkikreetalla\/wp-content\/uploads\/sites\/7\/2019\/02\/20181230-8-300x200.jpg\" alt=\"\" width=\"300\" height=\"200\" srcset=\"https:\/\/blogit.kreeta.info\/kesamokkikreetalla\/wp-content\/uploads\/sites\/7\/2019\/02\/20181230-8-300x200.jpg 300w, https:\/\/blogit.kreeta.info\/kesamokkikreetalla\/wp-content\/uploads\/sites\/7\/2019\/02\/20181230-8.jpg 640w\" sizes=\"auto, (max-width: 300px) 100vw, 300px\" \/><\/p>\n<p><strong>Reippailua raikkaassa luonnossa<\/strong><\/p>\n<p>Talvimatkailun parhaita puolia on se, ett\u00e4 helle ei rasita kroppaa. Suomessa ehti tulla parahiksi liukkaat kelit ennen joululomaa, joten oli ihanaa p\u00e4\u00e4st\u00e4 k\u00e4velem\u00e4\u00e4n lumettomalle maalle vihreyden keskelle. Teimme useita muutaman tunnin patikkaretki\u00e4, joista muutama kyll\u00e4kin sai melko m\u00e4r\u00e4t loppuosuudet, kun aamup\u00e4iv\u00e4n aurinko vaihtui vuorten yli vy\u00f6ryviin mustiin pilviin ja raskaisiin sadekuuroihin.<\/p>\n<p>K\u00e4velimme Mirtoksen l\u00e4hist\u00f6ll\u00e4 Mithin kyl\u00e4n yl\u00e4puolella \u201dminolaista polkua\u201d noin 470 metrin korkeuteen. S\u00f6imme retkiev\u00e4\u00e4t vanhan viljanpuintikeh\u00e4n, alonin, reunakivill\u00e4 istuskellen. Mirtoksen kyl\u00e4ss\u00e4 on retkeily-yritt\u00e4ji\u00e4, jotka yll\u00e4pit\u00e4v\u00e4t polkuja. Ne ovat melko hyvin maastoon merkittyj\u00e4 ja niist\u00e4 l\u00f6ytyy karttoja.<\/p>\n<p>Aurinko paistoi kirkkaalta taivaalta viel\u00e4 l\u00e4htiess\u00e4mme, vain vuorilla oli pilvi\u00e4. Laskimme kolmetoista korppikotkaa kaartelemassa ukkosenmustia pilvi\u00e4 vasten. Tavanomaisesta poiketen n\u00e4m\u00e4 pilvet eiv\u00e4t kuitenkaan j\u00e4\u00e4neet vuorten p\u00e4\u00e4lle vaan olivatkin alkusoittoa p\u00e4iv\u00e4kausien kuurosateille.<\/p>\n<div id=\"attachment_372\" style=\"width: 310px\" class=\"wp-caption alignnone\"><img loading=\"lazy\" decoding=\"async\" aria-describedby=\"caption-attachment-372\" class=\"wp-image-372 size-medium\" src=\"https:\/\/blogit.kreeta.info\/kesamokkikreetalla\/wp-content\/uploads\/sites\/7\/2019\/02\/20181230-15-300x200.jpg\" alt=\"\" width=\"300\" height=\"200\" srcset=\"https:\/\/blogit.kreeta.info\/kesamokkikreetalla\/wp-content\/uploads\/sites\/7\/2019\/02\/20181230-15-300x200.jpg 300w, https:\/\/blogit.kreeta.info\/kesamokkikreetalla\/wp-content\/uploads\/sites\/7\/2019\/02\/20181230-15.jpg 640w\" sizes=\"auto, (max-width: 300px) 100vw, 300px\" \/><p id=\"caption-attachment-372\" class=\"wp-caption-text\">N\u00e4m\u00e4 pilvet olivat tosissaan ylitt\u00e4ess\u00e4\u00e4n Dikti-vuoret selustassamme<\/p><\/div>\n<p>Ev\u00e4stauon lopussa alkoi ripeksi\u00e4, polun puoliv\u00e4liss\u00e4 tihuuttaa, ja lopulta vesi valui puroina pitkin polkua ja meid\u00e4n selki\u00e4mme. Me olimme kuin uitetut, kun p\u00e4\u00e4simme takaisin kyl\u00e4\u00e4n. Mutta eip\u00e4 tarvinnut hyp\u00e4t\u00e4 m\u00e4rkin\u00e4 moottoripy\u00f6r\u00e4n kyytiin! Jimi puhisi kuumaa ilmaa kuin paraskin talviauto.<\/p>\n<div id=\"attachment_381\" style=\"width: 310px\" class=\"wp-caption alignnone\"><img loading=\"lazy\" decoding=\"async\" aria-describedby=\"caption-attachment-381\" class=\"wp-image-381 size-medium\" src=\"https:\/\/blogit.kreeta.info\/kesamokkikreetalla\/wp-content\/uploads\/sites\/7\/2019\/02\/20190103-300x225.jpg\" alt=\"\" width=\"300\" height=\"225\" srcset=\"https:\/\/blogit.kreeta.info\/kesamokkikreetalla\/wp-content\/uploads\/sites\/7\/2019\/02\/20190103-300x225.jpg 300w, https:\/\/blogit.kreeta.info\/kesamokkikreetalla\/wp-content\/uploads\/sites\/7\/2019\/02\/20190103.jpg 640w\" sizes=\"auto, (max-width: 300px) 100vw, 300px\" \/><p id=\"caption-attachment-381\" class=\"wp-caption-text\">Urhea Viidakko-Jimi porskuttaa kaatosateessa<\/p><\/div>\n<p>Siperiasta kurkotti koko Euroopan ylle huuruinen ilmavirtaus ja Pohjois-Kreikassa tuprutti oikein kunnolla lunta, kuten uutiskuvista n\u00e4htiin. Uutiset m\u00e4ttiv\u00e4t kuvia kinoksista ja niit\u00e4 p\u00e4ivittelevist\u00e4 kansalaisista ja viranomaisista, taustalla tappajahaimainen kauhumusiikki. Mutta yll\u00e4tt\u00e4\u00e4h\u00e4n talvi joka vuosi suomalaisetkin&#8230; Kreetalla lumi tuli vuorille, jopa alle 500 metriin, mutta alempana satoi\u00a0vett\u00e4 ja pariin otteeseen rakeita. Kreetan siet\u00e4\u00e4kin saada vihdoin vett\u00e4, varsinkin etel\u00e4rannikko on ollut rutikuiva jo useamman vuoden. Saimme nauttia hurjista, jylisevist\u00e4 vaahtop\u00e4ist\u00e4 merell\u00e4 ja upeista sateenkaarista kuurojen lomassa.<\/p>\n<p>Kun oli luvattu aamup\u00e4iv\u00e4ksi aurinkoa, k\u00e4velimme kolmen tunnin reissun katsastamaan kotikyl\u00e4mme l\u00e4hist\u00f6ll\u00e4 olevan Milonaksen putouksen, jonne viev\u00e4n polun alussa viime kes\u00e4n\u00e4 oli surullinen kyltti: \u201dNo water \u2013 no waterfall\u201d. Nyt vett\u00e4 suihkusi alas korkeaa, pystysuoraa kalliota muutama hopeinen rihma. Viime kes\u00e4n\u00e4 ihan tyhjill\u00e4\u00e4n ollut lampi oli melkein puolillaan. Saniaiset rehottivat vihantina sein\u00e4m\u00e4n onkaloissa.<\/p>\n<p><img loading=\"lazy\" decoding=\"async\" class=\"alignnone size-medium wp-image-376\" src=\"https:\/\/blogit.kreeta.info\/kesamokkikreetalla\/wp-content\/uploads\/sites\/7\/2019\/02\/20190102-9-300x200.jpg\" alt=\"\" width=\"300\" height=\"200\" srcset=\"https:\/\/blogit.kreeta.info\/kesamokkikreetalla\/wp-content\/uploads\/sites\/7\/2019\/02\/20190102-9-300x200.jpg 300w, https:\/\/blogit.kreeta.info\/kesamokkikreetalla\/wp-content\/uploads\/sites\/7\/2019\/02\/20190102-9.jpg 640w\" sizes=\"auto, (max-width: 300px) 100vw, 300px\" \/><\/p>\n<p>Ehdimme nippa nappa ev\u00e4iden kimppuun, kun vesisade alkoi. Rannikolla paistoi aurinko, sen pystyimme n\u00e4kem\u00e4\u00e4n, mutta laakson ylle ulottuivat vuoria peitt\u00e4v\u00e4t pilvipatjat. Hyv\u00e4 hyv\u00e4, lis\u00e4\u00e4 vett\u00e4 putoukseen! Sill\u00e4 kertaa meill\u00e4 oli sadetakit mukana, joten patikoiminen ei muuttunut painajaiseksi.<\/p>\n<div id=\"attachment_375\" style=\"width: 310px\" class=\"wp-caption alignnone\"><img loading=\"lazy\" decoding=\"async\" aria-describedby=\"caption-attachment-375\" class=\"wp-image-375 size-medium\" src=\"https:\/\/blogit.kreeta.info\/kesamokkikreetalla\/wp-content\/uploads\/sites\/7\/2019\/02\/20190102-5-300x200.jpg\" alt=\"\" width=\"300\" height=\"200\" srcset=\"https:\/\/blogit.kreeta.info\/kesamokkikreetalla\/wp-content\/uploads\/sites\/7\/2019\/02\/20190102-5-300x200.jpg 300w, https:\/\/blogit.kreeta.info\/kesamokkikreetalla\/wp-content\/uploads\/sites\/7\/2019\/02\/20190102-5.jpg 640w\" sizes=\"auto, (max-width: 300px) 100vw, 300px\" \/><p id=\"caption-attachment-375\" class=\"wp-caption-text\">Pilvet sulkivat vuoret sis\u00e4\u00e4ns\u00e4 vaikka rannalle paistoi aurinko<\/p><\/div>\n<p>&nbsp;<\/p>\n<p>Sateisellakin s\u00e4\u00e4ll\u00e4 Kreeta on kaunis! V\u00e4list\u00e4 meri aaltoilee valtavina vuorina. Mustikansiniset pilvet kulkevat pitkin taivasta niin, ettei merenpintaa erota taivaasta. Ylemp\u00e4n\u00e4 tuuli ajaa vaaleampia hattaroita tummaa taustaa vasten, alempana vaahtop\u00e4\u00e4t kurkottavat kohti vett\u00e4 viist\u00e4vi\u00e4 pilvi\u00e4. Uudenvuodeny\u00f6n\u00e4 n\u00e4imme oikean luonnon ilotulituksen, kun merell\u00e4 salamoi iltap\u00e4iv\u00e4st\u00e4 aamuy\u00f6h\u00f6n.<\/p>\n<p><img loading=\"lazy\" decoding=\"async\" class=\"alignnone size-medium wp-image-379\" src=\"https:\/\/blogit.kreeta.info\/kesamokkikreetalla\/wp-content\/uploads\/sites\/7\/2019\/02\/20190103-3-300x200.jpg\" alt=\"\" width=\"300\" height=\"200\" srcset=\"https:\/\/blogit.kreeta.info\/kesamokkikreetalla\/wp-content\/uploads\/sites\/7\/2019\/02\/20190103-3-300x200.jpg 300w, https:\/\/blogit.kreeta.info\/kesamokkikreetalla\/wp-content\/uploads\/sites\/7\/2019\/02\/20190103-3.jpg 640w\" sizes=\"auto, (max-width: 300px) 100vw, 300px\" \/><img loading=\"lazy\" decoding=\"async\" class=\"alignnone size-medium wp-image-378\" src=\"https:\/\/blogit.kreeta.info\/kesamokkikreetalla\/wp-content\/uploads\/sites\/7\/2019\/02\/20190103-2-300x200.jpg\" alt=\"\" width=\"300\" height=\"200\" srcset=\"https:\/\/blogit.kreeta.info\/kesamokkikreetalla\/wp-content\/uploads\/sites\/7\/2019\/02\/20190103-2-300x200.jpg 300w, https:\/\/blogit.kreeta.info\/kesamokkikreetalla\/wp-content\/uploads\/sites\/7\/2019\/02\/20190103-2.jpg 640w\" sizes=\"auto, (max-width: 300px) 100vw, 300px\" \/><\/p>\n<p>Maasto, joka kes\u00e4ll\u00e4 on kuivaa ja ruskeaa, puskee vihre\u00e4\u00e4 joka puolella. Tosin suurelta osin t\u00e4m\u00e4 vihreys johtuu viheli\u00e4isest\u00e4 valtaajakasvista nimelt\u00e4 nuokkuk\u00e4enkaali, joka varastaa alaa muilta kasveilta. Se tuntuu viihtyv\u00e4t erityisesti alueilla, joissa maanpinta on kuorittu muista kasveista, kuten oliivipuiden alla. Kreikassakin yritet\u00e4\u00e4n viljelij\u00f6ille ujuttaa ajatusta siit\u00e4, ett\u00e4 maan tulisi olla katettu eik\u00e4 paljas ja eroosiolle altis, mutta vanhat tottumukset ovat sitke\u00e4ss\u00e4. Oliivitarhoja harataan paljaiksi ja k\u00e4enkaali levi\u00e4\u00e4. Toivottavasti se samalla tekee osansa maan suojana. Kukkiessaan se kyll\u00e4 on kaunis, kuin kultaa olisi valettu puiden alle varjoon ja kukkuloiden rinteille.<\/p>\n<p><img loading=\"lazy\" decoding=\"async\" class=\"alignnone size-medium wp-image-361\" src=\"https:\/\/blogit.kreeta.info\/kesamokkikreetalla\/wp-content\/uploads\/sites\/7\/2019\/02\/20181223-20-300x200.jpg\" alt=\"\" width=\"300\" height=\"200\" srcset=\"https:\/\/blogit.kreeta.info\/kesamokkikreetalla\/wp-content\/uploads\/sites\/7\/2019\/02\/20181223-20-300x200.jpg 300w, https:\/\/blogit.kreeta.info\/kesamokkikreetalla\/wp-content\/uploads\/sites\/7\/2019\/02\/20181223-20.jpg 640w\" sizes=\"auto, (max-width: 300px) 100vw, 300px\" \/><\/p>\n<p>N\u00e4htiin pitk\u00e4st\u00e4 aikaa, ett\u00e4 my\u00f6s Mirtos-joessa kohisi vesi! Toivottavasti rannat kest\u00e4v\u00e4t eiv\u00e4tk\u00e4 valu sen mukana mereen. Viel\u00e4 joulukuun puoliv\u00e4liss\u00e4 Sarakinan rotkossa ei ollut vett\u00e4, nyt tilanne voi olla toinen. Kuvia on jo n\u00e4hty sosiaalisessa mediassa, ett\u00e4 Bramianan tekoj\u00e4rvi alkaa hiljalleen t\u00e4ytty\u00e4 vedell\u00e4 oltuaan l\u00e4hes kuivana.<\/p>\n<div id=\"attachment_380\" style=\"width: 310px\" class=\"wp-caption alignnone\"><img loading=\"lazy\" decoding=\"async\" aria-describedby=\"caption-attachment-380\" class=\"wp-image-380 size-medium\" src=\"https:\/\/blogit.kreeta.info\/kesamokkikreetalla\/wp-content\/uploads\/sites\/7\/2019\/02\/20190103-5-300x200.jpg\" alt=\"\" width=\"300\" height=\"200\" srcset=\"https:\/\/blogit.kreeta.info\/kesamokkikreetalla\/wp-content\/uploads\/sites\/7\/2019\/02\/20190103-5-300x200.jpg 300w, https:\/\/blogit.kreeta.info\/kesamokkikreetalla\/wp-content\/uploads\/sites\/7\/2019\/02\/20190103-5.jpg 640w\" sizes=\"auto, (max-width: 300px) 100vw, 300px\" \/><p id=\"caption-attachment-380\" class=\"wp-caption-text\">Mirtos-joessa virtaa vesi ensi kertaa vuosiin<\/p><\/div>\n<p><strong>Kaksipy\u00f6r\u00e4iset joululoma-ajossa<\/strong><\/p>\n<p>Moottoripy\u00f6r\u00e4ll\u00e4 ajelimme s\u00e4\u00e4st\u00e4 johtuen varsin v\u00e4h\u00e4n. Ennen Viidakko-Jimi\u00e4 ja sateita k\u00e4vimme Guzzilla kaupungilla. L\u00e4mp\u00f6mittari n\u00e4ytti kahdeksaatoista, oli tyynt\u00e4 ja aurinko paistoi. Farkuilla tarkeni, mutta puimme yllemme suomalaiset ajotakit.<\/p>\n<div id=\"attachment_359\" style=\"width: 310px\" class=\"wp-caption alignnone\"><img loading=\"lazy\" decoding=\"async\" aria-describedby=\"caption-attachment-359\" class=\"wp-image-359 size-medium\" src=\"https:\/\/blogit.kreeta.info\/kesamokkikreetalla\/wp-content\/uploads\/sites\/7\/2019\/02\/20181222-1-300x225.jpg\" alt=\"\" width=\"300\" height=\"225\" srcset=\"https:\/\/blogit.kreeta.info\/kesamokkikreetalla\/wp-content\/uploads\/sites\/7\/2019\/02\/20181222-1-300x225.jpg 300w, https:\/\/blogit.kreeta.info\/kesamokkikreetalla\/wp-content\/uploads\/sites\/7\/2019\/02\/20181222-1.jpg 640w\" sizes=\"auto, (max-width: 300px) 100vw, 300px\" \/><p id=\"caption-attachment-359\" class=\"wp-caption-text\">Aurinkoinen joulunajan keskip\u00e4iv\u00e4 Ierapetrassa. Lapset ajelevat karusellissa ja s\u00e4\u00e4 vastaa parhainta vappukeli\u00e4 kotimaassa.<\/p><\/div>\n<p><img loading=\"lazy\" decoding=\"async\" class=\"wp-image-365 size-medium aligncenter\" src=\"https:\/\/blogit.kreeta.info\/kesamokkikreetalla\/wp-content\/uploads\/sites\/7\/2019\/02\/20181229-6-300x225.jpg\" alt=\"\" width=\"300\" height=\"225\" srcset=\"https:\/\/blogit.kreeta.info\/kesamokkikreetalla\/wp-content\/uploads\/sites\/7\/2019\/02\/20181229-6-300x225.jpg 300w, https:\/\/blogit.kreeta.info\/kesamokkikreetalla\/wp-content\/uploads\/sites\/7\/2019\/02\/20181229-6.jpg 640w\" sizes=\"auto, (max-width: 300px) 100vw, 300px\" \/><\/p>\n<p>Pegasolla teimme retken Dafnin haudalle. Jyk\u00e4 oli koeajanut reitin, onneksi, sill\u00e4 Lissun mielest\u00e4 oliivitarhojen pikkutiet olivat v\u00e4lill\u00e4 hirve\u00e4n jyrkki\u00e4. Mutta pakko luottaa, ett\u00e4 niist\u00e4 selvit\u00e4\u00e4n, kun toinen on jo kerran sen tehnyt. Pys\u00e4k\u00f6imme polvenkorkuiseen ruohikkoon, josta kes\u00e4ll\u00e4 ei ole tietoakaan.<\/p>\n<div id=\"attachment_367\" style=\"width: 310px\" class=\"wp-caption alignleft\"><img loading=\"lazy\" decoding=\"async\" aria-describedby=\"caption-attachment-367\" class=\"wp-image-367 size-medium\" src=\"https:\/\/blogit.kreeta.info\/kesamokkikreetalla\/wp-content\/uploads\/sites\/7\/2019\/02\/20181229-11-300x225.jpg\" alt=\"\" width=\"300\" height=\"225\" srcset=\"https:\/\/blogit.kreeta.info\/kesamokkikreetalla\/wp-content\/uploads\/sites\/7\/2019\/02\/20181229-11-300x225.jpg 300w, https:\/\/blogit.kreeta.info\/kesamokkikreetalla\/wp-content\/uploads\/sites\/7\/2019\/02\/20181229-11.jpg 640w\" sizes=\"auto, (max-width: 300px) 100vw, 300px\" \/><p id=\"caption-attachment-367\" class=\"wp-caption-text\">Rahapuun runko on reidenvahvuinen ja pensaan koko metri kertaa metri<\/p><\/div>\n<div id=\"attachment_368\" style=\"width: 235px\" class=\"wp-caption alignright\"><img loading=\"lazy\" decoding=\"async\" aria-describedby=\"caption-attachment-368\" class=\"wp-image-368 size-medium\" src=\"https:\/\/blogit.kreeta.info\/kesamokkikreetalla\/wp-content\/uploads\/sites\/7\/2019\/02\/20181229-14-e1549967783348-225x300.jpg\" alt=\"\" width=\"225\" height=\"300\" srcset=\"https:\/\/blogit.kreeta.info\/kesamokkikreetalla\/wp-content\/uploads\/sites\/7\/2019\/02\/20181229-14-e1549967783348-225x300.jpg 225w, https:\/\/blogit.kreeta.info\/kesamokkikreetalla\/wp-content\/uploads\/sites\/7\/2019\/02\/20181229-14-e1549967783348.jpg 480w\" sizes=\"auto, (max-width: 225px) 100vw, 225px\" \/><p id=\"caption-attachment-368\" class=\"wp-caption-text\">Ei mit\u00e4\u00e4n huonekasveja n\u00e4m\u00e4 jukat!<\/p><\/div>\n<p>&nbsp;<\/p>\n<p>&nbsp;<\/p>\n<p>&nbsp;<\/p>\n<p>&nbsp;<\/p>\n<p>&nbsp;<\/p>\n<p>&nbsp;<\/p>\n<p>&nbsp;<\/p>\n<p>&nbsp;<\/p>\n<p>&nbsp;<\/p>\n<p>Vanhalla tarhalla kukki valtava rahapuu, joka on istutettu sinne useita vuosikymmeni\u00e4 sitten. Yucca-palmut kohosivat kolmimetrisin\u00e4 taempana. Bougainvillea luikerteli maata pitkin talviasussaan, vain muutaman vihre\u00e4n lehden ja kukinnon voimin. Ikivanhat korallinpunaiset pelargoniat aloittelivat kukintaansa vedest\u00e4 virkistyneen\u00e4. Pieni aukio oli sinisen\u00e4\u00e4n vuokkoja. Vihre\u00e4 rinne kohosi taustalla, sen edess\u00e4 vanhan vesimyllyn kivinen putki, ja sen vierell\u00e4 vaatimaton kumpu. Asetimme Dafnin haudalle kiven ja pienen kimpun vuokkoja.<\/p>\n<p><img loading=\"lazy\" decoding=\"async\" class=\"aligncenter wp-image-366 size-medium\" src=\"https:\/\/blogit.kreeta.info\/kesamokkikreetalla\/wp-content\/uploads\/sites\/7\/2019\/02\/20181229-10-300x225.jpg\" alt=\"\" width=\"300\" height=\"225\" srcset=\"https:\/\/blogit.kreeta.info\/kesamokkikreetalla\/wp-content\/uploads\/sites\/7\/2019\/02\/20181229-10-300x225.jpg 300w, https:\/\/blogit.kreeta.info\/kesamokkikreetalla\/wp-content\/uploads\/sites\/7\/2019\/02\/20181229-10.jpg 640w\" sizes=\"auto, (max-width: 300px) 100vw, 300px\" \/><\/p>\n<p>Dafnin kuolema oli odottamaton mutta ehk\u00e4 ei sittenk\u00e4\u00e4n niin \u00e4killinen kuin aluksi luulimme. Saattaa olla, ett\u00e4 rakkaalla bokserillamme oli jokin sy\u00f6p\u00e4, joka vei loppuvaiheessa veret ja voimat. Vain parin viikon p\u00e4\u00e4st\u00e4 Dafnin j\u00e4lkeen sen veli menehtyi Suomessa hyvin samankaltaisiin oireisiin, joiden syyn\u00e4 oli sy\u00f6p\u00e4. Me emme koskaan saa tiet\u00e4\u00e4, mutta on lohduttavaa ajatella, ettei koiramme ehk\u00e4 sittenk\u00e4\u00e4n sy\u00f6nyt myrkky\u00e4.<\/p>\n<p>Teimme toisenkin ajoretken Pegasolla. Loppiaisena k\u00e4velimme pitk\u00e4st\u00e4 aikaa aamulenkill\u00e4 rannalle. Sielt\u00e4 huomasimme, ett\u00e4 edellisen illan salamointi vuorilla oli johtunut sen verran kovasta kuurottelusta, ett\u00e4 jopa Thriptin huiput olivat valkoisina! Korkeimpana kumotti Afentis lumipeitteen alla, huippu, jonne viime kes\u00e4n\u00e4 nousimme Pegason kyydiss\u00e4.<\/p>\n<div id=\"attachment_387\" style=\"width: 310px\" class=\"wp-caption alignnone\"><img loading=\"lazy\" decoding=\"async\" aria-describedby=\"caption-attachment-387\" class=\"size-medium wp-image-387\" src=\"https:\/\/blogit.kreeta.info\/kesamokkikreetalla\/wp-content\/uploads\/sites\/7\/2019\/02\/20190106-15-300x225.jpg\" alt=\"\" width=\"300\" height=\"225\" srcset=\"https:\/\/blogit.kreeta.info\/kesamokkikreetalla\/wp-content\/uploads\/sites\/7\/2019\/02\/20190106-15-300x225.jpg 300w, https:\/\/blogit.kreeta.info\/kesamokkikreetalla\/wp-content\/uploads\/sites\/7\/2019\/02\/20190106-15.jpg 640w\" sizes=\"auto, (max-width: 300px) 100vw, 300px\" \/><p id=\"caption-attachment-387\" class=\"wp-caption-text\">Koutsounari sai uudet raamit, kun vuorille tuli lunta<\/p><\/div>\n<p>P\u00e4\u00e4timme oitis l\u00e4hte\u00e4 katsomaan lunta l\u00e4hemp\u00e4\u00e4. Ylle l\u00e4mmint\u00e4 ja maastomoottoripy\u00f6r\u00e4 alle. S\u00e4\u00e4 kylmeni selv\u00e4sti sit\u00e4 mukaa kun tie kaarteli ylemm\u00e4s. Agios Ioanniksessa paistoi aurinko mutta autojen konepelleilt\u00e4 oli valunut alas kunnon kasat loskaa, ja rakennusten pohjoispuolella oli viel\u00e4 sulamatonta lunta.<\/p>\n<p>Lumi tuli vastaan n. 700 metriss\u00e4. Muutama autokuntakin ohitti meid\u00e4t, ehk\u00e4 k\u00e4viv\u00e4t viinitarhoillaan, ehk\u00e4 vain huvikseen ajoivat lunta katsomaan. Joka talvi n\u00e4kee kuvia, joissa v\u00e4ki on ajanut vuorille lunta ihmettelem\u00e4\u00e4n ja sitten autot ovat jumissa kes\u00e4renkaineen jyrkill\u00e4 teill\u00e4. Me valokuvasimme ja hulluttelimme heittelem\u00e4ll\u00e4 lumipalloja. Ihan oikeaa tavaraa se oli!<\/p>\n<p><img loading=\"lazy\" decoding=\"async\" class=\"alignnone size-medium wp-image-384\" src=\"https:\/\/blogit.kreeta.info\/kesamokkikreetalla\/wp-content\/uploads\/sites\/7\/2019\/02\/20190106-5-300x200.jpg\" alt=\"\" width=\"300\" height=\"200\" srcset=\"https:\/\/blogit.kreeta.info\/kesamokkikreetalla\/wp-content\/uploads\/sites\/7\/2019\/02\/20190106-5-300x200.jpg 300w, https:\/\/blogit.kreeta.info\/kesamokkikreetalla\/wp-content\/uploads\/sites\/7\/2019\/02\/20190106-5.jpg 640w\" sizes=\"auto, (max-width: 300px) 100vw, 300px\" \/><img loading=\"lazy\" decoding=\"async\" class=\"aligncenter wp-image-385 size-medium\" src=\"https:\/\/blogit.kreeta.info\/kesamokkikreetalla\/wp-content\/uploads\/sites\/7\/2019\/02\/20190106-10-e1549824860191-200x300.jpg\" alt=\"\" width=\"200\" height=\"300\" srcset=\"https:\/\/blogit.kreeta.info\/kesamokkikreetalla\/wp-content\/uploads\/sites\/7\/2019\/02\/20190106-10-e1549824860191-200x300.jpg 200w, https:\/\/blogit.kreeta.info\/kesamokkikreetalla\/wp-content\/uploads\/sites\/7\/2019\/02\/20190106-10-e1549824860191.jpg 427w\" sizes=\"auto, (max-width: 200px) 100vw, 200px\" \/><\/p>\n<p><img loading=\"lazy\" decoding=\"async\" class=\"alignnone size-medium wp-image-383\" src=\"https:\/\/blogit.kreeta.info\/kesamokkikreetalla\/wp-content\/uploads\/sites\/7\/2019\/02\/20190106-2-300x200.jpg\" alt=\"\" width=\"300\" height=\"200\" srcset=\"https:\/\/blogit.kreeta.info\/kesamokkikreetalla\/wp-content\/uploads\/sites\/7\/2019\/02\/20190106-2-300x200.jpg 300w, https:\/\/blogit.kreeta.info\/kesamokkikreetalla\/wp-content\/uploads\/sites\/7\/2019\/02\/20190106-2.jpg 640w\" sizes=\"auto, (max-width: 300px) 100vw, 300px\" \/><\/p>\n<p>L\u00e4ht\u00f6p\u00e4iv\u00e4n\u00e4mme\u00a0 lunta tuli rinteille jo alle puolessa kilometriss\u00e4. Saimme Nikos-yst\u00e4v\u00e4lt\u00e4mme aamuvarhaisella kyydin lentokent\u00e4lle ja Selinarin paikkeilla saaren pohjoispuolen valtatiell\u00e4 satoi rakeita kuin r\u00e4nt\u00e4\u00e4. Ateenassa leijaili pieni\u00e4 pakkashiutaleita ja talojen ja autojen katot olivat valkoisina ennen kuin aamuaurinko ehti sulattaa lumen pois.<\/p>\n<div id=\"attachment_388\" style=\"width: 310px\" class=\"wp-caption alignnone\"><img loading=\"lazy\" decoding=\"async\" aria-describedby=\"caption-attachment-388\" class=\"size-medium wp-image-388\" src=\"https:\/\/blogit.kreeta.info\/kesamokkikreetalla\/wp-content\/uploads\/sites\/7\/2019\/02\/20190108-1-300x225.jpg\" alt=\"\" width=\"300\" height=\"225\" srcset=\"https:\/\/blogit.kreeta.info\/kesamokkikreetalla\/wp-content\/uploads\/sites\/7\/2019\/02\/20190108-1-300x225.jpg 300w, https:\/\/blogit.kreeta.info\/kesamokkikreetalla\/wp-content\/uploads\/sites\/7\/2019\/02\/20190108-1.jpg 640w\" sizes=\"auto, (max-width: 300px) 100vw, 300px\" \/><p id=\"caption-attachment-388\" class=\"wp-caption-text\">Ateena her\u00e4\u00e4 lumiseen aamuun<\/p><\/div>\n<p>Kreetan kev\u00e4\u00e4ss\u00e4 on luultavasti tiedossa enn\u00e4tysm\u00e4inen kukkapaljous, kun kuivuudessa juroneet siemenet it\u00e4v\u00e4t ja juopunut kasvikunta juhlii uutta el\u00e4m\u00e4\u00e4. Kunpa vain p\u00e4\u00e4sisi sit\u00e4 katsomaan!<\/p>\n<div id=\"attachment_374\" style=\"width: 310px\" class=\"wp-caption aligncenter\"><img loading=\"lazy\" decoding=\"async\" aria-describedby=\"caption-attachment-374\" class=\"wp-image-374 size-medium\" src=\"https:\/\/blogit.kreeta.info\/kesamokkikreetalla\/wp-content\/uploads\/sites\/7\/2019\/02\/20190101-2-300x225.jpg\" alt=\"\" width=\"300\" height=\"225\" srcset=\"https:\/\/blogit.kreeta.info\/kesamokkikreetalla\/wp-content\/uploads\/sites\/7\/2019\/02\/20190101-2-300x225.jpg 300w, https:\/\/blogit.kreeta.info\/kesamokkikreetalla\/wp-content\/uploads\/sites\/7\/2019\/02\/20190101-2.jpg 640w\" sizes=\"auto, (max-width: 300px) 100vw, 300px\" \/><p id=\"caption-attachment-374\" class=\"wp-caption-text\">Vuokot kukkivat jo vuodenvaihteessa ensimm\u00e4isin\u00e4 &#8221;kev\u00e4tkukkina&#8221;, kun kuivuus v\u00e4istyy<\/p><\/div>\n<p>Kes\u00e4m\u00f6kkireissun matkaliput on jo joulumatkaa muistellessa varattuna, t\u00e4ytyy vaan malttaa odotella suvivirteen saakka.<\/p>\n<p>Siihen saakka,<\/p>\n<p>terveisin<\/p>\n<p>Lissu ja Jyk\u00e4<\/p>\n<p>&nbsp;<\/p>\n","protected":false},"excerpt":{"rendered":"<p>&nbsp; \u00a0 \u00a0\u00a0\u00a0 \u00a0 \u00a0 \u00a0 \u00a0 \u00a0 Talvisateiden ilmasto Kun varaa kolmen viikon etel\u00e4nmatkan joulun ymp\u00e4rille, ei s\u00e4\u00e4t\u00e4 voi ostaa. Euroopan etel\u00e4isin kolkka oli vuodenvaihteessa 2018 &#8211; 19 varsin vilpoinen ja sateinen. Suomalainenhan&#46;&#46;&#46;<\/p>\n","protected":false},"author":4,"featured_media":356,"comment_status":"closed","ping_status":"closed","sticky":false,"template":"","format":"standard","meta":{"_acf_changed":false,"footnotes":""},"categories":[1],"tags":[],"class_list":["post-351","post","type-post","status-publish","format-standard","has-post-thumbnail","hentry","category-yleinen"],"acf":[],"_links":{"self":[{"href":"https:\/\/blogit.kreeta.info\/kesamokkikreetalla\/wp-json\/wp\/v2\/posts\/351","targetHints":{"allow":["GET"]}}],"collection":[{"href":"https:\/\/blogit.kreeta.info\/kesamokkikreetalla\/wp-json\/wp\/v2\/posts"}],"about":[{"href":"https:\/\/blogit.kreeta.info\/kesamokkikreetalla\/wp-json\/wp\/v2\/types\/post"}],"author":[{"embeddable":true,"href":"https:\/\/blogit.kreeta.info\/kesamokkikreetalla\/wp-json\/wp\/v2\/users\/4"}],"replies":[{"embeddable":true,"href":"https:\/\/blogit.kreeta.info\/kesamokkikreetalla\/wp-json\/wp\/v2\/comments?post=351"}],"version-history":[{"count":15,"href":"https:\/\/blogit.kreeta.info\/kesamokkikreetalla\/wp-json\/wp\/v2\/posts\/351\/revisions"}],"predecessor-version":[{"id":399,"href":"https:\/\/blogit.kreeta.info\/kesamokkikreetalla\/wp-json\/wp\/v2\/posts\/351\/revisions\/399"}],"wp:featuredmedia":[{"embeddable":true,"href":"https:\/\/blogit.kreeta.info\/kesamokkikreetalla\/wp-json\/wp\/v2\/media\/356"}],"wp:attachment":[{"href":"https:\/\/blogit.kreeta.info\/kesamokkikreetalla\/wp-json\/wp\/v2\/media?parent=351"}],"wp:term":[{"taxonomy":"category","embeddable":true,"href":"https:\/\/blogit.kreeta.info\/kesamokkikreetalla\/wp-json\/wp\/v2\/categories?post=351"},{"taxonomy":"post_tag","embeddable":true,"href":"https:\/\/blogit.kreeta.info\/kesamokkikreetalla\/wp-json\/wp\/v2\/tags?post=351"}],"curies":[{"name":"wp","href":"https:\/\/api.w.org\/{rel}","templated":true}]}}