{"id":400,"date":"2019-07-17T11:21:41","date_gmt":"2019-07-17T08:21:41","guid":{"rendered":"https:\/\/blogit.kreeta.info\/kesamokkikreetalla\/?p=400"},"modified":"2024-01-10T10:19:22","modified_gmt":"2024-01-10T08:19:22","slug":"lampimia-oita-viilea-meri-ja-kuumaa-asfalttia-kreikan-kesa","status":"publish","type":"post","link":"https:\/\/blogit.kreeta.info\/kesamokkikreetalla\/2019\/07\/17\/lampimia-oita-viilea-meri-ja-kuumaa-asfalttia-kreikan-kesa\/","title":{"rendered":"L\u00e4mpimi\u00e4\u00a0\u00f6it\u00e4, viile\u00e4 meri\u00a0ja kuumaa asfalttia, Kreikan kes\u00e4!\u00a0"},"content":{"rendered":"<p><img loading=\"lazy\" decoding=\"async\" class=\"size-medium wp-image-419 aligncenter\" src=\"https:\/\/blogit.kreeta.info\/kesamokkikreetalla\/wp-content\/uploads\/sites\/7\/2019\/07\/akantit-300x225.jpg\" alt=\"\" width=\"300\" height=\"225\" srcset=\"https:\/\/blogit.kreeta.info\/kesamokkikreetalla\/wp-content\/uploads\/sites\/7\/2019\/07\/akantit-300x225.jpg 300w, https:\/\/blogit.kreeta.info\/kesamokkikreetalla\/wp-content\/uploads\/sites\/7\/2019\/07\/akantit-768x576.jpg 768w, https:\/\/blogit.kreeta.info\/kesamokkikreetalla\/wp-content\/uploads\/sites\/7\/2019\/07\/akantit.jpg 960w\" sizes=\"auto, (max-width: 300px) 100vw, 300px\" \/><\/p>\n<p>Kreetan-kes\u00e4m\u00f6kill\u00e4 on koittanut hein\u00e4kuu ja helteet ovat sen my\u00f6t\u00e4 saapuneet.&nbsp;Manner-Kreikkaa ja Eurooppaa laajemminkin&nbsp;juhannuksen aikoihin&nbsp;koetelleet&nbsp;kuumat aallot tai myr\u00e4k\u00e4t eiv\u00e4t ylt\u00e4neet&nbsp;saarelle, mutta hein\u00e4kuun alussa kolkuteltiin t\u00e4k\u00e4l\u00e4ist\u00e4&nbsp;hellerajaa eli + 35 astetta ja ylikin mentiin reippaasti.&nbsp;Kun on jo tottunut siihen, ett\u00e4 l\u00e4mp\u00f6 ylitt\u00e4\u00e4 30, ei muutaman asteen korotus siihen nyt niin hirve\u00e4sti tunnu, kunhan ei&nbsp;hankkiudu&nbsp;h\u00f6tkelt\u00e4m\u00e4\u00e4n.<\/p>\n<p>Itse asiassa aamu\u00f6inen her\u00e4\u00e4minen tuntui oikein ihanalle, kun&nbsp;muutamia p\u00e4ivi\u00e4 huoneiston l\u00e4pi ujeltanut&nbsp;Meltemi, pohjoistuuli, lopulta oli vaimennut.&nbsp;Oli niin l\u00e4mmin, ett\u00e4&nbsp;peittona palveleva pussilakana ilman&nbsp;sisuksia&nbsp;toimi l\u00e4hinn\u00e4 viitekehyksen\u00e4 vartalolle.<\/p>\n<p>Avoimesta ikkunasta tuulahti kevyt henk\u00e4ys, joka sipaisi nukkujan hereille kuin l\u00e4mpim\u00e4n k\u00e4den&nbsp;kosketus. Ulkona oli violetti&nbsp;aamuh\u00e4m\u00e4r\u00e4, kello oli ehk\u00e4 viisi. Samassa ensimm\u00e4inen kaskas vet\u00e4isi tunnustelevan s\u00e4velen&nbsp;terassin kaiteella: -Kriik!<\/p>\n<p>-Kriik,&nbsp;kriik!&nbsp;oliivimets\u00e4st\u00e4&nbsp;vastattiin.&nbsp;Ja yksin tein koko&nbsp;tienoo alkoi soida siristen,&nbsp;kuoroon yhtyi satoja, tuhansia, satojatuhansia sirityksi\u00e4. Kes\u00e4n ja l\u00e4mpim\u00e4n \u00e4\u00e4niaaltoihin oli hyv\u00e4 nukahtaa uudelleen.<\/p>\n<p>Hienoja ovat my\u00f6s iltahetket,&nbsp;kun huomaa kaskaiden sirityksen vaihtuneen sirkkojen&nbsp;rauhallisempaan&nbsp;ja&nbsp;musikaalisempaan lauluun,&nbsp;ja valon muuttuneen p\u00e4iv\u00e4n sokaisevasta kirkkaudesta&nbsp;illan pehme\u00e4n vaaleanpunaiseen&nbsp;h\u00e4myyn. Grillist\u00e4 kohoaa vieno sytytysnesteen&nbsp;lemahdus,&nbsp;sitten&nbsp;suvlakien&nbsp;aromit&nbsp;tirist\u00e4v\u00e4t&nbsp;sylkirauhaset toimintaan. Pannussa paistuu peruna tai pari&nbsp;\u2013 koko yhdell\u00e4 potulla vastaa muutamaa kotimaista&nbsp;\u2013&nbsp;ja salaattikulhoon lohkeaa tomaattien ja kurkun lis\u00e4ksi kimpale&nbsp;kirpe\u00e4\u00e4 fetaa.&nbsp;Meltemi&nbsp;kohisuttaa oliivipuita, puuskien v\u00e4list\u00e4 kantaa musiikkia hotellilta tai puheenparsi naapurien keskustelusta, koiran haukku, lampaan m\u00e4\u00e4k\u00e4isy.&nbsp;Kilist\u00e4mme viinilaseja ruokaa odotellessa.<\/p>\n<p>Sellaistahan se on, lomailu. Kahteen kuukauteen&nbsp;pit\u00e4\u00e4 kuitenkin mahduttaa muutakin.<\/p>\n<p>&nbsp;<\/p>\n<h2>Huoleton on hevoseton poika<\/h2>\n<p>Saavuimme saarelle 3.6. ensimm\u00e4ist\u00e4 kertaa viiteen vuoteen kahdestaan, lentokoneella, viett\u00e4\u00e4ksemme&nbsp;yhdess\u00e4 samanpituisen&nbsp;rupeaman Kreikkaa \u2013 ilman koiraa, vapaina&nbsp;siis tulemaan ja menem\u00e4\u00e4n.&nbsp;Kummallista, haikeaa, silti uusia mahdollisuuksia avaavaa.&nbsp;Dafnia&nbsp;on ollut ik\u00e4v\u00e4 monta kertaa, kun on kuljettu tuttuja reittej\u00e4&nbsp;ihan&nbsp;vain&nbsp;kahdestaan. \u2013 Tuossa kohdassa pidettiin aina juomatauko. \u2013 Muistatko, miten&nbsp;Dafni&nbsp;aina&#8230;<\/p>\n<p><img loading=\"lazy\" decoding=\"async\" class=\"size-medium wp-image-418 aligncenter\" src=\"https:\/\/blogit.kreeta.info\/kesamokkikreetalla\/wp-content\/uploads\/sites\/7\/2019\/07\/dafnin-hauta-300x225.jpg\" alt=\"\" width=\"300\" height=\"225\" srcset=\"https:\/\/blogit.kreeta.info\/kesamokkikreetalla\/wp-content\/uploads\/sites\/7\/2019\/07\/dafnin-hauta-300x225.jpg 300w, https:\/\/blogit.kreeta.info\/kesamokkikreetalla\/wp-content\/uploads\/sites\/7\/2019\/07\/dafnin-hauta-768x576.jpg 768w, https:\/\/blogit.kreeta.info\/kesamokkikreetalla\/wp-content\/uploads\/sites\/7\/2019\/07\/dafnin-hauta.jpg 960w\" sizes=\"auto, (max-width: 300px) 100vw, 300px\" \/><\/p>\n<p>Lentokent\u00e4ll\u00e4&nbsp;meit\u00e4 oli vastassa hotellin taksi nimikyltin kanssa. Lento&nbsp;laskeutui yhden kantturoissa melkein tunnin my\u00f6h\u00e4ss\u00e4, siis keskell\u00e4 y\u00f6t\u00e4. Siksi olimme varanneet hotellin&nbsp;Iraklionista&nbsp;mahdollisimman l\u00e4helt\u00e4 linja-autoasemaa. Hotelli ehdotti kahdenkympin etuk\u00e4teen varattua&nbsp;taksikyyti\u00e4 ja tartuimme siihen. Hyv\u00e4 ratkaisu, ei tarvinnut muuta kuin lampsia autoon suoraan kent\u00e4lt\u00e4.<\/p>\n<p>Matkatavaroitakaan meid\u00e4n ei tarvinnut odotella, ainoa laukkumme oli hihnalla ensimm\u00e4isen\u00e4. Varmaan siksi, ett\u00e4 oli pakattu viimeisen\u00e4. Olivat tietysti laukkujen l\u00e4pivalaisussa tutkailleet ja ihmetelleet, kun meill\u00e4 oli pakattuna vain pari vaatetta, mutta lis\u00e4ksi muun muassa auton tarvikkeita, kahvipannu s\u00e4rkyneen tilalle,&nbsp;kunnon arsenaali keitti\u00f6veitsi\u00e4 mummun perint\u00f6n\u00e4,&nbsp;ylim\u00e4\u00e4r\u00e4inen \u201ds\u00e4\u00e4asema\u201d&nbsp;johtoineen ja antureineen ynn\u00e4 muuta pient\u00e4 m\u00f6kille sopivaa tilpeh\u00f6\u00f6ri\u00e4.<\/p>\n<p>Hotelli Marin&nbsp;Dream&nbsp;oli viihtyis\u00e4 ja siisti, aamiainen hyv\u00e4 ja n\u00e4k\u00f6alat hienot satamaan.&nbsp;Lis\u00e4ksi meill\u00e4 oli vain pikku&nbsp;k\u00e4velymatka linja-autolle, joka veisi meid\u00e4t&nbsp;Ierapetraan. Tai siis piti olla; onneksi meill\u00e4 oli&nbsp;hyvin aikaa ehti\u00e4 bussiin, sill\u00e4 bussiasema olikin muuttanut sataman \u00e4\u00e4relt\u00e4 kolmisen&nbsp;sataa metri\u00e4 sisemm\u00e4s&nbsp;kaupunkiin.<\/p>\n<p>Ierapetrassa&nbsp;vaihdoimme paikallisbussiin ja ajoimme&nbsp;Koutsounariin, tuo&nbsp;6 km matka maksoi 1,8 e per&nbsp;matkustaja.&nbsp;Irkalionista&nbsp;Ierapetraan&nbsp;otti&nbsp;14 e.&nbsp;Pidimme viel\u00e4 pitsa- ja oluttauon&nbsp;pys\u00e4kin vieress\u00e4&nbsp;Stand&nbsp;By -kahvilassa ennen kuin&nbsp;raahasimme matkalaukun ja reput yl\u00e4m\u00e4keen m\u00f6kille. Ruotsalaiset naapurimme tervehtiv\u00e4t meit\u00e4 antamalla kassillisen oman puun aprikooseja, todella hyvi\u00e4 ja makeita!<\/p>\n<p>Olimme juuri ostaneet aprikooseja hedelm\u00e4kaupasta bussiaseman vierest\u00e4, joten vertailukohta oli ja Ruotsi voitti. Seuraavina p\u00e4ivin\u00e4 sama&nbsp;taika&nbsp;toteutui monta kertaa: ostettiin perunoita; naapuri antoi pussillisen pottuja. Ostimme salaattitarpeet ja saimme monta kiloa tomaatteja, kurkkuja ja paprikoita.&nbsp;Torilta \u00e4lysimme ostaa vain pari munakoisoa, ja saimmekin&nbsp;niit\u00e4 kassillisen heti seuraavana p\u00e4iv\u00e4n\u00e4, kun kuljimme&nbsp;tutun tavernan ohi.<\/p>\n<p><img loading=\"lazy\" decoding=\"async\" class=\"size-medium wp-image-420 aligncenter\" src=\"https:\/\/blogit.kreeta.info\/kesamokkikreetalla\/wp-content\/uploads\/sites\/7\/2019\/07\/j\u00e4lkk\u00e4ri-300x225.jpg\" alt=\"\" width=\"300\" height=\"225\" srcset=\"https:\/\/blogit.kreeta.info\/kesamokkikreetalla\/wp-content\/uploads\/sites\/7\/2019\/07\/j\u00e4lkk\u00e4ri-300x225.jpg 300w, https:\/\/blogit.kreeta.info\/kesamokkikreetalla\/wp-content\/uploads\/sites\/7\/2019\/07\/j\u00e4lkk\u00e4ri-768x576.jpg 768w, https:\/\/blogit.kreeta.info\/kesamokkikreetalla\/wp-content\/uploads\/sites\/7\/2019\/07\/j\u00e4lkk\u00e4ri.jpg 960w\" sizes=\"auto, (max-width: 300px) 100vw, 300px\" \/><\/p>\n<h2>Virastorallia&nbsp;ja muita mutkataipaleita<\/h2>\n<p>Pari ensimm\u00e4ist\u00e4 viikkoa livahtivat k\u00e4sist\u00e4. Piti hoitaa muutama asia:&nbsp;Lissun&nbsp;auton veroasiat esimerkiksi.&nbsp;Alfa Romeohan&nbsp;oli meill\u00e4 mukana, kun olimme saarella yhteen menoon 14 kk vuosina 2015 \u2013 16.&nbsp;Oleskelun pituuden vuoksi auto tullattiin ja rekister\u00f6itiin Kreikkaan. Kotiin palatessa sama homma toisin p\u00e4in:&nbsp;siirto Suomen rekisteriin ja kilpien vaihto.&nbsp;Trafi&nbsp;sanoi, ett\u00e4 homma hoituu virallisia reittej\u00e4 eik\u00e4 meid\u00e4n tarvitse ilmoitella Kreikan viranomaisille itse mit\u00e4\u00e4n.&nbsp;No, hommahan hoitui johonkin asti mutta ei verottajalle saakka:&nbsp;Lissu&nbsp;on siit\u00e4 pit\u00e4en saanut&nbsp;s\u00e4hk\u00f6postiinsa&nbsp;huomautuksia, ett\u00e4 auton verot ovat maksamatta.<\/p>\n<p>Edellisen kerran, kun asiaa yritettiin hoitaa, meille&nbsp;v\u00e4itettiin&nbsp;ett\u00e4 auton rekisteripaperit pit\u00e4\u00e4&nbsp;k\u00e4\u00e4nn\u00e4tt\u00e4\u00e4 suomesta kreikaksi virallisella kielenk\u00e4\u00e4nt\u00e4j\u00e4ll\u00e4. Moiseen naurettavuuteen emme ryhtyneet, ovathan&nbsp;paperit kansainv\u00e4lisi\u00e4.&nbsp;Lissu&nbsp;tiedusteli asiaa s\u00e4hk\u00f6postilla ja puhelimitse&nbsp;konsulaateistakin, eiv\u00e4t osanneet neuvoa. Ongelma on tiedon kulussa rekisterien v\u00e4lill\u00e4, sanottiin, mutta ei&nbsp;l\u00f6ytynyt&nbsp;mit\u00e4\u00e4n tahoa, johon voisi ottaa&nbsp;yhteytt\u00e4.<\/p>\n<p>Marssimme siis auton papereiden ja s\u00e4hk\u00f6postin printin kanssa verotoimistoon.&nbsp;Ei englanninkielist\u00e4 palvelua. Siisp\u00e4 kiusaamaan virkailijaa&nbsp;puutteellisella kreikalla. Asia tuli siihen pisteeseen asti selv\u00e4ksi, ett\u00e4 meid\u00e4t passitettiin&nbsp;ajoneuvorekisteritoimistoon, joka onneksi oli saatu takaisin&nbsp;Ierapetraan. Pari vuotta se toimi s\u00e4\u00e4st\u00f6syist\u00e4 vain&nbsp;Agios&nbsp;Nikolaoksessa.<\/p>\n<p>Rekisteritoimistossa oli englantia puhuva ja ymm\u00e4rt\u00e4v\u00e4 nainen.&nbsp;Asiaa selviteltiin monen hengen voimin ja puhelinlinjat kuumina, sitten l\u00f6ytyi my\u00f6s paperilla vahvistus er\u00e4\u00e4st\u00e4 kansiosta: automme oli poistettu Kreikan rekisterist\u00e4 jo vuonna 2016 joulukuussa, ihan ajallaan siis.&nbsp;Ongelma oli siis sittenkin verottajan tiedoissa&nbsp;ja virkailija jopa sanoi, ett\u00e4 vika on heid\u00e4n systeemiss\u00e4\u00e4n, me&nbsp;olemme toimineet niin kuin pit\u00e4\u00e4. Saimme mukaamme lapun, jossa oli viesti verovirkailijalle, ja sitten takaisin verotoimistoon.<\/p>\n<p>Ty\u00f6l\u00e4stynyt verotoimiston&nbsp;set\u00e4 olisi varmaan repinyt tukkaansa, jos sellaista olisi ollut, kun tulimme takaisin.&nbsp;H\u00e4n soitti lapussa olevaan numeroon ja kuului sanovan puhelimeen: &#8211; T\u00e4\u00e4ll\u00e4 ramppaa jotain ulkomaalaisia, en min\u00e4 tied\u00e4, mik\u00e4 niill\u00e4 on ongelmana, puhu sin\u00e4 niille englantia.<\/p>\n<div id=\"attachment_422\" style=\"width: 310px\" class=\"wp-caption alignright\"><img loading=\"lazy\" decoding=\"async\" aria-describedby=\"caption-attachment-422\" class=\"wp-image-422 size-medium\" src=\"https:\/\/blogit.kreeta.info\/kesamokkikreetalla\/wp-content\/uploads\/sites\/7\/2019\/07\/verot-kunnossa-300x225.jpg\" alt=\"\" width=\"300\" height=\"225\" srcset=\"https:\/\/blogit.kreeta.info\/kesamokkikreetalla\/wp-content\/uploads\/sites\/7\/2019\/07\/verot-kunnossa-300x225.jpg 300w, https:\/\/blogit.kreeta.info\/kesamokkikreetalla\/wp-content\/uploads\/sites\/7\/2019\/07\/verot-kunnossa-768x576.jpg 768w, https:\/\/blogit.kreeta.info\/kesamokkikreetalla\/wp-content\/uploads\/sites\/7\/2019\/07\/verot-kunnossa.jpg 960w\" sizes=\"auto, (max-width: 300px) 100vw, 300px\" \/><p id=\"caption-attachment-422\" class=\"wp-caption-text\">Ansaitut oluet virastokierroksen j\u00e4lkeen<\/p><\/div>\n<p>Mies&nbsp;puhelimessa&nbsp;puhui englantia ja asia rupesi selvi\u00e4m\u00e4\u00e4n. Lopulta&nbsp;Lissun&nbsp;piti t\u00e4ytt\u00e4\u00e4 lomake, johon virkailija kirjoitti \u2013 toivottavasti!&nbsp;\u2013 ett\u00e4 automme pit\u00e4\u00e4 poistaa verottajan tiedostoista, koska se ei ole Kreikan ajoneuvorekisteriss\u00e4. Leimoja alle ja paperi mappiin.&nbsp;Lopulta my\u00f6s yst\u00e4v\u00e4llinen hymy virkailijalta ja hyv\u00e4n p\u00e4iv\u00e4n toivotukset ilman potkuja persuksiin.<\/p>\n<p>Toinen&nbsp;hiukkasen monimutkaiseksi paisunut jupakka liittyi akkuihin.&nbsp;Jouluna hankittu \u201duusi\u201d automme Suzuki&nbsp;Jimny, \u201dViidakko-Jim\u201d, l\u00e4hti mallikkaasti k\u00e4yntiin, kun ajoimme sill\u00e4&nbsp;ekat&nbsp;asiointireissut. Sitten&nbsp;l\u00e4hdimme tuttuja tervehtim\u00e4\u00e4n. Y\u00f6my\u00f6h\u00e4ll\u00e4 kotiin l\u00e4htiess\u00e4 autopa ei sitten&nbsp;inahtanutkaan, kun yritettiin startata. Ei muuta kuin ottamaan varavirtaa&nbsp;yst\u00e4vien autosta. Kotiin p\u00e4\u00e4simme, mutta sitten sama juttu, ei elonmerkki\u00e4 konepellin alla. Akku vainaa.<\/p>\n<p>Moto&nbsp;Guzzi&nbsp;Nevada sen sijaan k\u00e4ynnistyi moitteettomasti, kun s\u00e4ilytysrasvat vain oli&nbsp;pyyhitty pois kromipinnoilta. Vanha Uskollinen!&nbsp;L\u00e4hihuoltoasemalla ei ollut hyllyss\u00e4&nbsp;Jimnyyn&nbsp;sopivaa akkua. \u2013 \u201dOdottakaapa 10 minuuttia\u201d,&nbsp;kehottivat, ja j\u00e4\u00e4tel\u00f6tuuttien takaa seurasimme, kun skootteri p\u00f6r\u00e4hti&nbsp;aseman takaa kaupungille p\u00e4in. Kymmenen minuutin kuluttua skootteri toi meille akun.&nbsp;Jimny&nbsp;saatiin ajoon.<\/p>\n<p>Pegason&nbsp;kanssa ei ollut ihan yht\u00e4 mutkatonta.&nbsp;Senk\u00e4\u00e4n akku ei ollut&nbsp;kunnossa, tosin se oireili siihen suuntaan jo talvella. Tilasimme uuden akun samalta huoltoasemalta.&nbsp;Sen piti tulla&nbsp;muutaman&nbsp;p\u00e4iv\u00e4n p\u00e4\u00e4st\u00e4, seuraavan viikon tiistaina. Vaan eip\u00e4 ollut tullut \u2013 ehk\u00e4&nbsp;huomenna.&nbsp;Huomenna kerrottiin, ett\u00e4&nbsp;Iraklionissa&nbsp;on&nbsp;toimitusongelmia, akku kuitenkin on tulossa.&nbsp;Meille luvattiin soittaa, mutta pariin p\u00e4iv\u00e4\u00e4n ei kuulunut mit\u00e4\u00e4n.<\/p>\n<p>Jyk\u00e4&nbsp;tilasi muuta&nbsp;huoltokamaa kalustolle netin kautta Ateenasta, kun vastaan tuli juuri sopiva akku.&nbsp;Sep\u00e4 sai tulla muun tilauksen mukana. Jos vaikka huoltoaseman akun kanssa&nbsp;menisi pitk\u00e4\u00e4nkin. Totta kai molemmat akut sitten tulivat samana p\u00e4iv\u00e4n\u00e4! Huoltoaseman akku ei kuitenkaan ollutkaan&nbsp;Pagasoon&nbsp;sopiva, ja p\u00e4\u00e4simme palauttamaan sen siit\u00e4 syyst\u00e4.&nbsp;Jyk\u00e4&nbsp;hapotti&nbsp;ja latasi&nbsp;postin tuoman akun ja asensi sen&nbsp;Pegasoon&nbsp;\u2013 ei inahdustakaan!&nbsp;Akku olikin \u201dtehdass\u00f6k\u00f6\u201d, viallinen jo alun perin.&nbsp;Guzzin&nbsp;akulla&nbsp;Pegaso&nbsp;starttasi, mutta&nbsp;sen&nbsp;akkua ei voinut laittaa py\u00f6r\u00e4\u00e4n&nbsp;kiinni, joten oma olisi saatava.<\/p>\n<p>Puhelimella asia kuitenkin hoitui ihan n\u00e4pp\u00e4r\u00e4sti.&nbsp;Liikkeess\u00e4&nbsp;ei yht\u00e4\u00e4n mukistu,&nbsp;akut ovat silloin t\u00e4ll\u00f6in viallisia. On n\u00e4in Suomessakin sattunut. Akulle annettiin&nbsp;palautuskoodi ja veimme sen postiin. Parin p\u00e4iv\u00e4n p\u00e4\u00e4st\u00e4 meille soitettiin, ett\u00e4 pannaanko uutta akkua tulemaan. Lopulta&nbsp;Pegasoon&nbsp;saatiin akku, melkein lomamme puoliv\u00e4liss\u00e4.<\/p>\n<h2>Pr\u00e4tk\u00e4jengi kokoontui juhannuksena<\/h2>\n<p>Guzzilla&nbsp;teimme varmaan t\u00e4m\u00e4n kes\u00e4n mieliinpainuvimman seikkailun&nbsp;ja vietimme erilaisen juhannuksen kuin&nbsp;aiempina&nbsp;kesin\u00e4 edes t\u00e4\u00e4ll\u00e4 etel\u00e4ss\u00e4.&nbsp;Suomalaisilta Moto&nbsp;Guzzin&nbsp;kerhosivuilta luimme kev\u00e4\u00e4ll\u00e4, ett\u00e4 t\u00e4m\u00e4n vuoden&nbsp;World Club -ajot olisivat Kreikan&nbsp;Patrassa, Peloponnesoksella. Eih\u00e4n sinne meid\u00e4n&nbsp;m\u00f6kilt\u00e4&nbsp;ole kuin&nbsp;lauttamatka Ateenaan ja parisataa kilometri\u00e4 sielt\u00e4&nbsp;Patraan, joten ilmoittauduimme mukaan!&nbsp;&nbsp;&nbsp; &nbsp;&nbsp; &nbsp;&nbsp;&nbsp;&nbsp;<img loading=\"lazy\" decoding=\"async\" class=\"size-medium wp-image-410 alignleft\" src=\"https:\/\/blogit.kreeta.info\/kesamokkikreetalla\/wp-content\/uploads\/sites\/7\/2019\/07\/raduno-300x273.jpg\" alt=\"\" width=\"300\" height=\"273\" srcset=\"https:\/\/blogit.kreeta.info\/kesamokkikreetalla\/wp-content\/uploads\/sites\/7\/2019\/07\/raduno-300x273.jpg 300w, https:\/\/blogit.kreeta.info\/kesamokkikreetalla\/wp-content\/uploads\/sites\/7\/2019\/07\/raduno-768x699.jpg 768w, https:\/\/blogit.kreeta.info\/kesamokkikreetalla\/wp-content\/uploads\/sites\/7\/2019\/07\/raduno.jpg 960w\" sizes=\"auto, (max-width: 300px) 100vw, 300px\" \/><\/p>\n<p>Vastaanotto oli l\u00e4mmin, muutenkin kuin konkreettisesti.&nbsp;Meilt\u00e4 kyseltiin tietysti, ovatko suomalaiset osallistujat&nbsp;ajaneet koko matkan&nbsp;Pohjolasta saakka osallistumaan tapahtumaan. Kerroimme, ett\u00e4 majailemme&nbsp;kes\u00e4t Kreetalla ja py\u00f6r\u00e4mme on jo viidett\u00e4 kes\u00e4\u00e4 asumassa siell\u00e4 vuodet ymp\u00e4riins\u00e4&nbsp;\u2013 eih\u00e4n Suomessa talvella voisi edes&nbsp;ajaa moottoripy\u00f6r\u00e4ll\u00e4.&nbsp;Niinp\u00e4 sitten emme en\u00e4\u00e4 olleetkaan ulkomaalaisia,&nbsp;joita olisi pit\u00e4nyt v\u00e4h\u00e4n ujostella,&nbsp;vaan kreetalaisia.<\/p>\n<p>Oli hauskaa tutustua p\u00e4\u00e4osin kreikkalaisiin ja italialaisiin&nbsp;guzzisteihin. Ei sit\u00e4 n\u00e4k\u00f6j\u00e4\u00e4n tarvita kuin yhteinen kiinnostuksen kohde ja puheenaihe, kun yst\u00e4vyyssuhteita syntyy. Meille&nbsp;kerrottiin, ett\u00e4 meill\u00e4 on nyt&nbsp;Guzzi-koti Kreikassa:&nbsp;&#8211;&nbsp;From&nbsp;now&nbsp;on&nbsp;your&nbsp;Guzzi&nbsp;home is&nbsp;Guzzisti&nbsp;Hellas!&nbsp;Ensi vuoden kokoontuminen on Italiassa, saa nyt n\u00e4hd\u00e4, jaksammeko ajaa sinne&nbsp;saakka.&nbsp;<img loading=\"lazy\" decoding=\"async\" class=\"size-medium wp-image-403 alignright\" src=\"https:\/\/blogit.kreeta.info\/kesamokkikreetalla\/wp-content\/uploads\/sites\/7\/2019\/07\/Guzzikaari-225x300.jpg\" alt=\"\" width=\"225\" height=\"300\" srcset=\"https:\/\/blogit.kreeta.info\/kesamokkikreetalla\/wp-content\/uploads\/sites\/7\/2019\/07\/Guzzikaari-225x300.jpg 225w, https:\/\/blogit.kreeta.info\/kesamokkikreetalla\/wp-content\/uploads\/sites\/7\/2019\/07\/Guzzikaari.jpg 480w\" sizes=\"auto, (max-width: 225px) 100vw, 225px\" \/><\/p>\n<p>Oli hurja kokemus ajaa noin sadan moottoripy\u00f6r\u00e4n kulkueena 120 km&nbsp;Patrasta&nbsp;Antiikin&nbsp;Olympiaan Peloponnesoksen keskivaiheille. Poliisit johtivat kulkuetta&nbsp;ja turvasivat sek\u00e4 meid\u00e4n ett\u00e4 muun liikenteen kulkua.&nbsp;Patran&nbsp;kaupungissa&nbsp;Guzzi-juhlat n\u00e4kyiv\u00e4t ja kuuluivat: lyhytpylv\u00e4iss\u00e4 oli tapahtuman liput&nbsp;ja sataman aukiota komisti suuri, punainen kaariportti Moto&nbsp;Guzzi&nbsp;-teksteineen. Ihmiset kierteliv\u00e4t ihailemassa py\u00f6ri\u00e4, jotka olivat y\u00f6t\u00e4 p\u00e4iv\u00e4\u00e4 vartioidussa parkissa satamassa.&nbsp;Satamassa&nbsp;oli&nbsp;juhannusaattoiltana&nbsp;musiikkia,&nbsp;ja lauantaina meill\u00e4 oli gaala&nbsp;stadionilla. Hyv\u00e4\u00e4 ruokaa, tanssiesityksi\u00e4, juhlapuheita, uusia tuttavia.&nbsp;<img loading=\"lazy\" decoding=\"async\" class=\"size-medium wp-image-407 alignright\" src=\"https:\/\/blogit.kreeta.info\/kesamokkikreetalla\/wp-content\/uploads\/sites\/7\/2019\/07\/jyk\u00e4-patrassa-300x225.jpg\" alt=\"\" width=\"300\" height=\"225\" srcset=\"https:\/\/blogit.kreeta.info\/kesamokkikreetalla\/wp-content\/uploads\/sites\/7\/2019\/07\/jyk\u00e4-patrassa-300x225.jpg 300w, https:\/\/blogit.kreeta.info\/kesamokkikreetalla\/wp-content\/uploads\/sites\/7\/2019\/07\/jyk\u00e4-patrassa-768x576.jpg 768w, https:\/\/blogit.kreeta.info\/kesamokkikreetalla\/wp-content\/uploads\/sites\/7\/2019\/07\/jyk\u00e4-patrassa.jpg 960w\" sizes=\"auto, (max-width: 300px) 100vw, 300px\" \/><\/p>\n<p>Kokoontumisajot&nbsp;kruunasi&nbsp;sunnuntain ajoretki l\u00e4pi kaupungin ja lopulta yli Rion riippusillan.&nbsp;Keskustan&nbsp;kivitaloista kaikui py\u00f6rien&nbsp;jytin\u00e4, kun kulkue ajoi l\u00e4pi sunnuntaiaamua viett\u00e4v\u00e4n&nbsp;Patran. Enimm\u00e4kseen n\u00e4imme innostuneita kasvoja, meille huudeltiin&nbsp;bravoota&nbsp;ja autoilijat tyytt\u00e4iliv\u00e4t torvillaan. Jos joku ei tapahtumasta tyk\u00e4nnyt, ei sit\u00e4 mitenk\u00e4\u00e4n osoitettu.&nbsp;Poliisit&nbsp;sulkivat liikenteen risteyksiss\u00e4 ja saimme ajaa p\u00e4in punaisia.&nbsp;Liikennekatkoksiin kreikkalaiset suhtautuvat suurella mielenmaltilla, siit\u00e4 saisivat suomalaiset&nbsp;ottaa&nbsp;oppia.<\/p>\n<p>Rion silta on 2880 metri\u00e4 pitk\u00e4 ja maailman toiseksi pisin riippusilta, joka varsinaisesti on sillan 2252-metrinen keskiosuus. Se yhdist\u00e4\u00e4 manteren Peloponnesoksen niemimaahan ja on otettu k\u00e4ytt\u00f6\u00f6n viikkoa ennen Ateenan kes\u00e4olympialaisia 2004 elokuussa. Sillan monimutkainen rakenne on suunniteltu kest\u00e4m\u00e4\u00e4n maanj\u00e4ristyksi\u00e4, joita alueella on runsaasti \u2013 pienempi\u00e4 t\u00e4m\u00e4n t\u00e4st\u00e4, suurempia ei toivottavasti koskaan, mutta mahdollisia ne ovat.<\/p>\n<p>Pienimuotoinen seisminen tutina siltaa varmasti koetteli, kun&nbsp;Guzzi-py\u00f6r\u00e4t t\u00e4risyttiv\u00e4t tannerta saapuessaan sillalle. N\u00e4ky oli yht\u00e4 mieliinpainuva kuin itse silta ja maisema: kymmeni\u00e4 moottoripy\u00f6ri\u00e4 lipuu valkoisten kannatinvaijerien v\u00e4litse sinisen taivaan alla. V\u00e4rit kuin suoraan Kreikan lipusta!<\/p>\n<p>Linkki videoon kyseisest\u00e4 tapahtumasta:&nbsp;<a href=\"https:\/\/m.youtube.com\/watch?v=PSSB6d8hbBg&amp;feature=share&amp;fbclid=IwAR1DdRsfr01biPxGtE4ncZRKMWzezkJ26zwvtmUK4vtz_qQkjickTyxoz_c\">https:\/\/m.youtube.com\/watch?v=PSSB6d8hbBg&amp;feature=share&amp;fbclid=IwAR1DdRsfr01biPxGtE4ncZRKMWzezkJ26zwvtmUK4vtz_qQkjickTyxoz_c<\/a><\/p>\n<p>&nbsp;<\/p>\n<h2>Kreikka-viruksen levityst\u00e4<img loading=\"lazy\" decoding=\"async\" class=\" wp-image-404 aligncenter\" src=\"https:\/\/blogit.kreeta.info\/kesamokkikreetalla\/wp-content\/uploads\/sites\/7\/2019\/07\/IMG_0006-300x200.jpg\" alt=\"\" width=\"359\" height=\"239\" srcset=\"https:\/\/blogit.kreeta.info\/kesamokkikreetalla\/wp-content\/uploads\/sites\/7\/2019\/07\/IMG_0006-300x200.jpg 300w, https:\/\/blogit.kreeta.info\/kesamokkikreetalla\/wp-content\/uploads\/sites\/7\/2019\/07\/IMG_0006.jpg 448w\" sizes=\"auto, (max-width: 359px) 100vw, 359px\" \/><\/h2>\n<p>Meill\u00e4 oli&nbsp;kes\u00e4vieraina ensiksi Suvi-tyt\u00e4r, sitten Iida, molemmat pari viikkoa poikayst\u00e4vineen. Nuoret ovat jo omatoimisia, Viidakko-Jim sai muutakin kyyti\u00e4 kuin is\u00e4nt\u00e4v\u00e4elt\u00e4.&nbsp;V\u00e4lill\u00e4 retkeilimme yhdess\u00e4kin. L\u00e4hialueen&nbsp;kohteet, niin \u201dviralliset\u201d n\u00e4ht\u00e4vyydet kuin kauniit kyl\u00e4t, rotkot, luolat&nbsp;ja hyv\u00e4t ruokapaikatkin ovat tietysti meille tulleet jo hyvinkin tutuiksi.&nbsp;Silti&nbsp;on aina hienoa p\u00e4\u00e4st\u00e4 n\u00e4ytt\u00e4m\u00e4\u00e4n niit\u00e4 muille. Tututkin n\u00e4kym\u00e4t&nbsp;kohtaa&nbsp;aina jotenkin tuoreina, kun&nbsp;niit\u00e4 esittelee uusille silm\u00e4pareille.<img loading=\"lazy\" decoding=\"async\" class=\"size-medium wp-image-411 aligncenter\" src=\"https:\/\/blogit.kreeta.info\/kesamokkikreetalla\/wp-content\/uploads\/sites\/7\/2019\/07\/sarakina-225x300.jpg\" alt=\"\" width=\"225\" height=\"300\" srcset=\"https:\/\/blogit.kreeta.info\/kesamokkikreetalla\/wp-content\/uploads\/sites\/7\/2019\/07\/sarakina-225x300.jpg 225w, https:\/\/blogit.kreeta.info\/kesamokkikreetalla\/wp-content\/uploads\/sites\/7\/2019\/07\/sarakina.jpg 720w\" sizes=\"auto, (max-width: 225px) 100vw, 225px\" \/><img loading=\"lazy\" decoding=\"async\" class=\"size-medium wp-image-406 alignleft\" src=\"https:\/\/blogit.kreeta.info\/kesamokkikreetalla\/wp-content\/uploads\/sites\/7\/2019\/07\/IMG_0019-e1563276062552-200x300.jpg\" alt=\"\" width=\"200\" height=\"300\" srcset=\"https:\/\/blogit.kreeta.info\/kesamokkikreetalla\/wp-content\/uploads\/sites\/7\/2019\/07\/IMG_0019-e1563276062552-200x300.jpg 200w, https:\/\/blogit.kreeta.info\/kesamokkikreetalla\/wp-content\/uploads\/sites\/7\/2019\/07\/IMG_0019-e1563276062552.jpg 299w\" sizes=\"auto, (max-width: 200px) 100vw, 200px\" \/><\/p>\n<p>Sarakinan rotkossa virtaa j\u00e4lleen vesi ja&nbsp;Bramianan&nbsp;tekoj\u00e4rvi hohtelee turkoosina&nbsp;jalokiven\u00e4, t\u00e4n\u00e4 vuonna pitk\u00e4st\u00e4 aikaa vett\u00e4 t\u00e4ynn\u00e4 sateisen talven j\u00e4lkeen.&nbsp;<img loading=\"lazy\" decoding=\"async\" class=\"size-medium wp-image-405 aligncenter\" src=\"https:\/\/blogit.kreeta.info\/kesamokkikreetalla\/wp-content\/uploads\/sites\/7\/2019\/07\/IMG_0014-300x200.jpg\" alt=\"\" width=\"300\" height=\"200\" srcset=\"https:\/\/blogit.kreeta.info\/kesamokkikreetalla\/wp-content\/uploads\/sites\/7\/2019\/07\/IMG_0014-300x200.jpg 300w, https:\/\/blogit.kreeta.info\/kesamokkikreetalla\/wp-content\/uploads\/sites\/7\/2019\/07\/IMG_0014.jpg 448w\" sizes=\"auto, (max-width: 300px) 100vw, 300px\" \/><\/p>\n<p>&nbsp;<\/p>\n<p>Pienet kyl\u00e4t ja vuoristotiet, vuoriston k\u00e4tk\u00f6iss\u00e4 olevat&nbsp;Selakanon&nbsp;ja&nbsp;Thriptin&nbsp;laaksot&nbsp;tavernoineen,&nbsp;Mohloksen&nbsp;ja ihan l\u00e4hell\u00e4&nbsp;Psaropoulan&nbsp;kalatavernat ovat&nbsp;saaneet hehkutusta vierailtamme.<\/p>\n<p>Agios&nbsp;Ioanniksen&nbsp;puoliksi raunioina oleva kyl\u00e4&nbsp;ja siell\u00e4 ainutlaatuinen 55 Wine Bar ovat&nbsp;meill\u00e4 \u201dpakollinen\u201d k\u00e4yntikohde. Samoin&nbsp;Milonasin&nbsp;vesiputous.<\/p>\n<p><img loading=\"lazy\" decoding=\"async\" class=\"size-medium wp-image-409 aligncenter\" src=\"https:\/\/blogit.kreeta.info\/kesamokkikreetalla\/wp-content\/uploads\/sites\/7\/2019\/07\/milonas-225x300.jpg\" alt=\"\" width=\"225\" height=\"300\" srcset=\"https:\/\/blogit.kreeta.info\/kesamokkikreetalla\/wp-content\/uploads\/sites\/7\/2019\/07\/milonas-225x300.jpg 225w, https:\/\/blogit.kreeta.info\/kesamokkikreetalla\/wp-content\/uploads\/sites\/7\/2019\/07\/milonas.jpg 720w\" sizes=\"auto, (max-width: 225px) 100vw, 225px\" \/><\/p>\n<p>Agios&nbsp;Nikolaokseen&nbsp;voi pist\u00e4yty\u00e4 turistifiiliksi\u00e4 kaivatessaan. Siell\u00e4 emme j\u00e4t\u00e4 k\u00e4ym\u00e4tt\u00e4&nbsp;Dodoni-j\u00e4\u00e4tel\u00f6kahvilassa, jossa&nbsp;tosin&nbsp;Marianna-em\u00e4nt\u00e4 ei kohtele meit\u00e4 turisteina vaan jo vuosien&nbsp;ajan vakioasiakkaina ja yst\u00e4vin\u00e4.<\/p>\n<div id=\"attachment_416\" style=\"width: 310px\" class=\"wp-caption aligncenter\"><img loading=\"lazy\" decoding=\"async\" aria-describedby=\"caption-attachment-416\" class=\"wp-image-416 size-medium\" src=\"https:\/\/blogit.kreeta.info\/kesamokkikreetalla\/wp-content\/uploads\/sites\/7\/2019\/07\/fisekas-300x225.jpg\" alt=\"\" width=\"300\" height=\"225\" srcset=\"https:\/\/blogit.kreeta.info\/kesamokkikreetalla\/wp-content\/uploads\/sites\/7\/2019\/07\/fisekas-300x225.jpg 300w, https:\/\/blogit.kreeta.info\/kesamokkikreetalla\/wp-content\/uploads\/sites\/7\/2019\/07\/fisekas-768x576.jpg 768w, https:\/\/blogit.kreeta.info\/kesamokkikreetalla\/wp-content\/uploads\/sites\/7\/2019\/07\/fisekas.jpg 960w\" sizes=\"auto, (max-width: 300px) 100vw, 300px\" \/><p id=\"caption-attachment-416\" class=\"wp-caption-text\">Musiikkiel\u00e4mys Ierapetrassa ouzeria Fisekasissa<\/p><\/div>\n<p>&nbsp;<\/p>\n<p>Tytt\u00e4ret toivoivat v\u00e4vyntekeleille paikallista musiikkia. Ierapetralainen ouzeria Fisekas j\u00e4rjesti sopivasti musiikki-iltoja, joita k\u00e4vimme seuraamassa. Paikalliset soittimet kiehtoivat ja meininki spontaaneine tanssihetkineen olivat hienoja esimerkkej\u00e4 kreetalaisesta tunnelmasta. Yleis\u00f6ss\u00e4 ei juuri tainnut muita ulkomaalaisia olla. Meit\u00e4 oli koolla mukava seurue, ja ruoka musiikin ohella maistui.<\/p>\n<p>Sen sijaan valitettavasti lempib\u00e4ndimme Stratakisten keikka Agios Nikolaoksessa oli meille pettymys. Musiikillisessa annissa ei mit\u00e4\u00e4n vikaa, mutta j\u00e4rjestelyt eiv\u00e4t olleet oikein yleis\u00f6yst\u00e4v\u00e4lliset. Pieni rantabistro otti vastaan p\u00f6yt\u00e4varauksia puhelimessa. Varasimme p\u00f6yd\u00e4n nelj\u00e4lle hengelle. Vietetty\u00e4mme hikisen tutustumisiltap\u00e4iv\u00e4n Agios Nikolaoksen kauniissa, mutta hyvin turistipitoisessa kaupungissa olisimme kaivanneet jotakin muuta kuin pient\u00e4 baarip\u00f6yt\u00e4\u00e4 ja vain kahta baarijakkaraa, joka oli paikan mitoitus per p\u00f6yt\u00e4. \u201dSis\u00e4\u00e4np\u00e4\u00e4symaksu\u201d sis\u00e4ltyi ensimm\u00e4isen drinkin hintaan, joka oli 10 euroa. Se nyt viel\u00e4 menetteli, mutta listakin oli hinnakas, viinilasillinen seitsem\u00e4n euroa ja viskipullo olisi ollut 120 e. Emme viihtyneet paria tuntia kauempaa, mutta vieraamme sent\u00e4\u00e4n n\u00e4kiv\u00e4t liven\u00e4 b\u00e4ndin, josta olivat kiinnostuneet. Kes\u00e4kuun alussa Monastirakissa oli ihan toisenlainen tunnelma, kun b\u00e4ndi esiintyi siell\u00e4 perinteisesti Jyk\u00e4n syntt\u00e4rip\u00e4iv\u00e4n\u00e4.<\/p>\n<div id=\"attachment_413\" style=\"width: 310px\" class=\"wp-caption aligncenter\"><img loading=\"lazy\" decoding=\"async\" aria-describedby=\"caption-attachment-413\" class=\"wp-image-413 size-medium\" src=\"https:\/\/blogit.kreeta.info\/kesamokkikreetalla\/wp-content\/uploads\/sites\/7\/2019\/07\/stratakis-300x225.jpg\" alt=\"\" width=\"300\" height=\"225\" srcset=\"https:\/\/blogit.kreeta.info\/kesamokkikreetalla\/wp-content\/uploads\/sites\/7\/2019\/07\/stratakis-300x225.jpg 300w, https:\/\/blogit.kreeta.info\/kesamokkikreetalla\/wp-content\/uploads\/sites\/7\/2019\/07\/stratakis-768x576.jpg 768w, https:\/\/blogit.kreeta.info\/kesamokkikreetalla\/wp-content\/uploads\/sites\/7\/2019\/07\/stratakis.jpg 960w\" sizes=\"auto, (max-width: 300px) 100vw, 300px\" \/><p id=\"caption-attachment-413\" class=\"wp-caption-text\">Stratakis taverna Domassa, Monastirakissa kes\u00e4kuun alussa<\/p><\/div>\n<h4>Rannoilla ja n\u00e4ht\u00e4vyyksill\u00e4 on v\u00e4lj\u00e4\u00e4<\/h4>\n<p>&nbsp;<\/p>\n<p>Turisteja on liikkeell\u00e4 hyvin v\u00e4h\u00e4n ainakin t\u00e4\u00e4ll\u00e4 etel\u00e4isell\u00e4 saaren puoliskolla. Sanovat, ett\u00e4&nbsp;halpa Turkki on vet\u00e4nyt turistit puoleensa. Netiss\u00e4 oli joku p\u00e4iv\u00e4 sitten artikkeli, ett\u00e4 Kreikka v\u00e4hent\u00e4\u00e4 veroja&nbsp;matkailualalta kilpailuasetelmiensa parantamiseksi. Toivottavasti se on mahdollista,&nbsp;eik\u00e4 vain uuden hallituksen&nbsp;lupaus.&nbsp;Rahahan se on monesti, joka ratkaisee, kun matkoja varataan.&nbsp;Toiset ajattelevat, ettei Turkki ole oikein eettinen kohde,&nbsp;kun ajattelee ihmisoikeuskysymyksi\u00e4 ja muuta politiikkaa,&nbsp;olkoonkin halvin. Ja sitten muut syyt, kuten vaikkapa kes\u00e4m\u00f6kki Kreetalla, joka&nbsp;vaan nyt&nbsp;on maailman ihanin saari.<\/p>\n<p>L\u00e4mpimin kes\u00e4terveisin<\/p>\n<p>Lissu ja Jyk\u00e4<\/p>\n","protected":false},"excerpt":{"rendered":"<p>Kreetan-kes\u00e4m\u00f6kill\u00e4 on koittanut hein\u00e4kuu ja helteet ovat sen my\u00f6t\u00e4 saapuneet.&nbsp;Manner-Kreikkaa ja Eurooppaa laajemminkin&nbsp;juhannuksen aikoihin&nbsp;koetelleet&nbsp;kuumat aallot tai myr\u00e4k\u00e4t eiv\u00e4t ylt\u00e4neet&nbsp;saarelle, mutta hein\u00e4kuun alussa kolkuteltiin t\u00e4k\u00e4l\u00e4ist\u00e4&nbsp;hellerajaa eli + 35 astetta ja ylikin mentiin reippaasti.&nbsp;Kun on jo&#46;&#46;&#46;<\/p>\n","protected":false},"author":4,"featured_media":403,"comment_status":"closed","ping_status":"closed","sticky":false,"template":"","format":"link","meta":{"_acf_changed":false,"footnotes":""},"categories":[1],"tags":[],"class_list":["post-400","post","type-post","status-publish","format-link","has-post-thumbnail","hentry","category-yleinen","post_format-post-format-link"],"acf":[],"_links":{"self":[{"href":"https:\/\/blogit.kreeta.info\/kesamokkikreetalla\/wp-json\/wp\/v2\/posts\/400","targetHints":{"allow":["GET"]}}],"collection":[{"href":"https:\/\/blogit.kreeta.info\/kesamokkikreetalla\/wp-json\/wp\/v2\/posts"}],"about":[{"href":"https:\/\/blogit.kreeta.info\/kesamokkikreetalla\/wp-json\/wp\/v2\/types\/post"}],"author":[{"embeddable":true,"href":"https:\/\/blogit.kreeta.info\/kesamokkikreetalla\/wp-json\/wp\/v2\/users\/4"}],"replies":[{"embeddable":true,"href":"https:\/\/blogit.kreeta.info\/kesamokkikreetalla\/wp-json\/wp\/v2\/comments?post=400"}],"version-history":[{"count":16,"href":"https:\/\/blogit.kreeta.info\/kesamokkikreetalla\/wp-json\/wp\/v2\/posts\/400\/revisions"}],"predecessor-version":[{"id":632,"href":"https:\/\/blogit.kreeta.info\/kesamokkikreetalla\/wp-json\/wp\/v2\/posts\/400\/revisions\/632"}],"wp:featuredmedia":[{"embeddable":true,"href":"https:\/\/blogit.kreeta.info\/kesamokkikreetalla\/wp-json\/wp\/v2\/media\/403"}],"wp:attachment":[{"href":"https:\/\/blogit.kreeta.info\/kesamokkikreetalla\/wp-json\/wp\/v2\/media?parent=400"}],"wp:term":[{"taxonomy":"category","embeddable":true,"href":"https:\/\/blogit.kreeta.info\/kesamokkikreetalla\/wp-json\/wp\/v2\/categories?post=400"},{"taxonomy":"post_tag","embeddable":true,"href":"https:\/\/blogit.kreeta.info\/kesamokkikreetalla\/wp-json\/wp\/v2\/tags?post=400"}],"curies":[{"name":"wp","href":"https:\/\/api.w.org\/{rel}","templated":true}]}}