{"id":47,"date":"2017-06-24T22:22:19","date_gmt":"2017-06-24T19:22:19","guid":{"rendered":"https:\/\/blogit.kreeta.info\/kesamokkikreetalla\/?p=47"},"modified":"2024-01-10T10:19:22","modified_gmt":"2024-01-10T08:19:22","slug":"yhteinen-kesanvietto-alkoi","status":"publish","type":"post","link":"https:\/\/blogit.kreeta.info\/kesamokkikreetalla\/2017\/06\/24\/yhteinen-kesanvietto-alkoi\/","title":{"rendered":"Yhteinen kes\u00e4nvietto alkoi"},"content":{"rendered":"<p>Jippiiii! Kalokeriiii! Kes\u00e4!!!<\/p>\n<p><img loading=\"lazy\" decoding=\"async\" class=\"size-medium wp-image-49 aligncenter\" src=\"https:\/\/blogit.kreeta.info\/kesamokkikreetalla\/wp-content\/uploads\/sites\/7\/2017\/06\/IMG_0015-300x200.jpg\" alt=\"\" width=\"300\" height=\"200\" \/><\/p>\n<p>Jo joutui armas aika! Suvi suloinen ei oikein n\u00e4ytt\u00e4nyt olevan Suomeen tullakseen, joten koulujen loppuessa Lissu jo oikein hinkui matkaan. Suomen koti vaihtoi asukkaita, lapset saivat \u201dkes\u00e4m\u00f6kkins\u00e4\u201d, ja Lissu aloitti matkan Kreetan kes\u00e4kotiin. Reilu tunti bussissa, nelisen tuntia junassa ja viitisen tuntia lentokonereissaamista Ateenan v\u00e4lilasku mukaan laskettuna. Niin sen siis piti menn\u00e4.<\/p>\n<p>&nbsp;<\/p>\n<p>J\u00e4nnityst\u00e4 junamatkalla<\/p>\n<p>&nbsp;<\/p>\n<p>Juna pys\u00e4htyi Lahden paikkeilla asemien v\u00e4lille. Ik\u00e4v\u00e4 ilmoitus kajahti matkustajien korviin: \u201dOn tapahtunut henkil\u00f6onnettomuus ja j\u00e4\u00e4mme odottamaan pelastushenkil\u00f6kuntaa paikalle.\u201d Joku oli j\u00e4\u00e4nyt junan alle! Karmeaa sin\u00e4ns\u00e4, ett\u00e4 tuollainen osuu kohdalle, hirve\u00e4 tragedia asianosaisille. Selv\u00e4\u00e4 my\u00f6s on, ett\u00e4 sellainen sotkee koko raideliikenteen. Jos yksi juna j\u00e4\u00e4 seisomaan radalle, miten muutkaan kulkevat?<\/p>\n<p>&nbsp;<\/p>\n<p>Noin tunnin verran seisokki kesti, ja Lissu jo soitteli Jyk\u00e4lle Kreikkaan. \u201dEtp\u00e4 arvaa, mit\u00e4 t\u00e4ll\u00e4 kertaa!\u201d Siin\u00e4 sai hermoilla ja mietti\u00e4, ehtisik\u00f6 taksilla lentoasemalle nopeammin kuin junalla vai j\u00e4tt\u00e4isik\u00f6 lento. Kuinka kauan pit\u00e4isi odottaa, ett\u00e4 uusi lento j\u00e4rjestyisi? Miss\u00e4 vaiheessa pit\u00e4isi ottaa yhteytt\u00e4 vakuutusyhti\u00f6\u00f6n?<\/p>\n<p>&nbsp;<\/p>\n<p>Lopulta juna p\u00e4\u00e4si jatkamaan matkaa. Kondukt\u00f6\u00f6rit alkoivat kiert\u00e4\u00e4 j\u00e4rjestelem\u00e4ss\u00e4 jatkoyhteyksi\u00e4. Rovaniemelle menij\u00e4t kuulemma saisivat hyp\u00e4t\u00e4 Oulusta taksiin. \u201dLentoasemalle menee Tikkurilasta junia kymmenen minuutin v\u00e4lein. Sinun kyll\u00e4 pit\u00e4isi ehti\u00e4 lennolle\u201d, Lissu sai kuulla.<\/p>\n<p>&nbsp;<\/p>\n<p>Helpotuksesta uskalsi huokaista vasta l\u00e4ht\u00f6portilla. Soitto Kreetalle: \u201dKerke\u00e4n koneeseen! Tule vastaan!\u201d Lentokin l\u00e4hti lopulta puoli tuntia my\u00f6h\u00e4ss\u00e4. Pohjoistuuli kuitenkin siivitti koneen aikatauluun. Ateenan kent\u00e4ll\u00e4 oli jo hiljaista, kun iltayhdelt\u00e4toista Iraklionin koneeseen nousi melkein pelkki\u00e4 kreetalaisia suhahtelevasta murteesta p\u00e4\u00e4tellen. Tunnelma oli oikein kotoinen, leppoisa ja kiireet\u00f6n.<\/p>\n<p>&nbsp;<\/p>\n<p>L\u00e4mmin vastaanotto<\/p>\n<div id=\"attachment_52\" style=\"width: 310px\" class=\"wp-caption alignright\"><img loading=\"lazy\" decoding=\"async\" aria-describedby=\"caption-attachment-52\" class=\"wp-image-52 size-medium\" src=\"https:\/\/blogit.kreeta.info\/kesamokkikreetalla\/wp-content\/uploads\/sites\/7\/2017\/06\/20170616_105018-300x225.jpg\" alt=\"\" width=\"300\" height=\"225\" \/><p id=\"caption-attachment-52\" class=\"wp-caption-text\">Dafni viem\u00e4ss\u00e4 kalpeaa em\u00e4nt\u00e4\u00e4 rantsuun<\/p><\/div>\n<p>Lentokentt\u00e4rakennuksen aulassa vastassa oli melkoisen p\u00e4ivettynyt mies ja v\u00e4h\u00e4n h\u00e4mmentyneen n\u00e4k\u00f6inen ruttunaamakoira. Kun Dafni kuuli tutun \u00e4\u00e4nen kutsuvan nime\u00e4\u00e4n, se ei oikein uskonut korviaan. Vasta nuuhkaisu sai vakuuttuneeksi: oma em\u00e4nt\u00e4 saapui! Onneksi Lissulla oli jalassa farkut, muuten olisivat kintut ruvella, kun tervetuliaisriekkuminen alkoi. Osansa pusuista sai is\u00e4nt\u00e4kin, sek\u00e4 Dafnilta ett\u00e4 rouvalta. Muita ihmisi\u00e4 nauratti.<\/p>\n<p>&nbsp;<\/p>\n<p>&nbsp;<\/p>\n<p>&nbsp;<\/p>\n<p>Lentokoneesta ulos astuessa Kreetalle tulijaa tervehtii aina niin omanlaisensa ilmanala! Olipa p\u00e4iv\u00e4 taikka y\u00f6, Kreetan tuoksun tunnistaa. Siin\u00e4 on mukana meren aromi mutta my\u00f6s jollain tavalla \u201dkalkkinen\u201d maan tuoksu. Sama, joka tarttuu vaatteisiin, kun on p\u00e4iv\u00e4n moottoripy\u00f6r\u00e4n p\u00e4\u00e4ll\u00e4 tai k\u00e4velem\u00e4ss\u00e4 raunioilla. Ihana l\u00e4mp\u00f6 otti syliins\u00e4 Pohjolan asukin.<\/p>\n<p>&nbsp;<\/p>\n<p>Toisinaan suomalaisilta saa kuulla, ett\u00e4 he eiv\u00e4t halua etel\u00e4\u00e4n, kun eiv\u00e4t tykk\u00e4\u00e4 kuumasta. Kyll\u00e4h\u00e4n ero onkin suuri, jos l\u00e4htee plusmiinus kahdestakymmenest\u00e4 asteesta, mik\u00e4 lienee Suomessa keskiverto kes\u00e4l\u00e4mp\u00f6tila. Kun Lissu l\u00e4hti matkaan, kes\u00e4 alkoi Suomessakin samoina p\u00e4ivin\u00e4, mutta kaksi p\u00e4iv\u00e4\u00e4 aiemmin satoi viel\u00e4 r\u00e4nt\u00e4kuuroja. Aamulla kotona piti pukea hanskat k\u00e4siin, niin viile\u00e4\u00e4 oli.<\/p>\n<p>&nbsp;<\/p>\n<p>Suomen helle on kuitenkin ihan toisenlainen kuin Kreetan. Suomessa aurinko tuntuu porottavan hirvitt\u00e4v\u00e4n kuumasti, koska varjon puolelta keho on viile\u00e4 ja kontrasti on iso. Jos l\u00e4mp\u00f6tila kipuaa yli hellerajan, ilma muuttuu kosteuden takia tukalaksi. Ukkoseenhan l\u00e4mmin yleens\u00e4 p\u00e4\u00e4ttyykin. Kreetalla sen sijaan on yleens\u00e4 aina hyv\u00e4 hengitt\u00e4\u00e4. Olisiko syyn\u00e4 ilman suolapitoisuus?<\/p>\n<p><img loading=\"lazy\" decoding=\"async\" class=\"size-medium wp-image-57 aligncenter\" src=\"https:\/\/blogit.kreeta.info\/kesamokkikreetalla\/wp-content\/uploads\/sites\/7\/2017\/06\/20170609_141504-300x225.jpg\" alt=\"\" width=\"300\" height=\"225\" \/><\/p>\n<p>Parasta on se, ett\u00e4 l\u00e4mp\u00f6 ymp\u00e4r\u00f6i joka puolelta. Viel\u00e4 iltasella kadut, rakennukset ja rantahiekka huokuvat yst\u00e4v\u00e4llisyytt\u00e4. Keho tottuu kuumaan ilmanalaan nopeasti, jos ei tee sit\u00e4 virhett\u00e4, ett\u00e4 yritt\u00e4\u00e4 ilmastoinnilla ja muilla vippaskonsteilla viilent\u00e4\u00e4 itse\u00e4\u00e4n. Eih\u00e4n sit\u00e4 ole pakko k\u00e4rvent\u00e4\u00e4 itse\u00e4\u00e4n suorassa auringonpaisteessa. L\u00e4mp\u00f6 rentouttaa lihakset ja hellii stressaantunutta kroppaa. Pois suorittaminen ja kiire, niin l\u00e4mmin tekee teht\u00e4v\u00e4ns\u00e4!<\/p>\n<p>&nbsp;<\/p>\n<p>Tuttua ja turvallista<\/p>\n<p>&nbsp;<\/p>\n<p>Kreetallakin on ollut pitk\u00e4 ja viile\u00e4 talvi ja kev\u00e4t. Kunnon l\u00e4mpim\u00e4t alkoivat oikeastaan vasta kes\u00e4kuun ensimm\u00e4isell\u00e4 viikolla, p\u00e4ivisin meill\u00e4 p\u00e4in on ollut noin 28 astetta varjossa. Meri l\u00e4mpeni nopeasti, kun sopiva tuuli toi l\u00e4mmint\u00e4 pintavett\u00e4 rannikolle. Aluksi vesi oli \u201dSuomi-j\u00e4rvil\u00e4mmint\u00e4\u201d, sitten jo aivan pulikointikelpoista. Kaskaat, nuo kes\u00e4n mittarit, alkoivat pikku hiljaa k\u00e4ynnistell\u00e4 sirityst\u00e4\u00e4n.<\/p>\n<p>&nbsp;<\/p>\n<p>Muitakin tuttuja \u00e4\u00e4ni\u00e4 korva tunnistaa. Kev\u00e4tlintujakin kuulee viel\u00e4, peippo laulaa kirkon fiikuksessa ja mustarastaat lurittavat iltaisin. Y\u00f6ll\u00e4 kukuvaija-p\u00f6ll\u00f6t piippailevat metsik\u00f6ss\u00e4. Koirat innostuvat ulvomaan t\u00e4ysikuuta ja muuten vaan. Kanoilla on asiaa takapihalla, lampaat m\u00e4\u00e4kiv\u00e4t kopperoissaan kaiketi ruoka- tai juoma-aikaa, ehk\u00e4 lypsy\u00e4kin. Kuorossa ovat mukana my\u00f6s autontorvet, jotka aamuin \u2013 iltap\u00e4ivin t\u00f6r\u00e4ht\u00e4v\u00e4t tervehdyksi\u00e4, kun ty\u00f6matkalaiset ohittavat tutut naapurit.<\/p>\n<p>&nbsp;<\/p>\n<p>Meit\u00e4kin tervehdit\u00e4\u00e4n monelta taholta. Naapurit, yst\u00e4v\u00e4t ja tutuksi tulleet asiointipaikat toivottavat tervetulleeksi. \u201dKyll\u00e4p\u00e4 olet viel\u00e4 kalpea\u201d, Lissu saa kuulla. Ei passaa kiirehti\u00e4 rusketusta, kyll\u00e4 se v\u00e4ri v\u00e4kisinkin tarttuu. Hyv\u00e4n\u00e4 apuna on beetakaroteeni, jota olemme tottuneet napsimaan pari viikkoa ennen reissua ja viel\u00e4 jonkin aikaa senkin p\u00e4\u00e4lle. Tuntuma on, ett\u00e4 sen avulla iho saa v\u00e4ri\u00e4 nopeasti eik\u00e4 pala helposti. Auringossa ei tarvitse olla kovin kauan ruskettuakseen, ja hyv\u00e4 niin.<\/p>\n<p>&nbsp;<\/p>\n<p>Mit\u00e4 j\u00e4rke\u00e4 oikeastaan on lotrata p\u00e4\u00e4lleen aurinkovoidetta ja sitten menn\u00e4 k\u00e4rist\u00e4m\u00e4\u00e4n itse\u00e4\u00e4n auringon alle? Voide hidastaa ruskettumista ja auringossa ollaan aina vaan kauemmin alttiina s\u00e4teilylle. Toki voiteella voi suojata itse\u00e4\u00e4n, jos jostakin syyst\u00e4 joutuu olemaan auringossa kauemmin. Toisaalta tuntuu, ett\u00e4 kyll\u00e4 pitk\u00e4n pime\u00e4n j\u00e4lkeen valoa suorastaan janoaa. D-vitamiinipurkki joutaa odottaa ensi talvea, merest\u00e4 ja kuumasta hiekasta nautitaan sopivina annoksina. Toivottavasti terveydeksi.<\/p>\n<p><img loading=\"lazy\" decoding=\"async\" class=\"wp-image-59 size-medium alignright\" src=\"https:\/\/blogit.kreeta.info\/kesamokkikreetalla\/wp-content\/uploads\/sites\/7\/2017\/06\/20170610_123818-e1498331006467-225x300.jpg\" alt=\"\" width=\"225\" height=\"300\" \/><\/p>\n<p>Ensimm\u00e4isen viikon pakollisiin kuvioihin kuuluvat tiettyjen makumuistojen virkist\u00e4miset siin\u00e4 kuin yst\u00e4vien tapaamisetkin. Jiros pita onnistuu olemaan t\u00e4ydellinen: possu mehev\u00e4\u00e4 ja juuri sopivasti paistunutta, sipuli raikasta mutta ei v\u00e4kev\u00e4\u00e4 pehme\u00e4ss\u00e4 jugurtissa ja perunatkin ihan hyvi\u00e4, vaikka eiv\u00e4t n\u00e4m\u00e4 kotona paistettuja p\u00e4ihit\u00e4k\u00e4\u00e4n. Frapp\u00e9-j\u00e4\u00e4kahvi nautittuna kahvilassa meren \u00e4\u00e4rell\u00e4 viilent\u00e4\u00e4 ja virkist\u00e4\u00e4. Torilta napataan mukaan kirsikoita, nyt on niiden aika. Naapuri on pit\u00e4nyt meid\u00e4t aprikooseissa, niit\u00e4 ei tarvitse l\u00e4hte\u00e4 ostamaan.<\/p>\n<p>&nbsp;<\/p>\n<p>Torilta tuodut hunajamelonit tuoksuvat keitti\u00f6ss\u00e4, alkavat kypsy\u00e4. Kaupassa appeliinimehumylly py\u00f6rii, mukaan poimitaan aina pari pulloa. Ja viini\u00e4! Kreetalainen viime satokauden pehme\u00e4 punaviini, kauppiaan suoraan tynnyrist\u00e4 muovipulloon pakkaama, l\u00f6yt\u00e4\u00e4 tiens\u00e4 ostoskoriimme muiden p\u00e4ivitt\u00e4isostosten ohella. T\u00e4\u00e4ll\u00e4 kun ei tarvitse erikseen pitk\u00e4ripaista ovea narauttaa. Kun Jyk\u00e4 viritt\u00e4\u00e4 tulet pallogrilliin, punainen juoma maistuu taivaalliselta possuvartaiden, suvlakien, kanssa. Seuraksi munakoisoa ja paprikaa. Jos mieli tekee v\u00e4h\u00e4n valmiimpaa ja vahvempiaromista viini\u00e4, ihan mahtava on\u00a0 T\u2019oploun luostarin luomupunkku. Vaatimattomassa 10 litran hanapakkauksessa l\u00e4hikaupasta.<\/p>\n<p>&nbsp;<\/p>\n<p>Joistakin rutiineista voisi luopua<\/p>\n<p>&nbsp;<\/p>\n<p>Kotoisa tunnelma syntyy tutuista asioista. Jotkin toistuvat tapahtumat nyt voisi pikku hiljaa j\u00e4tt\u00e4\u00e4 v\u00e4h\u00e4n v\u00e4hemm\u00e4lle, kuten nuo matkaan l\u00e4hd\u00f6n niin sanotut yll\u00e4tykset, joista alkaa jo seikkailunmaku karista.<\/p>\n<p>Samoin t\u00e4\u00e4ll\u00e4 p\u00e4\u00e4ss\u00e4 r<img loading=\"lazy\" decoding=\"async\" class=\"size-medium wp-image-54 alignleft\" src=\"https:\/\/blogit.kreeta.info\/kesamokkikreetalla\/wp-content\/uploads\/sites\/7\/2017\/06\/IMG_0001-300x200.jpg\" alt=\"\" width=\"300\" height=\"200\" \/>engasrikot. Jo ennen Lissun tuloa Jyk\u00e4 enn\u00e4tti ajaa Volvon eturenkaat uusintakuntoon kohtaamisessa maaseututiest\u00e4 t\u00f6rr\u00f6tt\u00e4v\u00e4n vesiputken kanssa. Mutta viel\u00e4 piti poimia ruuvi takarenkaaseenkin.<\/p>\n<p>&nbsp;<\/p>\n<p>&nbsp;<\/p>\n<p>&nbsp;<\/p>\n<p>Saimme ihailla komeaa ukkosta puoliv\u00e4liss\u00e4 kes\u00e4kuun ensimm\u00e4ist\u00e4 viikkoa. Pilvirintama vy\u00f6ryi merelt\u00e4 ja salamointia kesti l\u00e4pi y\u00f6n. Jyrin\u00e4\u00e4 tuskin kuulikaan, vaikka salamat risteiliv\u00e4t yli koko taivaan. N\u00e4m\u00e4 etel\u00e4n ukkoset ovat enemm\u00e4n upeita kuin pelottavia. Ukkonen ei, kuten Suomessa, my\u00f6sk\u00e4\u00e4n vie kes\u00e4\u00e4 menness\u00e4\u00e4n.<\/p>\n<div id=\"attachment_51\" style=\"width: 310px\" class=\"wp-caption aligncenter\"><img loading=\"lazy\" decoding=\"async\" aria-describedby=\"caption-attachment-51\" class=\"wp-image-51 size-medium\" src=\"https:\/\/blogit.kreeta.info\/kesamokkikreetalla\/wp-content\/uploads\/sites\/7\/2017\/06\/20170609_112232-300x225.jpg\" alt=\"\" width=\"300\" height=\"225\" \/><p id=\"caption-attachment-51\" class=\"wp-caption-text\">Pieni, viaton pilvi: enne ukkosesta<\/p><\/div>\n<p>Sadekuurot sen sijaan toivat anteliaasti roskaa teille, ja jossakin sattui olemaan ruuvi juuri meit\u00e4 odottamassa. Jyk\u00e4 huomasi sen, kun seuraavana aamuna pesi sateen t\u00e4plitt\u00e4m\u00e4\u00e4 autoa.<\/p>\n<p><img loading=\"lazy\" decoding=\"async\" class=\"alignnone size-medium wp-image-55\" src=\"https:\/\/blogit.kreeta.info\/kesamokkikreetalla\/wp-content\/uploads\/sites\/7\/2017\/06\/IMG_0003-300x200.jpg\" alt=\"\" width=\"300\" height=\"200\" \/><\/p>\n<p>Rengasliikkeen Manos nauroi ja puisteli p\u00e4\u00e4t\u00e4\u00e4n, kun n\u00e4ki meid\u00e4n tulevan pihaan vararengas alla. Mik\u00e4s siin\u00e4, ty\u00f6 sujui juttelun lomassa ripe\u00e4sti. Olimme v\u00e4h\u00e4n kiireiss\u00e4mme, joten kahvin juonnit sovittiin seuraavaan kertaan. Seh\u00e4n ihan varmasti tulee!<\/p>\n<p><img loading=\"lazy\" decoding=\"async\" class=\"alignnone wp-image-50 size-medium\" src=\"https:\/\/blogit.kreeta.info\/kesamokkikreetalla\/wp-content\/uploads\/sites\/7\/2017\/06\/20170609_101201-e1498330404267-225x300.jpg\" alt=\"\" width=\"225\" height=\"300\" \/><\/p>\n<p>&nbsp;<\/p>\n<p>Terveisin Kreetalta Jyk\u00e4, Lissu ja Dafni-bokseri<\/p>\n","protected":false},"excerpt":{"rendered":"<p>Jippiiii! Kalokeriiii! Kes\u00e4!!! Jo joutui armas aika! Suvi suloinen ei oikein n\u00e4ytt\u00e4nyt olevan Suomeen tullakseen, joten koulujen loppuessa Lissu jo oikein hinkui matkaan. Suomen koti vaihtoi asukkaita, lapset saivat \u201dkes\u00e4m\u00f6kkins\u00e4\u201d, ja Lissu aloitti matkan&#46;&#46;&#46;<\/p>\n","protected":false},"author":4,"featured_media":0,"comment_status":"closed","ping_status":"closed","sticky":false,"template":"","format":"standard","meta":{"_acf_changed":false,"footnotes":""},"categories":[1],"tags":[],"class_list":["post-47","post","type-post","status-publish","format-standard","hentry","category-yleinen"],"acf":[],"_links":{"self":[{"href":"https:\/\/blogit.kreeta.info\/kesamokkikreetalla\/wp-json\/wp\/v2\/posts\/47","targetHints":{"allow":["GET"]}}],"collection":[{"href":"https:\/\/blogit.kreeta.info\/kesamokkikreetalla\/wp-json\/wp\/v2\/posts"}],"about":[{"href":"https:\/\/blogit.kreeta.info\/kesamokkikreetalla\/wp-json\/wp\/v2\/types\/post"}],"author":[{"embeddable":true,"href":"https:\/\/blogit.kreeta.info\/kesamokkikreetalla\/wp-json\/wp\/v2\/users\/4"}],"replies":[{"embeddable":true,"href":"https:\/\/blogit.kreeta.info\/kesamokkikreetalla\/wp-json\/wp\/v2\/comments?post=47"}],"version-history":[{"count":6,"href":"https:\/\/blogit.kreeta.info\/kesamokkikreetalla\/wp-json\/wp\/v2\/posts\/47\/revisions"}],"predecessor-version":[{"id":64,"href":"https:\/\/blogit.kreeta.info\/kesamokkikreetalla\/wp-json\/wp\/v2\/posts\/47\/revisions\/64"}],"wp:attachment":[{"href":"https:\/\/blogit.kreeta.info\/kesamokkikreetalla\/wp-json\/wp\/v2\/media?parent=47"}],"wp:term":[{"taxonomy":"category","embeddable":true,"href":"https:\/\/blogit.kreeta.info\/kesamokkikreetalla\/wp-json\/wp\/v2\/categories?post=47"},{"taxonomy":"post_tag","embeddable":true,"href":"https:\/\/blogit.kreeta.info\/kesamokkikreetalla\/wp-json\/wp\/v2\/tags?post=47"}],"curies":[{"name":"wp","href":"https:\/\/api.w.org\/{rel}","templated":true}]}}