{"id":492,"date":"2020-07-15T15:07:34","date_gmt":"2020-07-15T12:07:34","guid":{"rendered":"https:\/\/blogit.kreeta.info\/kesamokkikreetalla\/?p=492"},"modified":"2024-01-10T10:20:00","modified_gmt":"2024-01-10T08:20:00","slug":"vaikeuksien-kautta-kesakotiin","status":"publish","type":"post","link":"https:\/\/blogit.kreeta.info\/kesamokkikreetalla\/2020\/07\/15\/vaikeuksien-kautta-kesakotiin\/","title":{"rendered":"Vaikeuksien kautta kes\u00e4kotiin"},"content":{"rendered":"<h1><img loading=\"lazy\" decoding=\"async\" class=\" wp-image-496 aligncenter\" src=\"https:\/\/blogit.kreeta.info\/kesamokkikreetalla\/wp-content\/uploads\/sites\/7\/2020\/07\/IMG_0004-300x200.jpg\" alt=\"\" width=\"459\" height=\"306\" \/><\/h1>\n<p>Koronakriisi koetteli koko maailmaa, ja niinh\u00e4n siin\u00e4 k\u00e4vi, ett\u00e4 meid\u00e4nkin kes\u00e4m\u00f6kkimatkamme viiv\u00e4styi kuukauden verran. Mutta t\u00e4\u00e4ll\u00e4 sit\u00e4 nyt kuitenkin ollaan, Kreetalla. L\u00e4mp\u00f6tila on hein\u00e4kuinen, kolmissakymmeniss\u00e4, aurinko helottaa ja meri vilvoittaa. V\u00e4lill\u00e4 meltemi, pohjoistuuli, mellastaa pari y\u00f6t\u00e4 ja p\u00e4iv\u00e4\u00e4, sitten nautitaan meid\u00e4nkin kyl\u00e4ll\u00e4 taas maalaisrauhasta. Bougainvilleat rehottavat ja temppelipuu, frangipani, availee kukkiaan. Kaskaiden kes\u00e4laulu raikaa, kyl\u00e4n koirat pit\u00e4v\u00e4t et\u00e4yhteytt\u00e4 haukkuen ja ulvoen, kun ilta hiljent\u00e4\u00e4 muut \u00e4\u00e4net.<img loading=\"lazy\" decoding=\"async\" class=\"size-medium wp-image-501 alignright\" src=\"https:\/\/blogit.kreeta.info\/kesamokkikreetalla\/wp-content\/uploads\/sites\/7\/2020\/07\/IMG_0109-300x200.jpg\" alt=\"\" width=\"300\" height=\"200\" \/><\/p>\n<p>Korona ei n\u00e4y erityisesti kyl\u00e4maisemassa, mutta jo Ierapetrassa siihen varautuminen on esill\u00e4. Pid\u00e4mme viel\u00e4 vapaaehtoista karanteeniaikaa, k\u00e4ymme vain kaupassa pakollisilla ostoksilla ja tervehdimme tuttuja v\u00e4limatkan p\u00e4\u00e4st\u00e4. Ehk\u00e4p\u00e4 jatkamme viisiviikkoisen m\u00f6kkireissun samaan tapaan loppuun asti, ehtii sit\u00e4 rientoihin mukaan toistekin.<\/p>\n<h2>Tuttu matka, uudet askelmat<\/h2>\n<p>Suomessa saimme maaseudulla, kotonamme, viett\u00e4\u00e4 melko huolettoman kev\u00e4\u00e4n koronan suhteen, kun Lissu j\u00e4i et\u00e4t\u00f6ihin kaikkien muiden opettajien kanssa. Kahteen kuukauteen emme pist\u00e4ytyneetk\u00e4\u00e4n oman kyl\u00e4n ulkopuolella. Toukokuun kaksi viimeist\u00e4 viikkoa opettajat ja koulukkaat palasivat luokkahuoneisiin, mutta sekin aika selvittiin. Kokolailla puhtaan omantunnon kanssa uskaltauduimme matkaan.<\/p>\n<p>Kreikan tilannetta seurattiin tietysti tarkasti. Yll\u00e4tyimme suorastaan siit\u00e4, miten hyvin kreikkalaiset noudattivat tosi tiukkoja rajoituksia, jotka (toinen yll\u00e4tys!) hallitus maahan asetti. Niinp\u00e4 korona ei p\u00e4\u00e4ssyt juhlimaan Kreikassakaan, Kreeta s\u00e4ilyi suorastaan puhtoisena. Ei olisi sik\u00e4li ollut estett\u00e4 l\u00e4hte\u00e4 m\u00f6kille. Mutta.<\/p>\n<p>Jos ei Suomeen p\u00e4\u00e4stetty ket\u00e4\u00e4n ulkomailta, niin eip\u00e4 Suomeen tullut my\u00f6sk\u00e4\u00e4n lentokoneita kuljettamaan meik\u00e4maalaisia poissuuntaan. Jumissa oltiin. 1.6. varatut Aegean Airlinesin liput peruttiin viikkoa ennen l\u00e4ht\u00f6\u00e4. Saimme melkoisen puhelinjonotuksen j\u00e4lkeen ne liput muutettua 15.6., josta l\u00e4htien, virkailijan mukaan, hallitus oli antanut heille luvan myyd\u00e4 lippuja ulkomailta Kreikkaan.<\/p>\n<p>Ihan hitusta ennen tuota kuun puoliv\u00e4li\u00e4 tuli taas kiristyksi\u00e4 linjaan: Kreikka ei halunnutkaan riskeerata, eli viel\u00e4 ennen kuun vaihdetta ei matkaan p\u00e4\u00e4st\u00e4isi. Vaihdoimme liput p\u00e4iv\u00e4m\u00e4\u00e4r\u00e4lle 1.7. Hetken ehdimme niit\u00e4 pit\u00e4\u00e4, kunnes Aegean peruutti lennon. Varmaankaan ei kannattaisi lent\u00e4\u00e4 tyhj\u00e4\u00e4 konetta muutamaa Suomesta l\u00e4htij\u00e4\u00e4 hakemaan, kun maahan ei saanut tulla, p\u00e4\u00e4ttelimme. En\u00e4\u00e4 emme jaksaneet soitella Ateenan konttoriin, vaan otimme liput vouchereina; eik\u00f6h\u00e4n nuo tule k\u00e4ytetty\u00e4.<\/p>\n<p>Lufthansa tarjosi lentoa 2.7. ja samaan aikaan mediakin vakuutteli, ett\u00e4 Kreikka ottaa vastaan suomalaisia muutaman muun maan joukossa, joissa koronaa on yht\u00e4 v\u00e4h\u00e4n kuin heill\u00e4. Arvata saattaa, ett\u00e4 j\u00e4nnitimme ihan viime tippaan saakka, p\u00e4\u00e4semmek\u00f6 ilmaan.<img loading=\"lazy\" decoding=\"async\" class=\"size-medium wp-image-498 alignright\" src=\"https:\/\/blogit.kreeta.info\/kesamokkikreetalla\/wp-content\/uploads\/sites\/7\/2020\/07\/IMG_0102-300x200.jpg\" alt=\"\" width=\"300\" height=\"200\" \/><\/p>\n<p>Lento piti, eli m\u00e4\u00e4r\u00e4 oli lent\u00e4\u00e4 Helsingist\u00e4 v\u00e4lilaskulla Frankfurtiin, sielt\u00e4 Ateenaan ja sitten Olympic Airlinesin jatkolennolla Iraklioniin. Junalippu Kuopiosta Helsinkiin ja y\u00f6 lentokentt\u00e4hotellissa lis\u00e4n\u00e4 kustannuksiin, mutta kuitenkin saimme edulliset lentoliput. Itse asiassa Aegeanin perutut liput olivat tuplasti kalliimmat, mutta onneksi niiden hintaa ei peritty tililt\u00e4mme lainkaan, joten s\u00e4\u00e4styimme palautussoittelulta.<\/p>\n<p>Juuri ennen kuin piti l\u00e4hte\u00e4 junalle, vilkaistiin varmuuden vuoksi netti\u00e4, koska edellisen\u00e4 p\u00e4iv\u00e4n\u00e4 oli ollut s\u00e4hk\u00f6katkoja; Suomen kolmenkympin helteet katkesivat ukkosiin. L\u00e4htiess\u00e4 kotoa alkuiltap\u00e4iv\u00e4st\u00e4, oli VR:n sivulla tietona, ett\u00e4 Joensuun radalla on osa matkasta korvattu bussilla. Kuopiosta ei mainittu mit\u00e4\u00e4n. Sama tieto edelleen siell\u00e4 oli edelleen, mutta sitten juna-aikatauluissa meid\u00e4n vuoron kohdalla teksti \u201dperuttu\u201d. Mit\u00e4 ihmett\u00e4? Asemalle oli kuitenkin aika l\u00e4hte\u00e4.<\/p>\n<p>Rautatieasemahan on jo pitk\u00e4\u00e4n ollut Kuopiossa s\u00e4\u00e4st\u00f6syist\u00e4 miehitt\u00e4m\u00e4t\u00f6n. Monitorissa oli junamme kohdalla vain teksti \u201dPeruttu\u201d, ei mit\u00e4\u00e4n lis\u00e4tietoa. Ihmisi\u00e4 kertyi asemalle, suomalaisittain kukaan ei kysellyt toisiltaan mit\u00e4\u00e4n, mutta yksi jos toinen soitti VR:n numeroon. Sielt\u00e4 mekin saimme tiedon, ett\u00e4 juna korvataan bussivuoroilla, seikka, joka ihan pian sitten kuulutettiinkin, koska junan l\u00e4ht\u00f6aika l\u00e4heni. Taululla edelleen vain tieto \u201dperuttu\u201d. Ei kovin informatiivista.<\/p>\n<p>Alkumatka siis sujui ahtaasti bussissa, kenell\u00e4k\u00e4\u00e4n meid\u00e4n lis\u00e4ksi ei maskia kasvoilla. VR:n mies seisoi Suonenjoen asemalla bussin ovella kertomassa niille, ketk\u00e4 enn\u00e4ttiv\u00e4t kuunnella, ett\u00e4 IC-juna korvataan Pendolinolla, paikkaliput eiv\u00e4t pid\u00e4 paikkaansa, ja l\u00e4ht\u00f6 viiv\u00e4styy. Suurin osa odottajista missasi tiedon. Joku kuului sanovan, ett\u00e4 onneksi sent\u00e4\u00e4n ei sada, kun junaa odoteltiin ep\u00e4m\u00e4\u00e4r\u00e4isen ajan katoksettomalla asemalaiturilla. Joten tietysti alkoi sataa.<\/p>\n<p>Juna oli lopulta 50 minuuttia my\u00f6h\u00e4ss\u00e4 aikataulusta, mutta pystyi sent\u00e4\u00e4n kulkemaan ilman pitempi\u00e4 pys\u00e4hdyksi\u00e4. Kaiketi liikenne oli viel\u00e4 niin v\u00e4h\u00e4ist\u00e4 rautateill\u00e4kin, ettei tarvinnut v\u00e4istell\u00e4 muita junia. Hotelli Clarion toimi oikein hienosti, ja yhteydet sinne ja sielt\u00e4 lentoasemalle olivat helpot ja nopeat.<\/p>\n<p>Finavia ei ollut aamulla tilanteen tasalla. Alimiehitetty lentoasema jonotutti ihmisi\u00e4 niin pitk\u00e4\u00e4n matkatavaroiden luovutuksessa ja turvatarkastuksessa, ett\u00e4 lento p\u00e4\u00e4si l\u00e4htem\u00e4\u00e4n tunnin my\u00f6h\u00e4ss\u00e4, mist\u00e4 Lufthansan kapteeni kitker\u00e4sti huomautti. Onneksi aikataulumme oli v\u00e4lj\u00e4, eik\u00e4 enemp\u00e4\u00e4 viivytyksi\u00e4 matkalle kertynyt. Lent\u00e4j\u00e4 r\u00e4pytteli aikataulua varttitunnin verran kiinni pyr\u00e4hdyksell\u00e4 Saksaan.<\/p>\n<p>Koko matka kentill\u00e4 ja koneessa toimittiin maskit kasvoilla. Lentokoneessa jaettiin pussiin pakattu v\u00e4lipala, pillimehu ja suklaapatukka, Ateenan koneessa t\u00e4ytetty s\u00e4mpyl\u00e4 sek\u00e4 normaali juomatarjoilu. Sis\u00e4\u00e4n mentiin aika tavanomaiseen tyyliin, mutta ulos p\u00e4\u00e4stettiin muutama rivi kerrallaan. Olipa kerrankin rauhallista poistua koneesta. Kentt\u00e4busseissakaan kukaan ei tallannut varpaille. Samalla tavalla toimittiin my\u00f6s Kreikassa.<\/p>\n<p>Kotona ennen l\u00e4ht\u00f6\u00e4 t\u00e4ytimme netiss\u00e4 Kreikkaan saapuvilta vaadittavan lomakkeen, jossa ker\u00e4ttiin henkil\u00f6tiedot ja lennon numerot. Odotettavissa oli, ett\u00e4 satunnaisia koronatestej\u00e4kin teht\u00e4isiin. Karanteenia Kreikka ei tulijoilta en\u00e4\u00e4 vaatinut (pois lukien ei -Schengen-maat ja tietyt koronatilanteeltaan heikommat maat), mutta varoitti, ett\u00e4 mahdollisesti ovat yhteydess\u00e4, jos altistuneita pit\u00e4\u00e4 j\u00e4ljitt\u00e4\u00e4 ja suosittelivat vapaaehtoista karanteenia. Kukin matkustaja sai QR-koodin netiss\u00e4 teht\u00e4v\u00e4st\u00e4 lomakkeesta. Sill\u00e4 ohitimme tarkastuspisteen Ateenassa, kun taas koneessa jaettua lomaketta n\u00e4ytt\u00e4m\u00e4ll\u00e4 n\u00e4k\u00f6j\u00e4\u00e4n joutui syyn\u00e4tt\u00e4vien jonoon. Jostakin syyst\u00e4 se lomake oli osoitettu Schengenin ulkopuolelta tuleville, vaikka l\u00e4ht\u00f6paikka oli Saksassa.<\/p>\n<p>Maskipakkoa ja muita hygieniaohjeita kaikki kunnioittivat hyvin. Koskaan ei ole ollut niin yskim\u00e4t\u00f6nt\u00e4 matkaseuraa kuin t\u00e4ll\u00e4 reissulla! Vasta bussikuski Iraklionista Ierapetraan rynki tupakkaysk\u00e4\u00e4ns\u00e4. H\u00e4nkin kyll\u00e4 k\u00e4ytti maskia, kun asioi matkustajien kanssa. Taksi oli varustettu muoviverholla, joka oli asennettu kuskin ja takapenkin v\u00e4liin katosta lattiaan. Tulipahan sekin katsastettua, kun viimeiselle etapillemme ei en\u00e4\u00e4 ollut bussia iltayhdeks\u00e4n j\u00e4lkeen. Toimivan tuntoinen ratkaisu.<\/p>\n<p>Niin saavuimme perille m\u00f6kille, ja vanha pariskunta pihamme p\u00e4\u00e4rakennuksesta, Pelagia-rouva ja Jorgos-herra, sattuivat olemaan vastassa terassillaan, kun taksi p\u00f6r\u00e4hti pihaan. Tervehdykset olivat iloisia ja yll\u00e4ttyneit\u00e4, kun meid\u00e4t maskien takaa tunnistettiin. Koutsounarin-naapurimme ruotsalaisethan eiv\u00e4t t\u00e4n\u00e4 vuonna ole p\u00e4\u00e4sseet palaamaan, kun jouluksi Pohjolaan l\u00e4htiv\u00e4t. Pid\u00e4mme heille peukkuja, ett\u00e4 naapurin vaikea tilanne helpottaa.<\/p>\n<h2>Varautuminen n\u00e4kyy, virus ei<\/h2>\n<p><img loading=\"lazy\" decoding=\"async\" class=\"size-medium wp-image-499 aligncenter\" src=\"https:\/\/blogit.kreeta.info\/kesamokkikreetalla\/wp-content\/uploads\/sites\/7\/2020\/07\/IMG_0103-300x200.jpg\" alt=\"\" width=\"300\" height=\"200\" \/><\/p>\n<p>Tuttu maisema on ennallaan. Riza-vuori vartioi kyl\u00e4\u00e4 kasvot auringonpaisteessa tai piirtyen juuri ja juuri havaittavana ilta\u00f6ist\u00e4 t\u00e4htitaivasta vasten. Rakentumassa oleva hotelli on tuonut uuden valomeren Megali Paralian, upean rantamme, kaupunginpuoleiseen p\u00e4\u00e4h\u00e4n. Kyl\u00e4ll\u00e4kin muutama huvila on noussut yll\u00e4tt\u00e4v\u00e4n nopeasti tuonne reunamille, ihan entisten, vuosia tyhjill\u00e4\u00e4n olleiden rakennusten viereen. Puutarhatkin niiss\u00e4 ovat jo valmiit. Odottanevat matkailijoita, toiveikkaina vuokraajia ulkomailta kenties. Kunhan tulevat tervein\u00e4.<\/p>\n<p>Kreetalla ollaan huolissaan siit\u00e4, ett\u00e4 maa avaa nyt rajojaan ja turistit saapuvat. Siksi p\u00e4\u00e4timme pit\u00e4\u00e4 parin viikon vapaaehtoisen karanteenin, vaikka riski saada matkalta virus tuntui kovin pienelt\u00e4. Kaupassa tietysti piti l\u00e4hte\u00e4 k\u00e4ym\u00e4\u00e4n heti alkuun, ja olimme ainoita, jotka siell\u00e4 maskit kasvoilla kulkivat, paikalliset ovat ilomielin luopuneet vaivalloisesta velvoitteesta.<\/p>\n<p>Tilanne Kreetalla on taudin osalta ollut hyv\u00e4, t\u00e4t\u00e4 kirjoittaessa ei tietoa tautitapauksista l\u00f6ydy erikseen saaremme osalta. Kaikkiaan tapauksia on saarella ollut koko aikana 13. Kreikassa hienoista nousua luvuissa, viime viikolla uusia tapauksia hieman yli 40, mik\u00e4 sin\u00e4ns\u00e4 on v\u00e4h\u00e4n. Sen vuoksi pohjoisrajalla kuitenkin on lis\u00e4tty kontrollia ja testausta. Yht\u00e4\u00e4n kuolemaa ei ole viime viikolla raportoitu Kreikassa. Emme siis tilastojen valossa ole t\u00e4\u00e4lt\u00e4k\u00e4\u00e4n tautia Suomeen tuomassa. Yht\u00e4 hyvin sen saanee suomalainen kotimaan matkailija kuin me m\u00f6kkil\u00e4iset t\u00e4\u00e4ll\u00e4.<\/p>\n<p>Sittemmin maskinaamoja on kaupassa alkanut n\u00e4ky\u00e4, tulijat n\u00e4k\u00f6j\u00e4\u00e4n huolehtivat asiasta, ja on se maski kassahenkil\u00f6ill\u00e4kin leuan alla. Kaupoissa on laskurit, jotka ilmoittavat sis\u00e4ll\u00e4 olijoiden m\u00e4\u00e4r\u00e4n sek\u00e4 suurimman sallitun asiakasm\u00e4\u00e4r\u00e4n, ovilla on k\u00e4sidesit ja muovihanskat tarjolla. Joihinkin pienempiin liikkeisiin saa menn\u00e4 vain muutama asiakas sis\u00e4lle kerralla. Ulos muodostuu leppoisasti rupattelevia jonoja. Jonkinlaiset turvav\u00e4lit niiss\u00e4 pyrkii olemaan.<\/p>\n<p>Marketin parkkipaikalla k\u00e4ytiin hupaisa n\u00e4ytelm\u00e4: Keski-i\u00e4n kypsemm\u00e4ll\u00e4 puolella olevat herra ja rouva tapasivat ja k\u00e4viv\u00e4t juttusille. Kyyn\u00e4rp\u00e4it\u00e4 muksauttamalla tervehdittiin, sit\u00e4 tapaa t\u00e4\u00e4ll\u00e4 n\u00e4kee nyt k\u00e4ytett\u00e4v\u00e4n. Keskusteluet\u00e4isyys ei ollut ihan koronasuositusten mukainen, vaan kuulumisia vaihdettiin normaalilta jutteluet\u00e4isyydelt\u00e4, sellaiselta, joka jo suomalaista ahistaisi. Rouva viel\u00e4p\u00e4 tarttui herrahenkil\u00f6\u00e4 parrasta ja tukisteli ja n\u00e4pel\u00f6i sit\u00e4 siin\u00e4 yst\u00e4v\u00e4llisen jutustelun lomassa. Olipa hyv\u00e4, ett\u00e4 eiv\u00e4t k\u00e4telleet kuitenkaan.<\/p>\n<p><img loading=\"lazy\" decoding=\"async\" class=\" wp-image-495 alignleft\" src=\"https:\/\/blogit.kreeta.info\/kesamokkikreetalla\/wp-content\/uploads\/sites\/7\/2020\/07\/108909085_1700484963438773_7328838817122148490_o-300x225.jpg\" alt=\"\" width=\"356\" height=\"267\" \/><\/p>\n<p><img loading=\"lazy\" decoding=\"async\" class=\" wp-image-494\" src=\"https:\/\/blogit.kreeta.info\/kesamokkikreetalla\/wp-content\/uploads\/sites\/7\/2020\/07\/20170912_133730-300x225.jpg\" alt=\"\" width=\"271\" height=\"203\" srcset=\"https:\/\/blogit.kreeta.info\/kesamokkikreetalla\/wp-content\/uploads\/sites\/7\/2020\/07\/20170912_133730-300x225.jpg 300w, https:\/\/blogit.kreeta.info\/kesamokkikreetalla\/wp-content\/uploads\/sites\/7\/2020\/07\/20170912_133730.jpg 448w\" sizes=\"auto, (max-width: 271px) 100vw, 271px\" \/><\/p>\n<p>&nbsp;<\/p>\n<p>Onneksi t\u00e4\u00e4ll\u00e4 riitt\u00e4\u00e4 rantaviivaa ja mutkateit\u00e4 moottoripy\u00f6r\u00e4ilyyn omien ev\u00e4iden kanssa, ei tarvitse turvav\u00e4lej\u00e4 mietti\u00e4. Jyk\u00e4n Grilli tupsauttelee harva se ilta oreganoaromista suvlakin k\u00e4ry\u00e4 tai t\u00e4k\u00e4l\u00e4isten lihaisten ruokamakkaroiden tirin\u00e4\u00e4 kantensa alta. Kaksin on oikein hyv\u00e4 istua terassilla ja siemailla palanpainikkeeksi paikallista p\u00f6yt\u00e4viini\u00e4, kuunnella paikallisradiosta mielialaan sopivinta musiikkia, usein kotimaista \u2013 siis kreetalaista tai kreikkalaista. Mainoksetkin ovat vain kielenopiskelua, eiv\u00e4t maksamalla ohi skipattavaa \u00e4rsytyst\u00e4.<\/p>\n<p>Toivottavasti mahdollisimman moni tutuista palveluty\u00f6l\u00e4isist\u00e4 t\u00e4\u00e4ll\u00e4 silti s\u00e4ilytt\u00e4\u00e4 ty\u00f6paikkansa. Ainakin paikallisia n\u00e4kyy riitt\u00e4v\u00e4n iltaisin tavernojen asiakkaiksi. Kun olemme kulkeneet kyl\u00e4n l\u00e4pi uimarantaan ja iltalenkill\u00e4 tavernoiden ohitse, on kyll\u00e4 tuntunut, ett\u00e4 olemme tervetullut n\u00e4ky. Iloisia tervehdyksi\u00e4 kuuluu joka taholta. Kun t\u00e4ss\u00e4 samalla kyl\u00e4ll\u00e4 on tullut py\u00f6ritty\u00e4 viisi kes\u00e4\u00e4 t\u00e4t\u00e4 ennen, tuttuja on kertynyt. Olisiko kyl\u00e4l\u00e4isill\u00e4 fiilis v\u00e4h\u00e4n sama kuin silloin, kun n\u00e4kee ensimm\u00e4isen lepp\u00e4kertun: nyth\u00e4n taitaa olla kes\u00e4! \u201dOmat\u201d ulkomaalaisemme alkavat j\u00e4lleen kuleksia kyl\u00e4nraitilla \u2013 johan oli aikakin.<\/p>\n<p>Kreetalta l\u00e4mpimin tervehdyksin<\/p>\n<p>Jyk\u00e4 &amp; Lissu<\/p>\n","protected":false},"excerpt":{"rendered":"<p>Koronakriisi koetteli koko maailmaa, ja niinh\u00e4n siin\u00e4 k\u00e4vi, ett\u00e4 meid\u00e4nkin kes\u00e4m\u00f6kkimatkamme viiv\u00e4styi kuukauden verran. Mutta t\u00e4\u00e4ll\u00e4 sit\u00e4 nyt kuitenkin ollaan, Kreetalla. L\u00e4mp\u00f6tila on hein\u00e4kuinen, kolmissakymmeniss\u00e4, aurinko helottaa ja meri vilvoittaa. V\u00e4lill\u00e4 meltemi, pohjoistuuli, mellastaa&#46;&#46;&#46;<\/p>\n","protected":false},"author":4,"featured_media":494,"comment_status":"closed","ping_status":"closed","sticky":false,"template":"","format":"standard","meta":{"_acf_changed":false,"footnotes":""},"categories":[1],"tags":[],"class_list":["post-492","post","type-post","status-publish","format-standard","has-post-thumbnail","hentry","category-yleinen"],"acf":[],"_links":{"self":[{"href":"https:\/\/blogit.kreeta.info\/kesamokkikreetalla\/wp-json\/wp\/v2\/posts\/492","targetHints":{"allow":["GET"]}}],"collection":[{"href":"https:\/\/blogit.kreeta.info\/kesamokkikreetalla\/wp-json\/wp\/v2\/posts"}],"about":[{"href":"https:\/\/blogit.kreeta.info\/kesamokkikreetalla\/wp-json\/wp\/v2\/types\/post"}],"author":[{"embeddable":true,"href":"https:\/\/blogit.kreeta.info\/kesamokkikreetalla\/wp-json\/wp\/v2\/users\/4"}],"replies":[{"embeddable":true,"href":"https:\/\/blogit.kreeta.info\/kesamokkikreetalla\/wp-json\/wp\/v2\/comments?post=492"}],"version-history":[{"count":4,"href":"https:\/\/blogit.kreeta.info\/kesamokkikreetalla\/wp-json\/wp\/v2\/posts\/492\/revisions"}],"predecessor-version":[{"id":505,"href":"https:\/\/blogit.kreeta.info\/kesamokkikreetalla\/wp-json\/wp\/v2\/posts\/492\/revisions\/505"}],"wp:featuredmedia":[{"embeddable":true,"href":"https:\/\/blogit.kreeta.info\/kesamokkikreetalla\/wp-json\/wp\/v2\/media\/494"}],"wp:attachment":[{"href":"https:\/\/blogit.kreeta.info\/kesamokkikreetalla\/wp-json\/wp\/v2\/media?parent=492"}],"wp:term":[{"taxonomy":"category","embeddable":true,"href":"https:\/\/blogit.kreeta.info\/kesamokkikreetalla\/wp-json\/wp\/v2\/categories?post=492"},{"taxonomy":"post_tag","embeddable":true,"href":"https:\/\/blogit.kreeta.info\/kesamokkikreetalla\/wp-json\/wp\/v2\/tags?post=492"}],"curies":[{"name":"wp","href":"https:\/\/api.w.org\/{rel}","templated":true}]}}