{"id":507,"date":"2020-12-27T14:39:48","date_gmt":"2020-12-27T12:39:48","guid":{"rendered":"https:\/\/blogit.kreeta.info\/kesamokkikreetalla\/?p=507"},"modified":"2024-01-10T10:21:49","modified_gmt":"2024-01-10T08:21:49","slug":"koronakesa-kreetalla","status":"publish","type":"post","link":"https:\/\/blogit.kreeta.info\/kesamokkikreetalla\/2020\/12\/27\/koronakesa-kreetalla\/","title":{"rendered":"Koronakes\u00e4 Kreetalla"},"content":{"rendered":"<p><img loading=\"lazy\" decoding=\"async\" class=\"aligncenter wp-image-529 size-full\" src=\"https:\/\/blogit.kreeta.info\/kesamokkikreetalla\/wp-content\/uploads\/sites\/7\/2020\/12\/2kes\u00e420-12.jpg\" alt=\"\" width=\"448\" height=\"299\" srcset=\"https:\/\/blogit.kreeta.info\/kesamokkikreetalla\/wp-content\/uploads\/sites\/7\/2020\/12\/2kes\u00e420-12.jpg 448w, https:\/\/blogit.kreeta.info\/kesamokkikreetalla\/wp-content\/uploads\/sites\/7\/2020\/12\/2kes\u00e420-12-300x200.jpg 300w\" sizes=\"auto, (max-width: 448px) 100vw, 448px\" \/><\/p>\n<p>Onpahan ollut vuosi! Normaalisti olisimme nyt joulun vietossa Kreetan-kes\u00e4m\u00f6kill\u00e4, <em>mis\u2019 s\u00e4\u00e4 olisi kuin Suomen toukokuun<\/em>: ehk\u00e4 sateinen ja pilvinen, mutta kuitenkin plus viidentoista mukavammalla puolella. Itse asiassa juuri n\u00e4ill\u00e4 hetkill\u00e4, kun t\u00e4t\u00e4 kirjoitan, laskeutuisi koneemme Ateenaan, mist\u00e4 jatkaisimme Kreetalle illansuussa. Lentoliput oli jo varattuna, mutta siirrettiin hamaan tulevaisuuteen. Koska korona.<\/p>\n<p>Monesta varmasti tuntuu, ett\u00e4 rakas Kreikka on lipunut t\u00e4m\u00e4n uuden vuosikymmenen alussa kauemmas kuin koskaan. Kyll\u00e4 se siell\u00e4 kuitenkin on, ja Kreeta uinailee V\u00e4limeren syliss\u00e4 melko turvallisesti omassa vaahtokuplassaan kuin Afrodite konsanaan. Tilastoja koronatapauksista ei mill\u00e4\u00e4n tahdo l\u00f6yty\u00e4, mutta sik\u00e4li kuin olemme tuttavilta kuulleet, \u201dmeid\u00e4n alueellamme\u201d ei tautitapauksia juurikaan ole ollut. P\u00e4\u00e4kaupunkialueella Iraklionissa joitakin.<\/p>\n<p>Onnistuimme tekem\u00e4\u00e4n kes\u00e4m\u00f6kkireissun juuri koronan suvantovaiheessa, jolloin matkustusrajoituksia hetkeksi h\u00f6ll\u00e4ttiin. Reissumme ajoittui hein\u00e4kuuksi ja palasimme elokuun ensimm\u00e4isen viikon lopussa Suomeen. Se j\u00e4ikin sitten varsinaiseksi heng\u00e4hdystauoksi t\u00e4m\u00e4n hullun vuoden puoliv\u00e4liss\u00e4. Kreetalla todella tiukat rajoitukset liikkumisen ja maskien k\u00e4yt\u00f6n suhteen oli juuri purettu, ja ihmiset olivat iloisia ja vapautuneita. Silti varovaisuus n\u00e4kyi, turvav\u00e4leist\u00e4 huolehdittiin melko hyvin, eik\u00e4 kes\u00e4flunssaisiakaan juuri ollut liikkeell\u00e4.<\/p>\n<p>&nbsp;<\/p>\n<p>Reissun alkuosa tuli blogiinkin p\u00e4ivitetty\u00e4 jo kes\u00e4ll\u00e4, loppuosan koostaminen sitten vain siirtyi arkikiireitten edess\u00e4 aina n\u00e4ihin p\u00e4iviin. Mutta nyth\u00e4n onkin hyv\u00e4 haikailla menneeseen kes\u00e4\u00e4n, joka on nippa nappa l\u00e4hemp\u00e4n\u00e4 kuin tuleva. T\u00e4ss\u00e4 siis muisteluksia kes\u00e4isilt\u00e4 viikoilta auringon alta, jospa ne veisiv\u00e4t hetkeksi huilitauolle koronauutisten ja kaamoksen synkist\u00e4 mielenmaisemista.<\/p>\n<p>&nbsp;<\/p>\n<h2>Kes\u00e4nvietto Kreetalla jatkui<\/h2>\n<p>Puuhailimme paljolti kotosalla ne viisi viikkoa, jotka m\u00f6kkireissulla olimme. Toki k\u00e4vimme muutamalla moottoripy\u00f6r\u00e4retkell\u00e4, mutta niit\u00e4 jarruttivat Guzzin akun kuoleutuminen ja uuden hidas hankintaprosessi, kun Ierapetran liikkeist\u00e4 ei l\u00f6ytynyt tarpeeksi isoa akkua py\u00f6r\u00e4vanhukseen ja ostopaikaksi sattunut nettikauppa osoittautui vikavalinnaksi.<\/p>\n<p>&nbsp;<\/p>\n<h4><strong>Kes\u00e4 tulee kahdella py\u00f6r\u00e4ll\u00e4<\/strong><\/h4>\n<div id=\"attachment_494\" style=\"width: 310px\" class=\"wp-caption aligncenter\"><img loading=\"lazy\" decoding=\"async\" aria-describedby=\"caption-attachment-494\" class=\"wp-image-494 size-medium\" src=\"https:\/\/blogit.kreeta.info\/kesamokkikreetalla\/wp-content\/uploads\/sites\/7\/2020\/07\/20170912_133730-300x225.jpg\" alt=\"\" width=\"300\" height=\"225\" srcset=\"https:\/\/blogit.kreeta.info\/kesamokkikreetalla\/wp-content\/uploads\/sites\/7\/2020\/07\/20170912_133730-300x225.jpg 300w, https:\/\/blogit.kreeta.info\/kesamokkikreetalla\/wp-content\/uploads\/sites\/7\/2020\/07\/20170912_133730.jpg 448w\" sizes=\"auto, (max-width: 300px) 100vw, 300px\" \/><p id=\"caption-attachment-494\" class=\"wp-caption-text\">Menopeli Aprilia Pegaso<\/p><\/div>\n<p>Meille olennainen osa Kreetasta nauttimisesta on moottoripy\u00f6r\u00e4ily. Pegaso saatiin heti liikkeelle eik\u00e4 vuoristojuhtamme oikkuillut ollenkaan, katsastuksen l\u00e4p\u00e4isi kitisem\u00e4tt\u00e4 ja kuljetti meit\u00e4 vaivatta muutaman lenkin vuoristoteill\u00e4. T\u00e4h\u00e4n on vihdoin p\u00e4\u00e4sty, kun Jyk\u00e4 on korjaillut ja huoltanut s\u00e4hk\u00f6verkoston, vaihtanut ruiskutusj\u00e4rjestelm\u00e4n kaulat, vaihtanut syyl\u00e4rin, akun, ketjut ja rattaat. Tonnin py\u00f6r\u00e4 on kuitenkin ollut hyv\u00e4 hankinta, onpahan mekaanikko-evp:llekin\u00a0 siin\u00e4 aivojumppaa ja sormien verryttely\u00e4.<\/p>\n<p>Guzzin vanhanaikaisen suuri akku sen sijaan aiheutti hankaluuksia, kun entinen menetti tehonsa ja uutta ei meinattu saada mill\u00e4\u00e4n tilalle, niin isoa ei l\u00f6ytynyt saarelta. Akku tilattiin Thessalonikista isosta myym\u00e4l\u00e4st\u00e4, jolla oli hyv\u00e4t nettisivut. Siell\u00e4 oli myynniss\u00e4 laatumerkkinen laite, joka tilattiin nettilomakkeella. Varmuuden vuoksi otettiin viel\u00e4 s\u00e4hk\u00f6postilla yhteytt\u00e4 firmaan, jossa kerrottiinkin, ett\u00e4 juuri sit\u00e4 tilattua tuotetta ei ole, mutta vastaava, edullisempi akku l\u00f6ytyy. No, siihen p\u00e4\u00e4tettiin tyyty\u00e4. Maksamisesta vain tuli hieman ongelmia, kun pyydetty\u00e4 tilinumeroa ei alkanut kuulua.<\/p>\n<p>Koska kielivaikeuksilla saattoi hyvinkin olla osuutta asiaan, pyydettiin yst\u00e4v\u00e4 apuun tulkiksi. Selvisi, ett\u00e4 firmassa todella odotettiin maksua ennen kuin tuote postitettaisiin. Pyydettiin siis tilinumero ja mentiin nettipankkiin maksamaan. Numero ei toiminut. Soitettiin uudestaan. Firmalla n\u00e4ht\u00e4v\u00e4sti oli eri pankki kuin meill\u00e4 ja tilinumerossa sen vuoksi v\u00e4h\u00e4n eroja. Muutaman yrityksen j\u00e4lkeen eri henkil\u00f6 langan toisessa p\u00e4\u00e4ss\u00e4 kertoi, ett\u00e4 onhan heill\u00e4 tili my\u00f6s samassa pankissa kuin meill\u00e4, ja rahat saatiin matkaan.<\/p>\n<p>Sitten vain odottelemaan jo maksettua akkua. Ei kuulunut. Muutama soitto taasen tarvittiin, mutta selvisi, ett\u00e4 firma toimittaa manterelta Kreetalle tavaraa vain parin viikon v\u00e4lein, mist\u00e4 viiv\u00e4stys t\u00e4ll\u00e4 kertaa johtui.<\/p>\n<p>Kun akku lopulta tuli kuriirin matkassa, se tuli valmiiksi hapotettuna, ymp\u00e4ri py\u00f6rineen\u00e4, yli l\u00e4ikkyneen\u00e4, pakkauksensa polttaneena! Onneksi meill\u00e4 oli akkunestett\u00e4 jemmassa, ja akku saatiin toimimaan. Olisi tietysti pit\u00e4nyt reklamoida, sill\u00e4 eih\u00e4n akkua ikin\u00e4 l\u00e4hetet\u00e4 valmiiksi hapotettuna postissa. Mutta lomaa oli j\u00e4ljell\u00e4 en\u00e4\u00e4 viikko, joten ei viitsitty ruveta siihen operaatioon. Kyseinen firma meill\u00e4 kuitenkin pantiin boikottiin \u2013 suuri tai ei, ammattitaito oli ihan kateissa.<\/p>\n<p>&nbsp;<\/p>\n<p><strong>Azaliasta Pefkiin<\/strong><\/p>\n<p>Meill\u00e4 alkaa olla sellainen positiivinen ongelma, ett\u00e4 l\u00e4hist\u00f6n tiest\u00f6 on vuosien mittaan ajettu pitkin, poikin, ristiin ja rastiin. Pegason my\u00f6t\u00e4 p\u00e4\u00e4semme nyt laajentamaan repertuaaria, suuntaamaan hiekkateille! L\u00f6ytyi kiva ihan pieni k\u00e4rripolku, joka l\u00e4htee Sitian maantielt\u00e4 pienenpieneen kyl\u00e4\u00e4n, Azalia nimelt\u00e4\u00e4n. Tienviittana haalistunut puinen kyltti v\u00e4h\u00e4n nojallaan p\u00e4\u00e4tien varressa.<\/p>\n<p>Kyl\u00e4 tuli pian n\u00e4kyviin laakson pohjukassa, mutta annoimme sen uinailla rauhassa iltap\u00e4iv\u00e4siestaansa, koska etsimme tiet\u00e4 sen ohitse pitkin vuorten rinnett\u00e4 ylemm\u00e4s naapurikyl\u00e4\u00e4n, Pefkiin. Kartta esitti reitin, mutta sen l\u00f6yt\u00e4minen maastosta oli jonkin verran haasteellista. Valitsimme todenn\u00e4k\u00f6isimm\u00e4n tienristeyksen oliivitarhojen v\u00e4list\u00e4.<\/p>\n<p><img loading=\"lazy\" decoding=\"async\" class=\"alignleft wp-image-542 size-medium\" src=\"https:\/\/blogit.kreeta.info\/kesamokkikreetalla\/wp-content\/uploads\/sites\/7\/2020\/12\/2kes\u00e420-25-300x200.jpg\" alt=\"\" width=\"300\" height=\"200\" srcset=\"https:\/\/blogit.kreeta.info\/kesamokkikreetalla\/wp-content\/uploads\/sites\/7\/2020\/12\/2kes\u00e420-25-300x200.jpg 300w, https:\/\/blogit.kreeta.info\/kesamokkikreetalla\/wp-content\/uploads\/sites\/7\/2020\/12\/2kes\u00e420-25.jpg 448w\" sizes=\"auto, (max-width: 300px) 100vw, 300px\" \/><\/p>\n<p>Tuntomerkkin\u00e4 siit\u00e4, ett\u00e4 t\u00e4m\u00e4 tie oli todenn\u00e4k\u00f6isesti rakennettu viem\u00e4\u00e4n johonkin muualle kuin vain jollekin viljelm\u00e4lle, olivat betonip\u00e4tk\u00e4t pahimmissa mutkissa. Betonit on valettu est\u00e4m\u00e4\u00e4n tien murtumista sadeveden mukaan. Olisi reitti voinut tietysti johtaa jollekin kirkollekin, mutta niihin yleens\u00e4 on opasteet, naapurikyl\u00e4\u00e4n v\u00e4ltt\u00e4m\u00e4tt\u00e4 ei. Mihink\u00e4s kylttej\u00e4 omilla nurkilla tarvittaisiin? Eih\u00e4n kukaan muu kuin paikallinen n\u00e4it\u00e4 pikkuteit\u00e4 k\u00e4yt\u00e4 p\u00e4\u00e4st\u00e4kseen kyl\u00e4lt\u00e4 toiselle. Joka ei reitti\u00e4 tunne, kulkee p\u00e4\u00e4tiet\u00e4, jos ei halua eksy\u00e4. No, me poikkeamme p\u00e4\u00e4tielt\u00e4 alinomaa, koska mottommehan suorastaan on \u201deksyminen kannattaa aina\u201d.<\/p>\n<p>Pienen j\u00e4nnityksen kera siis jatkoimme polkupahasta. Kylien v\u00e4li\u00e4 oli vain nelisen kilometri\u00e4, mutta reitti mutkitteli kauniissa, vihre\u00e4ss\u00e4 ja oleanteria kukkivassa kurussa rinteiden v\u00e4liss\u00e4. Pohjalla oli paikoin virtaavaa vett\u00e4, sen saattoi kuulla. Linnut lauloivat ja vuohia, kaiketi, rapisteli pensaikossa. Ymp\u00e4rill\u00e4 maasto oli kuivaa ja autiota paitsi siell\u00e4, miss\u00e4 sijaitsi oliivitarhoja kasteluj\u00e4rjestelmineen. Tuulimyllyt kauempana ja aurinkokennovoimala tien varrella kertoivat, ett\u00e4 energiaa n\u00e4ill\u00e4 vuorilla piisaa. Sit\u00e4 on enemm\u00e4n kuin vihre\u00e4t kasvit tahtovat kes\u00e4ll\u00e4 siet\u00e4\u00e4.<img loading=\"lazy\" decoding=\"async\" class=\"alignright wp-image-518 size-medium\" src=\"https:\/\/blogit.kreeta.info\/kesamokkikreetalla\/wp-content\/uploads\/sites\/7\/2020\/12\/2kes\u00e420-1-300x200.jpg\" alt=\"\" width=\"300\" height=\"200\" srcset=\"https:\/\/blogit.kreeta.info\/kesamokkikreetalla\/wp-content\/uploads\/sites\/7\/2020\/12\/2kes\u00e420-1-300x200.jpg 300w, https:\/\/blogit.kreeta.info\/kesamokkikreetalla\/wp-content\/uploads\/sites\/7\/2020\/12\/2kes\u00e420-1.jpg 448w\" sizes=\"auto, (max-width: 300px) 100vw, 300px\" \/><\/p>\n<p>&nbsp;<\/p>\n<p>&nbsp;<\/p>\n<p>&nbsp;<\/p>\n<p>&nbsp;<\/p>\n<p>&nbsp;<\/p>\n<p>Tie oli nopeasti ajettu, mutta se ei haitannut, kun jo hiukan huikoi. Sopivasti lounasaikaan saavuimme Pefkin kyl\u00e4\u00e4n, jossa on mainio Piperia-taverna. Tilasimme salaatin ja ihanaa juustopiirakkaa. Pari muutakin seuruetta oli ruokailemassa.<\/p>\n<div id=\"attachment_520\" style=\"width: 310px\" class=\"wp-caption alignright\"><img loading=\"lazy\" decoding=\"async\" aria-describedby=\"caption-attachment-520\" class=\"wp-image-520 size-medium\" src=\"https:\/\/blogit.kreeta.info\/kesamokkikreetalla\/wp-content\/uploads\/sites\/7\/2020\/12\/2kes\u00e420-3-300x200.jpg\" alt=\"\" width=\"300\" height=\"200\" srcset=\"https:\/\/blogit.kreeta.info\/kesamokkikreetalla\/wp-content\/uploads\/sites\/7\/2020\/12\/2kes\u00e420-3-300x200.jpg 300w, https:\/\/blogit.kreeta.info\/kesamokkikreetalla\/wp-content\/uploads\/sites\/7\/2020\/12\/2kes\u00e420-3.jpg 448w\" sizes=\"auto, (max-width: 300px) 100vw, 300px\" \/><p id=\"caption-attachment-520\" class=\"wp-caption-text\">Taverna Piperia, Pefki<\/p><\/div>\n<p><img loading=\"lazy\" decoding=\"async\" class=\"alignleft wp-image-519 size-medium\" src=\"https:\/\/blogit.kreeta.info\/kesamokkikreetalla\/wp-content\/uploads\/sites\/7\/2020\/12\/2kes\u00e420-2-300x200.jpg\" alt=\"\" width=\"300\" height=\"200\" srcset=\"https:\/\/blogit.kreeta.info\/kesamokkikreetalla\/wp-content\/uploads\/sites\/7\/2020\/12\/2kes\u00e420-2-300x200.jpg 300w, https:\/\/blogit.kreeta.info\/kesamokkikreetalla\/wp-content\/uploads\/sites\/7\/2020\/12\/2kes\u00e420-2.jpg 448w\" sizes=\"auto, (max-width: 300px) 100vw, 300px\" \/><\/p>\n<p>K\u00e4velimme aterian j\u00e4lkeen kierroksen kauniissa kyl\u00e4ss\u00e4, eih\u00e4n j\u00e4lkiruokarakin j\u00e4lkeen ihan heti passaa l\u00e4hte\u00e4 py\u00f6r\u00e4n ohjaimiin. Vaikka Pefki on ylh\u00e4\u00e4ll\u00e4 vuorella, se ei ole mik\u00e4\u00e4n kuollut loukko. Siell\u00e4 asuu aika paljon my\u00f6s ulkomaalaisia, sill\u00e4 Makri Gialos hotelleineen sijaitsee rannalla muutaman kilometrin p\u00e4\u00e4ss\u00e4. Pefkiin p\u00e4\u00e4see sielt\u00e4 k\u00e4vellenkin jylh\u00e4n rotkon kautta. Se on suosittu vaellusreitti. (Kuvaus l\u00f6ytyy Kreeta.infon rotko-osiosta.)<\/p>\n<p><img loading=\"lazy\" decoding=\"async\" class=\"alignnone size-medium wp-image-521\" src=\"https:\/\/blogit.kreeta.info\/kesamokkikreetalla\/wp-content\/uploads\/sites\/7\/2020\/12\/2kes\u00e420-4-300x200.jpg\" alt=\"\" width=\"300\" height=\"200\" srcset=\"https:\/\/blogit.kreeta.info\/kesamokkikreetalla\/wp-content\/uploads\/sites\/7\/2020\/12\/2kes\u00e420-4-300x200.jpg 300w, https:\/\/blogit.kreeta.info\/kesamokkikreetalla\/wp-content\/uploads\/sites\/7\/2020\/12\/2kes\u00e420-4.jpg 448w\" sizes=\"auto, (max-width: 300px) 100vw, 300px\" \/><\/p>\n<p><strong>Kastron rauniot<\/strong><\/p>\n<p>Toinen hieno retki tehtiin tuulisena p\u00e4iv\u00e4n\u00e4, joten ajelimme tyls\u00e4sti p\u00e4\u00e4tiet\u00e4 pitkin Ierapetrasta kohti Agios Nikolaosta. Tuuli reutoi py\u00f6r\u00e4\u00e4 viel\u00e4 Pahia Ammoksen kohdalla, mutta kun k\u00e4\u00e4nnyimme kohti vuoria ja Kavoussin kyl\u00e4\u00e4, pahin puhuri hellitti. Tuuli yksinkertaisesti kiipesi vuoren laelle ja j\u00e4tti juuret tyveneen.<\/p>\n<p>J\u00e4timme Kavoussin taakse ja suunnistimme tutuksi tullutta pikkutiet\u00e4 yl\u00f6s rinnett\u00e4. Tie johtaa maailman vanhimpiin kuuluvalle, el\u00e4v\u00e4lle oliivipuulle ja Azorian ja Vrondan minolaisten kylien raunioille, mutta t\u00e4ht\u00e4simme edemm\u00e4s. Meill\u00e4 oli m\u00e4\u00e4r\u00e4np\u00e4\u00e4n\u00e4 viel\u00e4 yhdet, ennen kokemattomat, rauniot: kolmesta kyl\u00e4st\u00e4 ylimp\u00e4n\u00e4 kohoava Kastron minolainen linnoituskyl\u00e4.<\/p>\n<p><img loading=\"lazy\" decoding=\"async\" class=\"alignnone size-medium wp-image-522\" src=\"https:\/\/blogit.kreeta.info\/kesamokkikreetalla\/wp-content\/uploads\/sites\/7\/2020\/12\/2kes\u00e420-5-300x200.jpg\" alt=\"\" width=\"300\" height=\"200\" srcset=\"https:\/\/blogit.kreeta.info\/kesamokkikreetalla\/wp-content\/uploads\/sites\/7\/2020\/12\/2kes\u00e420-5-300x200.jpg 300w, https:\/\/blogit.kreeta.info\/kesamokkikreetalla\/wp-content\/uploads\/sites\/7\/2020\/12\/2kes\u00e420-5.jpg 448w\" sizes=\"auto, (max-width: 300px) 100vw, 300px\" \/>\u00a0 \u00a0<img loading=\"lazy\" decoding=\"async\" class=\"alignnone size-medium wp-image-524\" src=\"https:\/\/blogit.kreeta.info\/kesamokkikreetalla\/wp-content\/uploads\/sites\/7\/2020\/12\/2kes\u00e420-7-300x200.jpg\" alt=\"\" width=\"300\" height=\"200\" srcset=\"https:\/\/blogit.kreeta.info\/kesamokkikreetalla\/wp-content\/uploads\/sites\/7\/2020\/12\/2kes\u00e420-7-300x200.jpg 300w, https:\/\/blogit.kreeta.info\/kesamokkikreetalla\/wp-content\/uploads\/sites\/7\/2020\/12\/2kes\u00e420-7.jpg 448w\" sizes=\"auto, (max-width: 300px) 100vw, 300px\" \/><\/p>\n<p>Py\u00f6r\u00e4ll\u00e4 p\u00e4\u00e4simme Vrondan yl\u00e4puolelle l\u00e4hes puoleen kilometriin, miss\u00e4 juuri ja juuri auton levyinen tie p\u00e4\u00e4ttyy, ja jatkuu E4-patikkapolku. Polku on itse asiassa ikivanha kylien v\u00e4linen tie, osittain kivetty ja pengerretty. Vanhimmat osat voivat olla ties kuinka vanhoja. Aktiivisesti reitti\u00e4 lienee k\u00e4ytetty kylien v\u00e4liseen liikkumiseen viel\u00e4 1960-luvulla, kun autoilu ei ole viel\u00e4 ollut yleist\u00e4 ja ajotiet ovat varmaan olleet varsin kehnoja.<\/p>\n<p><img loading=\"lazy\" decoding=\"async\" class=\"alignnone size-medium wp-image-526\" src=\"https:\/\/blogit.kreeta.info\/kesamokkikreetalla\/wp-content\/uploads\/sites\/7\/2020\/12\/2kes\u00e420-9-300x200.jpg\" alt=\"\" width=\"300\" height=\"200\" srcset=\"https:\/\/blogit.kreeta.info\/kesamokkikreetalla\/wp-content\/uploads\/sites\/7\/2020\/12\/2kes\u00e420-9-300x200.jpg 300w, https:\/\/blogit.kreeta.info\/kesamokkikreetalla\/wp-content\/uploads\/sites\/7\/2020\/12\/2kes\u00e420-9.jpg 448w\" sizes=\"auto, (max-width: 300px) 100vw, 300px\" \/>\u00a0 \u00a0<img loading=\"lazy\" decoding=\"async\" class=\"alignnone size-medium wp-image-525\" src=\"https:\/\/blogit.kreeta.info\/kesamokkikreetalla\/wp-content\/uploads\/sites\/7\/2020\/12\/2kes\u00e420-8-300x200.jpg\" alt=\"\" width=\"300\" height=\"200\" srcset=\"https:\/\/blogit.kreeta.info\/kesamokkikreetalla\/wp-content\/uploads\/sites\/7\/2020\/12\/2kes\u00e420-8-300x200.jpg 300w, https:\/\/blogit.kreeta.info\/kesamokkikreetalla\/wp-content\/uploads\/sites\/7\/2020\/12\/2kes\u00e420-8.jpg 448w\" sizes=\"auto, (max-width: 300px) 100vw, 300px\" \/><\/p>\n<p>Itse Kastro on rakennettu ihan hurjaan paikkaan, vuoren rinteess\u00e4 t\u00f6rr\u00f6tt\u00e4v\u00e4n ulkoneman p\u00e4\u00e4lle 660 metrin korkeuteen. Sielt\u00e4 on suora n\u00e4k\u00f6ala alapuolella olevaan Azoriaan, ja ep\u00e4ilem\u00e4tt\u00e4 se on ollut suuremman asutuskeskuksen vartio- ja pakopaikka. Kastrolla on ollut kaivauksia 1980-luvulla ja 2000-luvun alussa. Siell\u00e4 on hyv\u00e4t opastekyltit omatoimivierailijoille.<\/p>\n<p><img loading=\"lazy\" decoding=\"async\" class=\"alignnone size-medium wp-image-533\" src=\"https:\/\/blogit.kreeta.info\/kesamokkikreetalla\/wp-content\/uploads\/sites\/7\/2020\/12\/2kes\u00e420-16-300x200.jpg\" alt=\"\" width=\"300\" height=\"200\" srcset=\"https:\/\/blogit.kreeta.info\/kesamokkikreetalla\/wp-content\/uploads\/sites\/7\/2020\/12\/2kes\u00e420-16-300x200.jpg 300w, https:\/\/blogit.kreeta.info\/kesamokkikreetalla\/wp-content\/uploads\/sites\/7\/2020\/12\/2kes\u00e420-16.jpg 448w\" sizes=\"auto, (max-width: 300px) 100vw, 300px\" \/>\u00a0 \u00a0<img loading=\"lazy\" decoding=\"async\" class=\"alignnone size-medium wp-image-527\" src=\"https:\/\/blogit.kreeta.info\/kesamokkikreetalla\/wp-content\/uploads\/sites\/7\/2020\/12\/2kes\u00e420-10-300x200.jpg\" alt=\"\" width=\"300\" height=\"200\" srcset=\"https:\/\/blogit.kreeta.info\/kesamokkikreetalla\/wp-content\/uploads\/sites\/7\/2020\/12\/2kes\u00e420-10-300x200.jpg 300w, https:\/\/blogit.kreeta.info\/kesamokkikreetalla\/wp-content\/uploads\/sites\/7\/2020\/12\/2kes\u00e420-10.jpg 448w\" sizes=\"auto, (max-width: 300px) 100vw, 300px\" \/><\/p>\n<p>Patikointi yl\u00f6s kesti puolitoista tuntia, toki pys\u00e4hdyimme t\u00e4m\u00e4n t\u00e4st\u00e4 valokuvaamaan tai vain ihailemaan maisemia. N\u00e4kyviss\u00e4 ei ollut muita kulkijoita, vain et\u00e4inen kaiku laakson hy\u00f6rin\u00e4st\u00e4 silloin t\u00e4ll\u00f6in saavutti korvat. Luonnon rauha ei koostu hiljaisuudesta, vaan tuulen suhinasta, haukkojen huudoista, vuohenkellojen kalahduksista ja m\u00e4\u00e4k\u00e4isyist\u00e4. V\u00e4syneet silm\u00e4t nauttivat, kun katse ei t\u00f6kk\u00e4\u00e4 mihink\u00e4\u00e4n l\u00e4hell\u00e4 olevaan vaan saa kurottaa kymmenien kilometrien p\u00e4\u00e4h\u00e4n. Tekee hyv\u00e4\u00e4 p\u00e4ivitt\u00e4isen ruudun tuijottelun lomassa.<\/p>\n<div id=\"attachment_528\" style=\"width: 310px\" class=\"wp-caption alignright\"><img loading=\"lazy\" decoding=\"async\" aria-describedby=\"caption-attachment-528\" class=\"wp-image-528 size-medium\" src=\"https:\/\/blogit.kreeta.info\/kesamokkikreetalla\/wp-content\/uploads\/sites\/7\/2020\/12\/2kes\u00e420-11-300x200.jpg\" alt=\"\" width=\"300\" height=\"200\" srcset=\"https:\/\/blogit.kreeta.info\/kesamokkikreetalla\/wp-content\/uploads\/sites\/7\/2020\/12\/2kes\u00e420-11-300x200.jpg 300w, https:\/\/blogit.kreeta.info\/kesamokkikreetalla\/wp-content\/uploads\/sites\/7\/2020\/12\/2kes\u00e420-11.jpg 448w\" sizes=\"auto, (max-width: 300px) 100vw, 300px\" \/><p id=\"caption-attachment-528\" class=\"wp-caption-text\">Viimeinen nousu oli aika jyrkk\u00e4 p\u00e4tk\u00e4, oikealla syv\u00e4 rotko<\/p><\/div>\n<p>Ylh\u00e4\u00e4ll\u00e4 Kastro vartioi maisemaa, joka on kyll\u00e4 vertaansa vailla. Voisipa viett\u00e4\u00e4 siell\u00e4 y\u00f6n ja n\u00e4hd\u00e4 auringon laskevan kaukaisten vuorten taakse ja t\u00e4htitaivaan syttyv\u00e4n ikuiselle taustalleen, jota ei valosaaste h\u00e4iritsisi. Aikanaan aurinko nousisi merest\u00e4 kuin Afrodite. Nykyihminen n\u00e4kisi rannikon kylien kimmelt\u00e4v\u00e4n y\u00f6ss\u00e4, muinainen kastrolainen lienee ihaillut himmein\u00e4 hehkuvia tulia alapuolisissa asumuksissa. Azoria on varmasti n\u00e4ytt\u00e4nyt olevan l\u00e4hell\u00e4, ihan kivenheiton p\u00e4\u00e4ss\u00e4 \u2013 monikohan lapsukainen sit\u00e4 on kokeillut!<\/p>\n<div id=\"attachment_530\" style=\"width: 432px\" class=\"wp-caption alignleft\"><img loading=\"lazy\" decoding=\"async\" aria-describedby=\"caption-attachment-530\" class=\"wp-image-530\" src=\"https:\/\/blogit.kreeta.info\/kesamokkikreetalla\/wp-content\/uploads\/sites\/7\/2020\/12\/2kes\u00e420-13-300x200.jpg\" alt=\"\" width=\"422\" height=\"281\" srcset=\"https:\/\/blogit.kreeta.info\/kesamokkikreetalla\/wp-content\/uploads\/sites\/7\/2020\/12\/2kes\u00e420-13-300x200.jpg 300w, https:\/\/blogit.kreeta.info\/kesamokkikreetalla\/wp-content\/uploads\/sites\/7\/2020\/12\/2kes\u00e420-13.jpg 448w\" sizes=\"auto, (max-width: 422px) 100vw, 422px\" \/><p id=\"caption-attachment-530\" class=\"wp-caption-text\">N\u00e4kym\u00e4 huipulta, Kastron raunioilta: Alhaalla Kavousin kyl\u00e4, vastap\u00e4isella rannalla Agios Nikolaos<\/p><\/div>\n<div id=\"attachment_531\" style=\"width: 310px\" class=\"wp-caption alignright\"><img loading=\"lazy\" decoding=\"async\" aria-describedby=\"caption-attachment-531\" class=\"wp-image-531 size-medium\" src=\"https:\/\/blogit.kreeta.info\/kesamokkikreetalla\/wp-content\/uploads\/sites\/7\/2020\/12\/2kes\u00e420-14-300x200.jpg\" alt=\"\" width=\"300\" height=\"200\" srcset=\"https:\/\/blogit.kreeta.info\/kesamokkikreetalla\/wp-content\/uploads\/sites\/7\/2020\/12\/2kes\u00e420-14-300x200.jpg 300w, https:\/\/blogit.kreeta.info\/kesamokkikreetalla\/wp-content\/uploads\/sites\/7\/2020\/12\/2kes\u00e420-14.jpg 448w\" sizes=\"auto, (max-width: 300px) 100vw, 300px\" \/><p id=\"caption-attachment-531\" class=\"wp-caption-text\">Zoomaus alapuolella olevan Azorian raunioihin<\/p><\/div>\n<p>&nbsp;<\/p>\n<p>&nbsp;<\/p>\n<p>&nbsp;<\/p>\n<p>&nbsp;<\/p>\n<p>&nbsp;<\/p>\n<p>&nbsp;<\/p>\n<p>&nbsp;<\/p>\n<p>&nbsp;<\/p>\n<p>&nbsp;<\/p>\n<p><strong>Vai ja Itanos<\/strong><\/p>\n<p>Kreetasta on niin moneksi! Saaren it\u00e4inen osa on kuivaa ja karua er\u00e4maata, jossa vain vuohet ja mehil\u00e4iset l\u00f6yt\u00e4v\u00e4t ravintoa. Samalla se kuitenkin on herkkujen kasvualustaa: siell\u00e4 on luostari, joka on luonut ihmeen eli saanut viinitarhat kukoistamaan karulla yl\u00e4ng\u00f6ll\u00e4. T\u2019oploun viinej\u00e4 kannattaa maistella. Luostarin tuottama punaviini on vakio-ostoksemme ruokap\u00f6yt\u00e4\u00e4n. It\u00e4-Kreetalla kasvavat my\u00f6s torimarkkinoiden halutuimmat banaanit ja hunajamelonit.<\/p>\n<p>It\u00e4kolkassa on my\u00f6s ihan konkreettinen keidas. Joskus historian h\u00e4m\u00e4r\u00e4ss\u00e4 sinne on rantautunut palmujen alkuja ja niist\u00e4 on kasvanut luonnonvarainen palmumets\u00e4. Palmujen ja rannan v\u00e4liss\u00e4 on Vain hiekkaranta, turistien suosima paikka.<\/p>\n<p><img loading=\"lazy\" decoding=\"async\" class=\"aligncenter wp-image-538 \" src=\"https:\/\/blogit.kreeta.info\/kesamokkikreetalla\/wp-content\/uploads\/sites\/7\/2020\/12\/2kes\u00e420-21-300x200.jpg\" alt=\"\" width=\"382\" height=\"254\" srcset=\"https:\/\/blogit.kreeta.info\/kesamokkikreetalla\/wp-content\/uploads\/sites\/7\/2020\/12\/2kes\u00e420-21-300x200.jpg 300w, https:\/\/blogit.kreeta.info\/kesamokkikreetalla\/wp-content\/uploads\/sites\/7\/2020\/12\/2kes\u00e420-21.jpg 448w\" sizes=\"auto, (max-width: 382px) 100vw, 382px\" \/><\/p>\n<p>Ajoimme hein\u00e4kuun viimeisin\u00e4 p\u00e4ivin\u00e4 retken Guzzi-py\u00f6r\u00e4ll\u00e4, kun lopulta saimme sen ajoon. Suuntasimme Sitiaan ja sielt\u00e4 kohti Vaita. Tuuli pyyh\u00e4lsi yl\u00e4ng\u00f6ll\u00e4 esteett\u00f6m\u00e4ss\u00e4 ymp\u00e4rist\u00f6ss\u00e4 t\u00e4yteen puhuriin, ja Nevadan viitisenkymment\u00e4 hevosvoimaa tarvittiin sen p\u00e4ihitt\u00e4miseen, ett\u00e4 selvittiin\u00a0 horjahtelematta kiemuraisella tiell\u00e4. Maisemaa olisi muuten ollut kiva ihastella enemm\u00e4nkin, mutta emme pys\u00e4htyneet edes kuvaamaan tuulen vuoksi.<\/p>\n<p>Palmujen ilmestyess\u00e4 tien varteen ajoimme toiveikkaana katsomaan, olisiko Vain hiekkaranta autiona tai edes sen verran v\u00e4lj\u00e4sti miehitettyn\u00e4, ett\u00e4 mahtuisimme mukaan. Emme juuri koskaan hakeudu rantaan, jossa pit\u00e4\u00e4 ottaa maksullinen aurinkotuoli ja asettua vieri viereen muiden kanssa. Varsinkaan, jos saa pel\u00e4t\u00e4 viruksia.<\/p>\n<p>Ei toivoakaan \u2013 vaikka ajoimme kohti rantaa ihan tyhj\u00e4\u00e4 tiet\u00e4, jostain tyhj\u00e4st\u00e4 per\u00e4\u00e4mme ilmaantui per\u00e4ti \u00a0nelj\u00e4 autoa. Parkkipaikoilla oli tilaa, koska turistibussit puuttuivat, mutta lippukopissa myyj\u00e4 jo vilkutteli meit\u00e4 parkkilippua lunastamaan. Palmujen katveessa oli v\u00e4hint\u00e4\u00e4n yht\u00e4 paljon ihmisi\u00e4 kuin rantahiekallakin.<\/p>\n<p>Py\u00f6rsimme saman tien ymp\u00e4ri ja suuntasimme Itanokseen, joka on Vaista katsottuna seuraava lahti it\u00e4\u00e4n p\u00e4in. Siell\u00e4 on muinaisen kaupungin rauniot sek\u00e4 mereen muinaisessa j\u00e4ristyksess\u00e4 roomalaisaikaan uponnut satama. Samaisessa j\u00e4ristyksess\u00e4 saaren vastakkaisessa p\u00e4\u00e4ss\u00e4 Falassarnan satama nousi metritolkulla meren yl\u00e4puolelle ja k\u00e4vi silloiselle v\u00e4est\u00f6lle k\u00e4ytt\u00f6kelvottomaksi.<\/p>\n<div id=\"attachment_535\" style=\"width: 310px\" class=\"wp-caption alignleft\"><img loading=\"lazy\" decoding=\"async\" aria-describedby=\"caption-attachment-535\" class=\"wp-image-535 size-medium\" src=\"https:\/\/blogit.kreeta.info\/kesamokkikreetalla\/wp-content\/uploads\/sites\/7\/2020\/12\/2kes\u00e420-18-300x200.jpg\" alt=\"\" width=\"300\" height=\"200\" srcset=\"https:\/\/blogit.kreeta.info\/kesamokkikreetalla\/wp-content\/uploads\/sites\/7\/2020\/12\/2kes\u00e420-18-300x200.jpg 300w, https:\/\/blogit.kreeta.info\/kesamokkikreetalla\/wp-content\/uploads\/sites\/7\/2020\/12\/2kes\u00e420-18.jpg 448w\" sizes=\"auto, (max-width: 300px) 100vw, 300px\" \/><p id=\"caption-attachment-535\" class=\"wp-caption-text\">Moto Guzzi Nevada ja Lissulla helleajopusero est\u00e4m\u00e4ss\u00e4 k\u00e4sivarsien k\u00e4r\u00e4ht\u00e4mist\u00e4<\/p><\/div>\n<div id=\"attachment_534\" style=\"width: 310px\" class=\"wp-caption alignright\"><img loading=\"lazy\" decoding=\"async\" aria-describedby=\"caption-attachment-534\" class=\"wp-image-534 size-medium\" src=\"https:\/\/blogit.kreeta.info\/kesamokkikreetalla\/wp-content\/uploads\/sites\/7\/2020\/12\/2kes\u00e420-17-300x200.jpg\" alt=\"\" width=\"300\" height=\"200\" srcset=\"https:\/\/blogit.kreeta.info\/kesamokkikreetalla\/wp-content\/uploads\/sites\/7\/2020\/12\/2kes\u00e420-17-300x200.jpg 300w, https:\/\/blogit.kreeta.info\/kesamokkikreetalla\/wp-content\/uploads\/sites\/7\/2020\/12\/2kes\u00e420-17.jpg 448w\" sizes=\"auto, (max-width: 300px) 100vw, 300px\" \/><p id=\"caption-attachment-534\" class=\"wp-caption-text\">Itanoksen ranta Vain it\u00e4puolella<\/p><\/div>\n<p>&nbsp;<\/p>\n<p>Yll\u00e4tt\u00e4v\u00e4n paljon Itanoksessakin oli v\u00e4ke\u00e4 menossa rantap\u00e4iv\u00e4\u00e4 viett\u00e4m\u00e4\u00e4n. Silt\u00e4 n\u00e4ytti, ett\u00e4 kaikki olivat kreikkalaisia. Olihan kuu juuri vaihtumassa, ja elokuussa Kreikka viett\u00e4\u00e4 lomia.<\/p>\n<p>Me kapusimme raunioalueen ylitse ja l\u00f6ysimme \u201doman rantamme\u201d melkein tyhjill\u00e4\u00e4n. Aivan mereen sortuneiden sein\u00e4muurien alapuolella on mukava sopukka ev\u00e4iden sy\u00f6miseen ja melkein samalta kohdalta p\u00e4\u00e4see sujuttautumaan matalan lahden aalloille. Sen tekee v\u00e4h\u00e4n hankalaksi pohjaa peitt\u00e4vien kivikoiden liukas lev\u00e4matto. Ehk\u00e4 se peitt\u00e4\u00e4 ikivanhojen rakennusten osia? Merisiilej\u00e4 ei onneksi ollut, joten varovasti p\u00e4\u00e4si kahlaamaan polvivesiin, ja siit\u00e4 voikin jo ottaa loivan liu\u2019un aaltojen syliin.<\/p>\n<div id=\"attachment_536\" style=\"width: 310px\" class=\"wp-caption alignright\"><img loading=\"lazy\" decoding=\"async\" aria-describedby=\"caption-attachment-536\" class=\"wp-image-536 size-medium\" src=\"https:\/\/blogit.kreeta.info\/kesamokkikreetalla\/wp-content\/uploads\/sites\/7\/2020\/12\/2kes\u00e420-19-300x200.jpg\" alt=\"\" width=\"300\" height=\"200\" srcset=\"https:\/\/blogit.kreeta.info\/kesamokkikreetalla\/wp-content\/uploads\/sites\/7\/2020\/12\/2kes\u00e420-19-300x200.jpg 300w, https:\/\/blogit.kreeta.info\/kesamokkikreetalla\/wp-content\/uploads\/sites\/7\/2020\/12\/2kes\u00e420-19.jpg 448w\" sizes=\"auto, (max-width: 300px) 100vw, 300px\" \/><p id=\"caption-attachment-536\" class=\"wp-caption-text\">Ev\u00e4\u00e4t katettuna Itanoksen mereen vajonneen sataman raunioille<\/p><\/div>\n<p>Olemme vierailleet samalla rannalla ennenkin. Olemme keksineet syynkin siihen,\u00a0miksi juuri tuo, hyv\u00e4 ranta on niin v\u00e4h\u00e4ll\u00e4 k\u00e4yt\u00f6ll\u00e4. Toisessa p\u00e4\u00e4ss\u00e4, palmujen alla, taisi nytkin olla jokunen nakuilija nauttimassa rajattomasti auringosta. Mit\u00e4p\u00e4 tuosta, kukin tyylill\u00e4\u00e4n. Suomalainen nyt ei alastomuudesta h\u00e4tk\u00e4hd\u00e4, mutta paikalliset eiv\u00e4t samoille rannoille aatamien kanssa pyri, antavat vain olla omassa rauhassaan.<\/p>\n<div id=\"attachment_537\" style=\"width: 310px\" class=\"wp-caption aligncenter\"><img loading=\"lazy\" decoding=\"async\" aria-describedby=\"caption-attachment-537\" class=\"wp-image-537 size-medium\" src=\"https:\/\/blogit.kreeta.info\/kesamokkikreetalla\/wp-content\/uploads\/sites\/7\/2020\/12\/2kes\u00e420-20-300x200.jpg\" alt=\"\" width=\"300\" height=\"200\" srcset=\"https:\/\/blogit.kreeta.info\/kesamokkikreetalla\/wp-content\/uploads\/sites\/7\/2020\/12\/2kes\u00e420-20-300x200.jpg 300w, https:\/\/blogit.kreeta.info\/kesamokkikreetalla\/wp-content\/uploads\/sites\/7\/2020\/12\/2kes\u00e420-20.jpg 448w\" sizes=\"auto, (max-width: 300px) 100vw, 300px\" \/><p id=\"caption-attachment-537\" class=\"wp-caption-text\">Rauhallinen uimapaikka<\/p><\/div>\n<p>&nbsp;<\/p>\n<p><strong>Kotigurmeeta<\/strong><\/p>\n<p>Tavernat olivat auki ihan normaalisti, mutta pidimme parhaana k\u00e4yd\u00e4 vain kohteliaisuusk\u00e4ynneill\u00e4 kyl\u00e4mme tutuissa ruokapaikoissa. Osassa is\u00e4nt\u00e4v\u00e4ki piti maskeja ja et\u00e4isyytt\u00e4, osassa tuli paiskaamaan k\u00e4tt\u00e4. Tiesiv\u00e4t toki, ett\u00e4 me olimme pit\u00e4neet kahden viikon omatoimikaranteenin ennen kuin vierailimme, mutta asiakaskuntaa oli hein\u00e4kuussa muistakin Euroopan maista. Meist\u00e4 varovaisuus oli paikallaan. Kokkailimme siis enimm\u00e4kseen kotona.<\/p>\n<p>Vaihtelu virkist\u00e4\u00e4 omassakin keitti\u00f6ss\u00e4. Onhan Kreeta kumminkin niin kaukana kotoisesta Pohjolasta, ett\u00e4 jotkut ruokalajit vaativat jonkin verran totuttelua ajatukseen, ett\u00e4 niit\u00e4 pist\u00e4isi suuhunsa. Sitten, kun uskaltautuu maistamaan, voikin uusi tuttavuus olla tuleva lempiruoka. N\u00e4in k\u00e4vi, kun ensi kerran maistoimme grillattua mustekalaa Mohloksessa kes\u00e4ll\u00e4 2013. Ihastuimme! Lonkero-otuksen maku on mieto, hieman kanamainen, liha kyll\u00e4kin kumimaista, mutta ei sen oudompaa suussa kuin vaikka viinikumikarkit, ovathan nekin sitkeit\u00e4 herkkuja.<\/p>\n<p>Vasta t\u00e4n\u00e4 kes\u00e4n\u00e4 uskaltauduimme itse kokkaamaan mustekalaa, kun valmistusprosessi ei ollut ihan samalla tavalla hanskassa kuin muikun. Valitsimme Halkiadakiksen supermarketin pakastealtaasta kaksi lonkeroa ja v\u00e4h\u00e4n p\u00e4\u00e4osaa k\u00e4sitt\u00e4v\u00e4n kolmisensataa grammaa painavan kl\u00f6nts\u00e4n. Mit\u00e4 laatua mustekalaa se nyt sitten tarkkaan ottaen olikaan, suomalaisittain mustekalaksi kun kutsutaan kaikkia monisatap\u00e4isen lajin lahkoja, mutta Kreikassa on toki eri tavat valmistaa seepiaa, kalamaria ja ohtapodia, tursasta.<\/p>\n<div id=\"attachment_552\" style=\"width: 310px\" class=\"wp-caption alignleft\"><img loading=\"lazy\" decoding=\"async\" aria-describedby=\"caption-attachment-552\" class=\"wp-image-552 size-medium\" src=\"https:\/\/blogit.kreeta.info\/kesamokkikreetalla\/wp-content\/uploads\/sites\/7\/2020\/12\/109082033_1706015539552382_5736804219398877924_o-300x225.jpg\" alt=\"\" width=\"300\" height=\"225\" srcset=\"https:\/\/blogit.kreeta.info\/kesamokkikreetalla\/wp-content\/uploads\/sites\/7\/2020\/12\/109082033_1706015539552382_5736804219398877924_o-300x225.jpg 300w, https:\/\/blogit.kreeta.info\/kesamokkikreetalla\/wp-content\/uploads\/sites\/7\/2020\/12\/109082033_1706015539552382_5736804219398877924_o-768x576.jpg 768w, https:\/\/blogit.kreeta.info\/kesamokkikreetalla\/wp-content\/uploads\/sites\/7\/2020\/12\/109082033_1706015539552382_5736804219398877924_o-1024x768.jpg 1024w, https:\/\/blogit.kreeta.info\/kesamokkikreetalla\/wp-content\/uploads\/sites\/7\/2020\/12\/109082033_1706015539552382_5736804219398877924_o.jpg 1280w\" sizes=\"auto, (max-width: 300px) 100vw, 300px\" \/><p id=\"caption-attachment-552\" class=\"wp-caption-text\">Herkkua se on, uskokaa pois!<\/p><\/div>\n<p>Harmahtavanpunertavassa, valkolihaisessa palassa napottivat siistiss\u00e4 riviss\u00e4 my\u00f6s imukupit \u201djalkojen\u201d alapinnalla. Kaikkinensa sy\u00f6t\u00e4v\u00e4\u00e4, sen olimme jo oppineet. Halkkarin kassant\u00e4ti ilahtui kehumaan ostosta erinomaisen hyv\u00e4ksi ja antoi ohjeen sulattaa se hissukseen veteen upotettuna j\u00e4\u00e4kaapissa. N\u00e4in teimme.<\/p>\n<p>&nbsp;<\/p>\n<p>Kreikkalainen keittokirjamme (Greek cuisine for everyone) sis\u00e4lsi pari resepti\u00e4, joista valitsimme yksinkertaisemman. Ohjeen mukaan freesattiin sipulia, lis\u00e4ttiin mustekalapalat joukkoon, kymmenen minuutin paistelun j\u00e4lkeen punaviini\u00e4 p\u00e4\u00e4lle ja suurus maissijauhosta. Hauduteltiin viel\u00e4 40 minuuttia. Lis\u00e4ksi pastaa. Ja tuli hyv\u00e4\u00e4! T\u00e4t\u00e4 tehd\u00e4\u00e4n joskus toistekin. Grillatakin mustekalan voisi, mutta se nyt j\u00e4\u00e4 johonkin tulevaan hulluun gastronomiakohtaukseen.<\/p>\n<div id=\"attachment_553\" style=\"width: 310px\" class=\"wp-caption aligncenter\"><img loading=\"lazy\" decoding=\"async\" aria-describedby=\"caption-attachment-553\" class=\"wp-image-553 size-medium\" src=\"https:\/\/blogit.kreeta.info\/kesamokkikreetalla\/wp-content\/uploads\/sites\/7\/2020\/12\/ruokaa-300x225.jpg\" alt=\"\" width=\"300\" height=\"225\" srcset=\"https:\/\/blogit.kreeta.info\/kesamokkikreetalla\/wp-content\/uploads\/sites\/7\/2020\/12\/ruokaa-300x225.jpg 300w, https:\/\/blogit.kreeta.info\/kesamokkikreetalla\/wp-content\/uploads\/sites\/7\/2020\/12\/ruokaa-768x576.jpg 768w, https:\/\/blogit.kreeta.info\/kesamokkikreetalla\/wp-content\/uploads\/sites\/7\/2020\/12\/ruokaa-1024x768.jpg 1024w, https:\/\/blogit.kreeta.info\/kesamokkikreetalla\/wp-content\/uploads\/sites\/7\/2020\/12\/ruokaa.jpg 1280w\" sizes=\"auto, (max-width: 300px) 100vw, 300px\" \/><p id=\"caption-attachment-553\" class=\"wp-caption-text\">Ja herkkua t\u00e4m\u00e4kin, vaikka pannussa poriseva muhennos ei ehk\u00e4 silt\u00e4 n\u00e4yt\u00e4 kuvassa&#8230;<\/p><\/div>\n<p><strong>Korona vaanii selustassa<\/strong><\/p>\n<p>Puoliv\u00e4liss\u00e4 hein\u00e4kuuta hieman yll\u00e4tt\u00e4en koronarajoituksia taas tiukennettiin. Maskin k\u00e4ytt\u00f6 tuli pakolliseksi supermarketeissa. Noin viikon p\u00e4iv\u00e4t vallitsi ep\u00e4tietoisuus, eik\u00f6 todella kampaamoissa, erikoisliikkeiss\u00e4 ja muissa vastaavissa paikoissa maskia tarvitse k\u00e4ytt\u00e4\u00e4, ja mik\u00e4 logiikka siin\u00e4kin taas on. Sitten maskit m\u00e4\u00e4r\u00e4ttiin k\u00e4ytt\u00f6\u00f6n kaikissa liike- ja julkisissa tiloissa.<\/p>\n<p>Taustalla varmaankin oli pohjoisen Kreikan ja suurten kaupunkien heikentyv\u00e4 tilanne. Pohjoinen raja vuoti. Sit\u00e4 kautta maahan saapui muun muassa julkkiksia ja muita rahakkaita niist\u00e4 maista, joista saapuminen Kreikkaan oli rajoitettua maiden oman heikon tilanteen vuoksi. Nettiuutisissa oli kiukkuisia otsikoita n\u00e4ist\u00e4 v\u00e4linpit\u00e4m\u00e4tt\u00f6mist\u00e4 ihmisist\u00e4. Balkanilla korona oli nopeasti lis\u00e4\u00e4ntym\u00e4ss\u00e4. Kreetalla tilanne oli edelleenkin hyv\u00e4.<\/p>\n<p>Kreetalaiset ryhtyiv\u00e4t itse sis\u00e4matkailijoiksi ja varasivat huoneita saaren turistikohteista, joihin ei tavallisesti hein\u00e4kuussa, kesken turistikauden, l\u00e4hdet\u00e4. Iraklionin rekisterilaatoissa olevia autoja n\u00e4kyi liikenteess\u00e4 poikkeuksellisen paljon.<\/p>\n<p>Pidimme huolen, ett\u00e4 emme tarpeettomasti viipyilleet v\u00e4kijoukoissa,\u00a0eli esimerkiksi toriostokset j\u00e4timme v\u00e4liin. K\u00e4vimme sy\u00f6m\u00e4ss\u00e4 ulkona vain muutaman kerran, omalla kyl\u00e4ll\u00e4. Yst\u00e4vi\u00e4 tapasimme ulkosalla. Pari upeaa piknikkiretke\u00e4 auringon laskiessa kertyikin muistojen matka-arkkuun.<\/p>\n<div id=\"attachment_539\" style=\"width: 310px\" class=\"wp-caption alignleft\"><img loading=\"lazy\" decoding=\"async\" aria-describedby=\"caption-attachment-539\" class=\"wp-image-539 size-medium\" src=\"https:\/\/blogit.kreeta.info\/kesamokkikreetalla\/wp-content\/uploads\/sites\/7\/2020\/12\/2kes\u00e420-22-300x200.jpg\" alt=\"\" width=\"300\" height=\"200\" srcset=\"https:\/\/blogit.kreeta.info\/kesamokkikreetalla\/wp-content\/uploads\/sites\/7\/2020\/12\/2kes\u00e420-22-300x200.jpg 300w, https:\/\/blogit.kreeta.info\/kesamokkikreetalla\/wp-content\/uploads\/sites\/7\/2020\/12\/2kes\u00e420-22.jpg 448w\" sizes=\"auto, (max-width: 300px) 100vw, 300px\" \/><p id=\"caption-attachment-539\" class=\"wp-caption-text\">Laskeva aurinko punertaa vuorenrinteet ja heitt\u00e4\u00e4 jyrk\u00e4t varjot illan puolelle<\/p><\/div>\n<div id=\"attachment_540\" style=\"width: 310px\" class=\"wp-caption alignright\"><img loading=\"lazy\" decoding=\"async\" aria-describedby=\"caption-attachment-540\" class=\"wp-image-540 size-medium\" src=\"https:\/\/blogit.kreeta.info\/kesamokkikreetalla\/wp-content\/uploads\/sites\/7\/2020\/12\/2kes\u00e420-23-300x200.jpg\" alt=\"\" width=\"300\" height=\"200\" srcset=\"https:\/\/blogit.kreeta.info\/kesamokkikreetalla\/wp-content\/uploads\/sites\/7\/2020\/12\/2kes\u00e420-23-300x200.jpg 300w, https:\/\/blogit.kreeta.info\/kesamokkikreetalla\/wp-content\/uploads\/sites\/7\/2020\/12\/2kes\u00e420-23.jpg 448w\" sizes=\"auto, (max-width: 300px) 100vw, 300px\" \/><p id=\"caption-attachment-540\" class=\"wp-caption-text\">H\u00e4m\u00e4r\u00e4 alkaa nousta id\u00e4st\u00e4<\/p><\/div>\n<p>&nbsp;<\/p>\n<p>Ajoimme yhden kerran vuorelle sopivaan pikkutien mutkaan, josta oli n\u00e4k\u00f6ala merelle. Yst\u00e4vien pickupin lavalta jakkaraa alle, kouraan lasi viini\u00e4 ja katse horisonttiin. Mutkattoman upeaa. Vuorilla pime\u00e4 on todella pime\u00e4\u00e4 hetke\u00e4 ennen kuin kuu nousee, kun aurinko on ry\u00f6minyt huippujen ylitse maailman reunan yli. Linnunrata putoaa ihan l\u00e4helle ja elokuisten Perseidien t\u00e4hdenlentojen etujoukot l\u00e4hett\u00e4v\u00e4t tiedustelijoita valittujen havaittaviksi. Y\u00f6 tallettaa salaiset toivomukset.<\/p>\n<p><img loading=\"lazy\" decoding=\"async\" class=\" wp-image-541 aligncenter\" src=\"https:\/\/blogit.kreeta.info\/kesamokkikreetalla\/wp-content\/uploads\/sites\/7\/2020\/12\/2kes\u00e420-24-300x200.jpg\" alt=\"\" width=\"392\" height=\"261\" srcset=\"https:\/\/blogit.kreeta.info\/kesamokkikreetalla\/wp-content\/uploads\/sites\/7\/2020\/12\/2kes\u00e420-24-300x200.jpg 300w, https:\/\/blogit.kreeta.info\/kesamokkikreetalla\/wp-content\/uploads\/sites\/7\/2020\/12\/2kes\u00e420-24.jpg 448w\" sizes=\"auto, (max-width: 392px) 100vw, 392px\" \/><\/p>\n<p>Mirtoksessa pystytettiin p\u00f6yt\u00e4 rannalle vesirajaan. Siin\u00e4 seurattiin illan laskeutumista. Miten taivas muuttuu vaaleanpunaiseksi, id\u00e4st\u00e4 nousee violetti h\u00e4m\u00e4r\u00e4, maapallon varjo piirtyy kuuman p\u00e4iv\u00e4n nostattamaan usvaan. Vesi l\u00e4ikehtii vaaleansinisen\u00e4 silkkin\u00e4, v\u00e4rien kontrasti on uskomaton. Juuri uudestisyntynyt kuu katselee kohti maan reunaa, mihin se aikoo seurata sisartaan aurinkoa, joka s\u00e4teilee viel\u00e4 oranssia hehkua Dikti-vuorten takaa.<\/p>\n<p>Sit\u00e4 mukaa kun taivainen loimu l\u00e4nness\u00e4 v\u00e4heni, voimistui Mirtoksen rantaraitin valojen syke. Uuden suuren parkkipaikan autom\u00e4\u00e4r\u00e4st\u00e4 p\u00e4\u00e4tellen asiakkaitakin riitti.<\/p>\n<p>&nbsp;<\/p>\n<p>Jyk\u00e4n rakentamalla saunallakin piipahdimme, vuoren rinteess\u00e4, varsinaisella n\u00e4k\u00f6alapaikalla. On ollut kiinnostavaa seurata, miten yst\u00e4viemme oliivitarha on viiden vuoden aikana muuttunut pusikkoisesta ja hoitamattomasta oliivipuumets\u00e4st\u00e4 puutarhaksi, jossa on hy\u00f6tykasvimaita, polveilevia polkuja, vy\u00f6t\u00e4r\u00f6nkorkuisia basilikapensaita, syreenej\u00e4\u2026 Haave omasta puutarhasta saa aina kumman kutinan, kun vierailemme iso-Lissun ja Jorgoksen horafilla, kasvitarhalla.<\/p>\n<p><img loading=\"lazy\" decoding=\"async\" class=\"size-medium wp-image-558 alignnone\" src=\"https:\/\/blogit.kreeta.info\/kesamokkikreetalla\/wp-content\/uploads\/sites\/7\/2020\/12\/5-strongilo-5-300x216.jpg\" alt=\"\" width=\"300\" height=\"216\" srcset=\"https:\/\/blogit.kreeta.info\/kesamokkikreetalla\/wp-content\/uploads\/sites\/7\/2020\/12\/5-strongilo-5-300x216.jpg 300w, https:\/\/blogit.kreeta.info\/kesamokkikreetalla\/wp-content\/uploads\/sites\/7\/2020\/12\/5-strongilo-5.jpg 640w\" sizes=\"auto, (max-width: 300px) 100vw, 300px\" \/>\u00a0\u00a0<img loading=\"lazy\" decoding=\"async\" class=\"alignnone size-medium wp-image-559\" src=\"https:\/\/blogit.kreeta.info\/kesamokkikreetalla\/wp-content\/uploads\/sites\/7\/2020\/12\/Lissun-sauna-300x222.jpg\" alt=\"\" width=\"300\" height=\"222\" srcset=\"https:\/\/blogit.kreeta.info\/kesamokkikreetalla\/wp-content\/uploads\/sites\/7\/2020\/12\/Lissun-sauna-300x222.jpg 300w, https:\/\/blogit.kreeta.info\/kesamokkikreetalla\/wp-content\/uploads\/sites\/7\/2020\/12\/Lissun-sauna.jpg 640w\" sizes=\"auto, (max-width: 300px) 100vw, 300px\" \/><\/p>\n<p>&nbsp;<\/p>\n<p>Ierapetran illassa piipahdimme vain kahdesti yst\u00e4v\u00e4mme Nikoksen kanssa. P\u00f6yd\u00e4t oli j\u00e4rjestetty v\u00e4lj\u00e4sti, mutta ne olivat melkoisen t\u00e4ynn\u00e4. Pikaisella silm\u00e4yksell\u00e4 turisteja ei juuri n\u00e4kynyt \u2013 tunnelma oli kuin joululomilla, kun pelkk\u00e4 Kreikan kieli sorisi p\u00f6ydiss\u00e4, mutta tausta oli kes\u00e4inen.<\/p>\n<p>Nikoksen kanssa treenaamme kreikkaamme. Juttelimme koronasta, aiheesta, josta ei sanastoa v\u00e4ltt\u00e4m\u00e4tt\u00e4 ole niin kauheasti hallussa, mutta yritimme sitke\u00e4sti kierrellen ja kaarrellen. Kesken kaiken Nikos purskahti nauruun: \u201dTuo teid\u00e4n kreikkanne on kyll\u00e4 ihan hirve\u00e4\u00e4! Mutta ei se mit\u00e4\u00e4n, puhutte te sit\u00e4 paremmin kuin min\u00e4 ranskaa!\u201d Nauroimme kaikki makeasti. Ja sitten jatkettiin taas harjoittelua, sill\u00e4 periksih\u00e4n ei anneta. Koko ajan huomaa ymm\u00e4rt\u00e4v\u00e4ns\u00e4 v\u00e4h\u00e4n enemm\u00e4n, ja sitten ymm\u00e4rt\u00e4v\u00e4ns\u00e4 kuitenkin viel\u00e4 niin v\u00e4h\u00e4n.<\/p>\n<p>Yhten\u00e4kin p\u00e4iv\u00e4n\u00e4 Pelagia-rouva \u2013 joka muuten t\u00e4ytti kev\u00e4ttalvella 80 vuotta! \u2013 yritti kertoa meille jotakin, mist\u00e4 emme mill\u00e4\u00e4n saaneet tolkkua. H\u00e4nen murteensa on niin vahvaa kreetaa, ett\u00e4 vaikka sanat kuulostavat tutuilta, ne ymm\u00e4rt\u00e4\u00e4 yleens\u00e4 vasta v\u00e4h\u00e4n aikaa yhdess\u00e4 p\u00e4hk\u00e4ilty\u00e4. Niin nytkin.<\/p>\n<p>&#8221;Minusta Pelagia sanoi, ett\u00e4 pit\u00e4\u00e4 varoa rosvoja ja pit\u00e4\u00e4 ovi lukossa.&#8221;<\/p>\n<p>&#8221;Min\u00e4 kuulin, ett\u00e4 h\u00e4n puhui aseesta, ett\u00e4 joku tuli aseen kanssa ovelle.&#8221;<\/p>\n<p>Juttu j\u00e4i pariksi p\u00e4iv\u00e4ksi arvoitukseksi, mutta sitten kuulimme toisaalta, ett\u00e4 kyl\u00e4ll\u00e4 oli liikkunut murtovarkaita. Nelj\u00e4 nuorta italialaismiest\u00e4, ilmeisesti juuri ja juuri t\u00e4ysik\u00e4isi\u00e4, oli yritt\u00e4nyt murtautua er\u00e4\u00e4seen taloon. Heid\u00e4n ep\u00e4onnekseen talon is\u00e4nt\u00e4 on mets\u00e4st\u00e4j\u00e4, ja t\u00e4m\u00e4 oli murron \u00e4\u00e4net kuullessaan hakenut pyssyn valmiiksi ja j\u00e4\u00e4nyt odottamaan tunkeutujia. N\u00e4m\u00e4 olivat saaneet \u00e4kkil\u00e4hd\u00f6n luotisateessa.<\/p>\n<p>Poliisijuttuhan siit\u00e4 tietysti tuli, mutta murtomiehet kai j\u00e4iv\u00e4t kiinni ja is\u00e4nt\u00e4kin toivottavasti selvisi nuhteilla. Mies itse totesi meille: \u201dJos teill\u00e4 viel\u00e4 olisi Dafni, niin sellainen koira olisi sy\u00f6nyt ne pojat!\u201d Bokserimme on siis viel\u00e4 hyv\u00e4ss\u00e4 muistissa kyl\u00e4l\u00e4isten keskuudessa. Ik\u00e4v\u00e4 sin\u00e4ns\u00e4, ett\u00e4 rauhallisilla pikkukylill\u00e4kin tapahtuu tuollaista. Veikkailivat, ett\u00e4 rahoja tai jotain myyt\u00e4v\u00e4\u00e4 siell\u00e4 oltiin etsim\u00e4ss\u00e4 huumehankintojen rahoitukseen. Eip\u00e4 ole mit\u00e4\u00e4n lintukotoja olemassakaan.<\/p>\n<p>Kreikkalaisten rauhaa j\u00e4rkyttiv\u00e4t my\u00f6s Turkin uutiset: Hagia Sofian kirkon muuttaminen moskeijaksi sai Kreikan protestoimaan. Perjantaina 24.7., kun TV n\u00e4ytti kuvaa Erdoganista marssimassa jumalanpalvelukseen uuteen moskeijaansa, ymp\u00e4ri Kreikkaa soivat kirkonkellot Hagia Sofian muistoksi. Pys\u00e4ytt\u00e4v\u00e4 hetki.<\/p>\n<p>&nbsp;<\/p>\n<h4>Kotimatka<\/h4>\n<p>Kotiuduimme reissusta juuri ennen kuin koko Eurooppa alkoi j\u00e4lleen k\u00e4rvistell\u00e4 koronan kourissa ja rajoituksia alettiin kirist\u00e4\u00e4. Vietimme y\u00f6n Iraklionissa hotelli Marin Dreamissa. Tilasimme taksin aamunelj\u00e4ksi, sill\u00e4 lento Ateenaan l\u00e4hti kuudelta. Ennen taksiin astumista puimme kasvoille maskit, eik\u00e4 niit\u00e4 sitten riisuttu ennen kuin hotellissa Helsingiss\u00e4 seuraavan vuorokauden puolella, vaihdettiin vain.<\/p>\n<p>Alun perin meid\u00e4n olisi pit\u00e4nyt olla Helsingiss\u00e4 iltap\u00e4iv\u00e4ll\u00e4 ja kotona ennen y\u00f6t\u00e4, mutta juuri ennen matkalle l\u00e4ht\u00f6\u00e4 Suomessa saimme viestin, ett\u00e4 alkuper\u00e4inen paluulento oli peruttu ja seuraava mahdollisuus lent\u00e4\u00e4 Frankfurtin v\u00e4lietapilta Helsinkiin oli iltakymmenelt\u00e4. Nappasimme sen lennon, koska olimme jo jalka ovenraossa l\u00e4hd\u00f6ss\u00e4 matkaan. Frankfurtissa huomasimme, ett\u00e4 alkuper\u00e4iseen aikaan kyll\u00e4 l\u00e4hti kone Helsinkiin. Eip\u00e4 tullut mieleen yritt\u00e4\u00e4 vaihtaa lentoa loman kuluessa, olisimme voineet s\u00e4\u00e4sty\u00e4 odottelulta.<\/p>\n<p>Vietimme Frankfurtissa 11 tuntia. Lentokentt\u00e4 tuli tutuksi, niin suuri kuin onkin. Kent\u00e4ll\u00e4 oli v\u00e4lj\u00e4\u00e4, saatoimme jopa muutamaan otteeseen hengitell\u00e4 maskin vaihdon yhteydess\u00e4 raitista sis\u00e4ilmaa, kun l\u00e4hist\u00f6ll\u00e4 ei ollut ket\u00e4\u00e4n. Katselimme ulos, jossa kentt\u00e4henkil\u00f6kunta raatoi +29 asteen helteess\u00e4.<\/p>\n<p>Lopulta p\u00e4\u00e4simme kotimatkalle nukuttuamme makoisat viiden tunnin y\u00f6unet hotelli Clarionissa. Juna toi meid\u00e4t nykim\u00e4tt\u00e4 Kuopioon saakka. Mutta eip\u00e4 viel\u00e4 nuolaista! Paria kilometri\u00e4 ennen asemaa pys\u00e4hdyttiin. \u201dHieman teknisi\u00e4 ongelmia veturissa\u201d\u2026 Ehk\u00e4 viiden minuutin kuluttua kuitenkin jatkettiin. Olikin l\u00e4hell\u00e4 saada kokea kokonainen, keskeytykset\u00f6n junamatka!<\/p>\n<p>Ruokakaupan kautta kotiin ja viett\u00e4m\u00e4\u00e4n vapaaehtoista karanteenia. Lissun piti l\u00e4hte\u00e4 maanantaina t\u00f6ihin, se oli karanteeniohjeissa sallittua. Ty\u00f6terveyshuollosta tarkistetuilla ohjeilla maskilla varustettuna.<\/p>\n<p>Koska kotimatkalla junassa oli kovasti yskiv\u00e4 mies muutaman metrin p\u00e4\u00e4ss\u00e4 &#8211; ilman maskia tietysti, eih\u00e4n niihin Suomessa tuolloin oikein uskottu &#8211; Lissu olisi halunnut p\u00e4\u00e4st\u00e4 testiin. Ei onnistunut. Testiin p\u00e4\u00e4sy\u00e4 palloteltiin ensin ty\u00f6terveyshuollon ja julkisen terveydenhuollon v\u00e4lill\u00e4, sitten l\u00e4hiterveysasema vuoroin m\u00e4\u00e4r\u00e4si testiajan ja perui sen sit\u00e4 mukaa, kun asiaa tarkisteltiin eri tahoilta viranomaishierarkiassa. Lopputulema oli keskussairaalan koronavastaavalta, ett\u00e4 oireetonta ei testata. Siit\u00e4 vain koululuokan eteen!<\/p>\n<p><img loading=\"lazy\" decoding=\"async\" class=\" wp-image-560 aligncenter\" src=\"https:\/\/blogit.kreeta.info\/kesamokkikreetalla\/wp-content\/uploads\/sites\/7\/2020\/12\/20200711-1-\u2013-kopio-300x200.jpg\" alt=\"\" width=\"338\" height=\"225\" srcset=\"https:\/\/blogit.kreeta.info\/kesamokkikreetalla\/wp-content\/uploads\/sites\/7\/2020\/12\/20200711-1-\u2013-kopio-300x200.jpg 300w, https:\/\/blogit.kreeta.info\/kesamokkikreetalla\/wp-content\/uploads\/sites\/7\/2020\/12\/20200711-1-\u2013-kopio.jpg 448w\" sizes=\"auto, (max-width: 338px) 100vw, 338px\" \/><\/p>\n<p>Nyt on eletty maskisuositusaikaa jo kuukausisotalla ja kes\u00e4inen lomareissu tuntuu kaukaiselta maailmalta, jossa kaikki oli viel\u00e4 kovin yksinkertaista. Toivomme, ett\u00e4 p\u00e4\u00e4semme taas toiseen kotiimme niin pian kuin mahdollista, mutta saa n\u00e4hd\u00e4, millaisia s\u00e4\u00e4nn\u00f6ksi\u00e4 ja rajoituksia eteen tulee ennen kuin voidaan taasen olla turvassa. Rokotukset, toivottavasti, mutta millainen s\u00e4\u00e4nn\u00f6sviidakko matkalle uskaltautuvilla mahtaa olla edess\u00e4? Tietenk\u00e4\u00e4n emme halua ottaa riskej\u00e4 tai riskeerata muita, joten siihen on vain tyytyminen, mit\u00e4 viranomaiset ikin\u00e4 m\u00e4\u00e4r\u00e4\u00e4v\u00e4tk\u00e4\u00e4n. Siihen saakka muistellaan menneit\u00e4 reissuja ja pidet\u00e4\u00e4n yhteytt\u00e4 yst\u00e4viin Kreetalla. Viel\u00e4 me tapaamme! Siihen saakka pysyt\u00e4\u00e4n turvassa, <em>menume asfalias<\/em>!<\/p>\n<p><em>Talviset terveiset Savosta<\/em><\/p>\n<p><em> Jyk\u00e4 ja Lissu<\/em><\/p>\n","protected":false},"excerpt":{"rendered":"<p>Onpahan ollut vuosi! Normaalisti olisimme nyt joulun vietossa Kreetan-kes\u00e4m\u00f6kill\u00e4, mis\u2019 s\u00e4\u00e4 olisi kuin Suomen toukokuun: ehk\u00e4 sateinen ja pilvinen, mutta kuitenkin plus viidentoista mukavammalla puolella. Itse asiassa juuri n\u00e4ill\u00e4 hetkill\u00e4, kun t\u00e4t\u00e4 kirjoitan, laskeutuisi&#46;&#46;&#46;<\/p>\n","protected":false},"author":4,"featured_media":518,"comment_status":"closed","ping_status":"closed","sticky":false,"template":"","format":"standard","meta":{"_acf_changed":false,"footnotes":""},"categories":[1],"tags":[],"class_list":["post-507","post","type-post","status-publish","format-standard","has-post-thumbnail","hentry","category-yleinen"],"acf":[],"_links":{"self":[{"href":"https:\/\/blogit.kreeta.info\/kesamokkikreetalla\/wp-json\/wp\/v2\/posts\/507","targetHints":{"allow":["GET"]}}],"collection":[{"href":"https:\/\/blogit.kreeta.info\/kesamokkikreetalla\/wp-json\/wp\/v2\/posts"}],"about":[{"href":"https:\/\/blogit.kreeta.info\/kesamokkikreetalla\/wp-json\/wp\/v2\/types\/post"}],"author":[{"embeddable":true,"href":"https:\/\/blogit.kreeta.info\/kesamokkikreetalla\/wp-json\/wp\/v2\/users\/4"}],"replies":[{"embeddable":true,"href":"https:\/\/blogit.kreeta.info\/kesamokkikreetalla\/wp-json\/wp\/v2\/comments?post=507"}],"version-history":[{"count":17,"href":"https:\/\/blogit.kreeta.info\/kesamokkikreetalla\/wp-json\/wp\/v2\/posts\/507\/revisions"}],"predecessor-version":[{"id":563,"href":"https:\/\/blogit.kreeta.info\/kesamokkikreetalla\/wp-json\/wp\/v2\/posts\/507\/revisions\/563"}],"wp:featuredmedia":[{"embeddable":true,"href":"https:\/\/blogit.kreeta.info\/kesamokkikreetalla\/wp-json\/wp\/v2\/media\/518"}],"wp:attachment":[{"href":"https:\/\/blogit.kreeta.info\/kesamokkikreetalla\/wp-json\/wp\/v2\/media?parent=507"}],"wp:term":[{"taxonomy":"category","embeddable":true,"href":"https:\/\/blogit.kreeta.info\/kesamokkikreetalla\/wp-json\/wp\/v2\/categories?post=507"},{"taxonomy":"post_tag","embeddable":true,"href":"https:\/\/blogit.kreeta.info\/kesamokkikreetalla\/wp-json\/wp\/v2\/tags?post=507"}],"curies":[{"name":"wp","href":"https:\/\/api.w.org\/{rel}","templated":true}]}}