{"id":37,"date":"2012-02-16T12:06:52","date_gmt":"2012-02-16T10:06:52","guid":{"rendered":"https:\/\/blogit.kreeta.info\/lissunrethimnon\/aamukavelylla-satamassa\/"},"modified":"2012-02-16T12:06:52","modified_gmt":"2012-02-16T10:06:52","slug":"aamukavelylla-satamassa","status":"publish","type":"post","link":"https:\/\/blogit.kreeta.info\/lissunrethimnon\/aamukavelylla-satamassa\/","title":{"rendered":"Aamuk\u00e4velyll\u00e4 satamassa"},"content":{"rendered":"<p><font size=\"2\"><font size=\"3\"><span style=\"font-weight: bold;\"><font size=\"2\">Pitk\u00e4st\u00e4 aikaa kaunis aurinkoinen aamu, jo toinen per\u00e4kk\u00e4in. Auringossa on mukavan l\u00e4mmin, mutta tuulee lujaa ja kylm\u00e4sti. Mittarissa vain reilut +10 astetta varjossa, on ollut taas kym\u00e4 y\u00f6.<br \/><\/font><\/span><br \/><\/font><font size=\"2\">Olen potenut flunssaa nyt reilun viikon. Viel\u00e4kin olisin mieluusti vain kotona, mutta ei auta, t\u00e4ytyy l\u00e4hte\u00e4 asioille rannan tuntumaan. Kaupungilla, tuulelta suojassa, tulee niin kuuma, ett\u00e4 on avattava toppatakki. Rantakadulla takki on taas laitettava tiukasti kiinni ja huppukin viel\u00e4 p\u00e4\u00e4h\u00e4n, ettei kylm\u00e4 tuuli p\u00e4\u00e4se hikiselle iholle. Tuntemattoman sotilaan aukiolla k\u00e4velee vastaan Mesiss\u00e4 asuvan Annan mies, vaihdetaan pikaiset kuulumiset. Rantakatua k\u00e4velless\u00e4 ohiajavasta autosta t\u00f6\u00f6t\u00e4t\u00e4\u00e4n ja k\u00e4si heilahtaa. T\u00e4m\u00e4n on n\u00e4it\u00e4 pikkukaupungin etuja &#8211; kun kaupungilla liikkuu, niin usein t\u00f6rm\u00e4\u00e4 johonkin tuttuun.<\/p>\n<p>Aurinkoisella ilmalla rantakadulla riitt\u00e4\u00e4 yleens\u00e4 k\u00e4velij\u00f6it\u00e4, h\u00f6lkk\u00e4\u00e4ji\u00e4, koiran ulkoiluttajia. Nyt raaka tuuli on karkoittanut ulkoilijat. Rantakatu ja ranta ovat l\u00e4hes autiot, postilaatikko viel\u00e4 talvik\u00e4\u00e4reess\u00e4\u00e4n.<br \/><img decoding=\"async\" style=\"width: 590px; height: 344px;\" alt=\"\" align=\"left\" src=\"https:\/\/uusi.kreeta.info\/kreeta\/myimages\/blog_img\/lissun_blogikuvat\/kavelyllarantakadulla\/20120216_1naiset.jpg\"><\/p>\n<p><\/font><\/font><\/p>\n<p><font size=\"2\"><font size=\"2\"><\/font><\/font>&nbsp;<\/p>\n<p><font size=\"2\"><font size=\"2\"><\/font><\/font>&nbsp;<\/p>\n<p><font size=\"2\"><font size=\"2\"><\/font><\/font>&nbsp;<\/p>\n<p><font size=\"2\"><font size=\"2\">&nbsp;<\/font><\/font><\/p>\n<p><font size=\"2\"><font size=\"2\">Pilvi\u00e4 alkaa ker\u00e4\u00e4nty\u00e4 taivaalle. Huvivenesatamassa tuuli vet\u00e4\u00e4 hupun p\u00e4\u00e4st\u00e4. T\u00e4\u00e4ll\u00e4kin on v\u00e4h\u00e4n v\u00e4ke\u00e4, vain yksi vanhempi herra istuu mietteli\u00e4\u00e4n\u00e4 penkill\u00e4 laiturin kupeessa, nuori pariskunta leikkii pienen koiraansa kanssa ja pari isompaa koiraa makaa reporankana auringossa. Valkoiset vuoret n\u00e4kyv\u00e4t upeana taustana vanhallekaupungille.<br \/><img decoding=\"async\" style=\"width: 591px; height: 351px;\" alt=\"\" align=\"left\" src=\"https:\/\/uusi.kreeta.info\/kreeta\/myimages\/blog_img\/lissun_blogikuvat\/kavelyllarantakadulla\/20120216_2Valk.jpg\"><\/p>\n<p>&nbsp;<\/font><\/font><\/p>\n<p><font size=\"2\"><font size=\"2\">Kalasatamassa kalat on myyty, kalastajat setviv\u00e4t verkkojaan. Hellyytt\u00e4v\u00e4n pieni kalastajavene on nostettu kunnostettavaksi.<br \/><img decoding=\"async\" style=\"width: 592px; height: 444px;\" alt=\"\" align=\"left\" src=\"https:\/\/uusi.kreeta.info\/kreeta\/myimages\/blog_img\/lissun_blogikuvat\/kavelyllarantakadulla\/20120216_3veneet.jpg\"><br \/><span style=\"color: rgb(255, 255, 255);\">&#8230;<\/span><br \/><img decoding=\"async\" style=\"width: 590px; height: 389px;\" alt=\"\" align=\"left\" src=\"https:\/\/uusi.kreeta.info\/kreeta\/myimages\/blog_img\/lissun_blogikuvat\/kavelyllarantakadulla\/20120216_4remontti.jpg\"><\/p>\n<p>&nbsp;<\/font><\/font><\/p>\n<p><font size=\"2\"><font size=\"2\">Muutamassa huviveneess\u00e4kin tehd\u00e4\u00e4n remonttia kes\u00e4\u00e4 varten. Ihmettelen aina t\u00e4t\u00e4 satamassa olevien huviveneiden m\u00e4\u00e4r\u00e4\u00e4 &#8211; kenen ne ovat, miss\u00e4 ne kulkevat, mit\u00e4 niill\u00e4 tehd\u00e4\u00e4n? Rethimnonin edustalla kun n\u00e4kee kes\u00e4isin vain harvakseltaan moottori- tai purjeveneit\u00e4. Mieleen tulee Helsingin saaristo kauniina kes\u00e4p\u00e4iv\u00e4n\u00e4 &#8211; kymmenitt\u00e4in moottori- ja purjeveneit\u00e4 kulkemassa sinne t\u00e4nne saarten lomassa. T\u00e4\u00e4ll\u00e4h\u00e4n ei ole edes saaria, vain aavaa vett\u00e4. Santorinillekin, l\u00e4himm\u00e4lle saarelle pohjoiseen, on l\u00e4hes 150 kilometri\u00e4.<br \/><img decoding=\"async\" style=\"width: 593px; height: 380px;\" alt=\"\" align=\"left\" src=\"https:\/\/uusi.kreeta.info\/kreeta\/myimages\/blog_img\/lissun_blogikuvat\/kavelyllarantakadulla\/20120216_5laitusri.jpg\"><\/p>\n<p>&nbsp;<\/font><\/font><\/p>\n<p><font size=\"2\"><font size=\"2\">J<\/font><\/font><font size=\"2\"><font size=\"2\">atkan kotimatkaa rantakatua pitkin vanhaankaupunkiin. Vasta kadun p\u00e4\u00e4ss\u00e4, jo l\u00e4hell\u00e4 venetsialaista satamaa, tajuan, miksi palmukujaa k\u00e4velless\u00e4 tuntui niin omituiselta &#8211; palmuille on tehty kev\u00e4tkarsinta! <br \/><img decoding=\"async\" style=\"width: 593px; height: 419px;\" alt=\"\" align=\"left\" src=\"https:\/\/uusi.kreeta.info\/kreeta\/myimages\/blog_img\/lissun_blogikuvat\/kavelyllarantakadulla\/20120216_6rantak.jpg\"><\/p>\n<p>Neh\u00e4n n\u00e4ytt\u00e4v\u00e4t ihan maahan t\u00f6k\u00e4tyilt\u00e4 pitkulaisilta ananaksilta! Mielikuvitus alkaa laukkaamaan. Jos rungot olisivat oransseja, k\u00e4velisin porkkanapellossa&#8230; Jos lehv\u00e4t olisivat v\u00e4rikk\u00e4it\u00e4, ne voisivat olla karnevaalijuhlijoiden sulkap\u00e4\u00e4hineit\u00e4&#8230; T\u00e4ss\u00e4h\u00e4n k\u00e4y pian niin kuin Aku Ankalle vanhassa &#8221;<\/font><a style=\"font-weight: bold;\" title=\"\" href=\"http:\/\/www.youtube.com\/watch?v=_mQHr8bAojU\" target=\"_blank\">Aquarela do Brazil<\/a>&#8221; -piirretyss\u00e4, kuvat l\u00e4htev\u00e4t el\u00e4m\u00e4\u00e4n.<\/font><\/p>\n<p><font size=\"2\"><br \/>Enk\u00e4 ole juonut edes tsikudiaa, viel\u00e4.<\/p>\n<p><\/font><\/p>\n","protected":false},"excerpt":{"rendered":"<p>Pitk\u00e4st\u00e4 aikaa kaunis aurinkoinen aamu, jo toinen per\u00e4kk\u00e4in. Auringossa on mukavan l\u00e4mmin, mutta tuulee lujaa ja kylm\u00e4sti. Mittarissa vain reilut +10 astetta varjossa, on ollut taas kym\u00e4 y\u00f6.Olen potenut flunssaa nyt reilun viikon. Viel\u00e4kin&#46;&#46;&#46;<\/p>\n","protected":false},"author":5,"featured_media":0,"comment_status":"open","ping_status":"open","sticky":false,"template":"","format":"standard","meta":{"_acf_changed":false,"footnotes":""},"categories":[1],"tags":[],"class_list":["post-37","post","type-post","status-publish","format-standard","hentry","category-yleinen"],"acf":[],"_links":{"self":[{"href":"https:\/\/blogit.kreeta.info\/lissunrethimnon\/wp-json\/wp\/v2\/posts\/37","targetHints":{"allow":["GET"]}}],"collection":[{"href":"https:\/\/blogit.kreeta.info\/lissunrethimnon\/wp-json\/wp\/v2\/posts"}],"about":[{"href":"https:\/\/blogit.kreeta.info\/lissunrethimnon\/wp-json\/wp\/v2\/types\/post"}],"author":[{"embeddable":true,"href":"https:\/\/blogit.kreeta.info\/lissunrethimnon\/wp-json\/wp\/v2\/users\/5"}],"replies":[{"embeddable":true,"href":"https:\/\/blogit.kreeta.info\/lissunrethimnon\/wp-json\/wp\/v2\/comments?post=37"}],"version-history":[{"count":0,"href":"https:\/\/blogit.kreeta.info\/lissunrethimnon\/wp-json\/wp\/v2\/posts\/37\/revisions"}],"wp:attachment":[{"href":"https:\/\/blogit.kreeta.info\/lissunrethimnon\/wp-json\/wp\/v2\/media?parent=37"}],"wp:term":[{"taxonomy":"category","embeddable":true,"href":"https:\/\/blogit.kreeta.info\/lissunrethimnon\/wp-json\/wp\/v2\/categories?post=37"},{"taxonomy":"post_tag","embeddable":true,"href":"https:\/\/blogit.kreeta.info\/lissunrethimnon\/wp-json\/wp\/v2\/tags?post=37"}],"curies":[{"name":"wp","href":"https:\/\/api.w.org\/{rel}","templated":true}]}}