{"id":41,"date":"2012-03-28T09:21:54","date_gmt":"2012-03-28T06:21:54","guid":{"rendered":"https:\/\/blogit.kreeta.info\/lissunrethimnon\/kevainen-kansallispaiva\/"},"modified":"2012-03-28T09:21:54","modified_gmt":"2012-03-28T06:21:54","slug":"kevainen-kansallispaiva","status":"publish","type":"post","link":"https:\/\/blogit.kreeta.info\/lissunrethimnon\/kevainen-kansallispaiva\/","title":{"rendered":"Kev\u00e4inen kansallisp\u00e4iv\u00e4"},"content":{"rendered":"<p><font size=\"2\"><strong>Sunnuntai. Kreikan kansallisp\u00e4iv\u00e4. Marian ilmestysp\u00e4iv\u00e4. Siis kolminkertainen pyh\u00e4p\u00e4iv\u00e4. Aamulla on viel\u00e4 harmaata, mutta se on vain kosteuden tuomaa pilvisyytt\u00e4, joka haihtuu sit\u00e4 mukaa mit\u00e4 korkeammalle aurinko kipuaa. T\u00e4n\u00e4\u00e4n kaupungin kahvilat ja tavernat t\u00e4yttyv\u00e4t takuuvarmasti iltap\u00e4iv\u00e4ll\u00e4 kansallisp\u00e4iv\u00e4n paraatin j\u00e4lkeen.<\/strong><\/p>\n<p>Suuntaan puolelta p\u00e4ivin p\u00e4\u00e4kadulle paraatia seuraamaan. Ihmettelen v\u00e4en v\u00e4hyytt\u00e4. Kaupungin filharmoonisen orkesterin nuoriso-osasto j\u00e4rjest\u00e4ytyy jo paikalleen paraatin k\u00e4rkeen, mutta muita osallistujia on v\u00e4h\u00e4n. Syy selvi\u00e4\u00e4 pian. Paraatin kanssa yht\u00e4aikaa, vastasuuntaan, on taas j\u00e4rjestetty mielenosoitus kuten viime vuonna Ohi-p\u00e4iv\u00e4n\u00e4. Asetelma on kuin kaksintaistelussa: toisessa p\u00e4\u00e4ss\u00e4 katua mielenosoituskulkue, toisessa p\u00e4\u00e4ss\u00e4 kaupunginorkesteri. <\/p>\n<p><img decoding=\"async\" alt=\"\" align=\"left\" src=\"https:\/\/uusi.kreeta.info\/kreeta\/myimages\/blog_img\/lissun_blogikuvat\/20120328\/tn_1orkesteri.JPG\"><\/p>\n<p>&nbsp;<\/p>\n<p>T\u00e4n\u00e4 vuonna kaupungintaloa vastap\u00e4\u00e4t\u00e4 ei ole kunniavierasaitiota ja aukio on suljettu portein ja poliisein. Jonkinlaista episodia, v\u00e4likohtausta, siis mahdollisesti odotetaan &#8211; ehk\u00e4 tomaatteja, kananmunia ja jugurttia, n\u00e4iden rauhallisten mielenosoittajien aseita. Kulkue etenee, iskulauseita huudetaan ja kaupungintalon kohdalla istutaan v\u00e4h\u00e4ksi aikaa maahan. Orkesteria ei en\u00e4\u00e4 n\u00e4y toisessa p\u00e4\u00e4ss\u00e4 katua. Mielenosoittajat etenev\u00e4t rauhallisesti ilman mit\u00e4\u00e4n v\u00e4likohtauksia ja heille taputetaan kuin paraatiin osallistujille. Huoli Kreikan tilanteesta on yhteinen.<\/p>\n<p><img decoding=\"async\" alt=\"\" align=\"left\" src=\"https:\/\/uusi.kreeta.info\/kreeta\/myimages\/blog_img\/lissun_blogikuvat\/20120328\/tn_2mieleosoittajat.JPG\"><\/p>\n<p>&nbsp;<\/p>\n<p>Paraati p\u00e4\u00e4see alkamaan reilu puoli tuntia my\u00f6h\u00e4ss\u00e4. Orkesterin j\u00e4lkeen marssivat Punaisen Ristin vapaaehtoiset, samarialaisiksi heit\u00e4 t\u00e4\u00e4ll\u00e4 kutsutaan. Heit\u00e4 on paljon. Sitten ovat vuorossa tanssiyhdistykset, koululaiset, partiolaiset ja lopuksi varuskunnan alokkaat ja poliisikoulun oppilaat. T\u00e4\u00e4ll\u00e4 kansallisp\u00e4iv\u00e4n vietto ja paraati ei ole p\u00f6n\u00e4kk\u00e4\u00e4 elitistist\u00e4 aikuisten touhua, vaan kaikkien iloa ja ylpeytt\u00e4 omasta vapaasta kotimaasta. Osallistujia tervehdit\u00e4\u00e4n kannustavin taputuksin. Hellyytt\u00e4vimpi\u00e4 ovat eri tanssiyhdistysten taaperot, jotka iloisesti hyp\u00e4hdellen yritt\u00e4v\u00e4t pysy\u00e4 isompien tahdissa. Samanlaisia taaperoita on paljon my\u00f6s katsojina.<\/p>\n<p><img decoding=\"async\" alt=\"\" align=\"left\" src=\"https:\/\/uusi.kreeta.info\/kreeta\/myimages\/blog_img\/lissun_blogikuvat\/20120328\/tn_3samarialaiset.JPG\"><img decoding=\"async\" alt=\"\" align=\"left\" src=\"https:\/\/uusi.kreeta.info\/kreeta\/myimages\/blog_img\/lissun_blogikuvat\/20120328\/tn_4taaperot.JPG\"><img decoding=\"async\" alt=\"\" align=\"left\" src=\"https:\/\/uusi.kreeta.info\/kreeta\/myimages\/blog_img\/lissun_blogikuvat\/20120328\/tn_5koululaiset.JPG\"><img decoding=\"async\" alt=\"\" align=\"left\" src=\"https:\/\/uusi.kreeta.info\/kreeta\/myimages\/blog_img\/lissun_blogikuvat\/20120328\/tn_6alokkaat.JPG\"><img decoding=\"async\" alt=\"\" align=\"left\" src=\"https:\/\/uusi.kreeta.info\/kreeta\/myimages\/blog_img\/lissun_blogikuvat\/20120328\/tn_7katsojat.JPG\">&nbsp;<\/p>\n<p>Paraatin j\u00e4lkeen l\u00e4hden kiertelem\u00e4\u00e4n kaupungille. Kahvilat ja ruokapaikat alkavat t\u00e4ytty\u00e4, kuten uumoilinkin.<\/p>\n<p><img decoding=\"async\" alt=\"\" align=\"left\" src=\"https:\/\/uusi.kreeta.info\/kreeta\/myimages\/blog_img\/lissun_blogikuvat\/20120328\/tn_8kaupunkia.JPG\">&nbsp;<\/p>\n<p>Mutta katukuvassa on jotakin erikoista, jotakin, joka ei sovi kuvaan: Turisteja! Nyt tajuan &#8211; heit\u00e4 oli paraatiakin katsomassa. T\u00e4n\u00e4\u00e4n tulivat jo ensimm\u00e4iset charter-lennot Haniaan, mutta eiv\u00e4t n\u00e4m\u00e4 ole sen n\u00e4k\u00f6isi\u00e4, suomalaisia tai saksalaisia omatoimimatkaajia. Jututan muutamaa pariskuntaa. He ovatkin risteilymatkailijoita, tulivat aamulla ja jatkavat illalla matkaa. Pariskunnat kehuvat kilpaa kaupunkia upeaksi, paraatia mielenkiintoiseksi ja ah, n\u00e4in ihana ilmakin. &#8221;Mutta mik\u00e4 oli se ensimm\u00e4inen kulkue, mielenosoitusko? Mit\u00e4 varten? Sekin oli jotenkin sympaattinen.&#8221; <\/p>\n<p><img decoding=\"async\" alt=\"\" align=\"left\" src=\"https:\/\/uusi.kreeta.info\/kreeta\/myimages\/blog_img\/lissun_blogikuvat\/20120328\/tn_9risteily.JPG\">&nbsp;<\/p>\n<p>Suuntaan kotia kohti. T\u00e4n\u00e4 p\u00e4iv\u00e4n\u00e4 sy\u00f6d\u00e4\u00e4n perinteisesti kalaa. Monet heist\u00e4kin, jotka eiv\u00e4t p\u00e4\u00e4si\u00e4ispaastonsa aikaan kalaan koske, nauttivat sit\u00e4 t\u00e4n\u00e4\u00e4n. Kotona minuakin odottaa kalakeitto. Miesyst\u00e4v\u00e4ni tapana on laittaa erikseen tarjolle kaikki keiton tarpeet, joista jokainen kokoaa mieleisens\u00e4 yhdistelm\u00e4n omalle lautaselleen. Tarjolla on sek\u00e4 turskaa ett\u00e4 &#8221;punaista kalaa&#8221;. Salaattia ei sent\u00e4\u00e4n keittolautaselle lis\u00e4t\u00e4, se sy\u00f6d\u00e4\u00e4n erikseen. Omana lis\u00e4n\u00e4 on suomalaista n\u00e4kkileip\u00e4\u00e4, jota oli myynniss\u00e4 Lidlin Skandinavia-viikolla.<\/p>\n<p><img decoding=\"async\" alt=\"\" align=\"left\" src=\"https:\/\/uusi.kreeta.info\/kreeta\/myimages\/blog_img\/lissun_blogikuvat\/20120328\/tn_10ruoka.JPG\">&nbsp;<\/p>\n<p>Ruuan j\u00e4lkeen istuskelen v\u00e4h\u00e4n aikaa pihalla. Sitruunapuun kukinta on t\u00e4ydess\u00e4 vauhdissa, nautin sen tuoksua j\u00e4lkiruuaksi. Joka p\u00e4iv\u00e4 aukeaa kymmeni\u00e4 uusia kukkia, ja varisseita ter\u00e4lehti\u00e4 on lakaistava pihalta jatkuvasti. Puusta kuuluu tasainen humina, mehil\u00e4iset ja muut p\u00f6lytt\u00e4j\u00e4t hoitavat ty\u00f6t\u00e4\u00e4n. Kun tarkkaan katsoo, niin kukassa n\u00e4ytt\u00e4isi olevan jo pieni sitruunan alkukin sis\u00e4ll\u00e4.<\/p>\n<p><img decoding=\"async\" alt=\"\" align=\"left\" src=\"https:\/\/uusi.kreeta.info\/kreeta\/myimages\/blog_img\/lissun_blogikuvat\/20120328\/tn_11sitruunapuu.JPG\">&nbsp;<\/p>\n<p>Illansuussa tapaan Suomesta tulleen yst\u00e4v\u00e4ni, joka kertoo tulomatkastaan. Helsingin lento oli koko saaren ensimm\u00e4inen charter-lento, vain hieman ennen RyanAirin Frankfurtin lentoa. Suomalaiset siis korkkasivat t\u00e4m\u00e4n kauden alkaneeksi. Matkaajille oli ollut Hanian kent\u00e4ll\u00e4 katettuna runsas buffet-p\u00f6yt\u00e4 ja heid\u00e4t toivotettiin tervetulleiksi puhein ja tanssiesityksin.<\/p>\n<p>&nbsp;<\/p>\n<p>My\u00f6h\u00e4\u00e4n illalla kuulen kauan odotetun uutisen: Rethimnoniin saadaan taas oma laiva, joka tulee jo huhtikuun lopulla liikenn\u00f6im\u00e4\u00e4n v\u00e4li\u00e4 Rethimnon-Pireus. Mukava p\u00e4\u00e4t\u00f6s mukavalle p\u00e4iv\u00e4lle.<\/p>\n<p><\/font><\/p>\n<p><p>&nbsp;<\/p>\n","protected":false},"excerpt":{"rendered":"<p>Sunnuntai. Kreikan kansallisp\u00e4iv\u00e4. Marian ilmestysp\u00e4iv\u00e4. Siis kolminkertainen pyh\u00e4p\u00e4iv\u00e4. Aamulla on viel\u00e4 harmaata, mutta se on vain kosteuden tuomaa pilvisyytt\u00e4, joka haihtuu sit\u00e4 mukaa mit\u00e4 korkeammalle aurinko kipuaa. T\u00e4n\u00e4\u00e4n kaupungin kahvilat ja tavernat t\u00e4yttyv\u00e4t takuuvarmasti&#46;&#46;&#46;<\/p>\n","protected":false},"author":3,"featured_media":0,"comment_status":"open","ping_status":"open","sticky":false,"template":"","format":"standard","meta":{"_acf_changed":false,"footnotes":""},"categories":[1],"tags":[],"class_list":["post-41","post","type-post","status-publish","format-standard","hentry","category-yleinen"],"acf":[],"_links":{"self":[{"href":"https:\/\/blogit.kreeta.info\/lissunrethimnon\/wp-json\/wp\/v2\/posts\/41","targetHints":{"allow":["GET"]}}],"collection":[{"href":"https:\/\/blogit.kreeta.info\/lissunrethimnon\/wp-json\/wp\/v2\/posts"}],"about":[{"href":"https:\/\/blogit.kreeta.info\/lissunrethimnon\/wp-json\/wp\/v2\/types\/post"}],"author":[{"embeddable":true,"href":"https:\/\/blogit.kreeta.info\/lissunrethimnon\/wp-json\/wp\/v2\/users\/3"}],"replies":[{"embeddable":true,"href":"https:\/\/blogit.kreeta.info\/lissunrethimnon\/wp-json\/wp\/v2\/comments?post=41"}],"version-history":[{"count":0,"href":"https:\/\/blogit.kreeta.info\/lissunrethimnon\/wp-json\/wp\/v2\/posts\/41\/revisions"}],"wp:attachment":[{"href":"https:\/\/blogit.kreeta.info\/lissunrethimnon\/wp-json\/wp\/v2\/media?parent=41"}],"wp:term":[{"taxonomy":"category","embeddable":true,"href":"https:\/\/blogit.kreeta.info\/lissunrethimnon\/wp-json\/wp\/v2\/categories?post=41"},{"taxonomy":"post_tag","embeddable":true,"href":"https:\/\/blogit.kreeta.info\/lissunrethimnon\/wp-json\/wp\/v2\/tags?post=41"}],"curies":[{"name":"wp","href":"https:\/\/api.w.org\/{rel}","templated":true}]}}