{"id":42,"date":"2012-11-09T08:50:13","date_gmt":"2012-11-09T06:50:13","guid":{"rendered":"https:\/\/blogit.kreeta.info\/lissunrethimnon\/paraatista-paraatiin\/"},"modified":"2012-11-09T08:50:13","modified_gmt":"2012-11-09T06:50:13","slug":"paraatista-paraatiin","status":"publish","type":"post","link":"https:\/\/blogit.kreeta.info\/lissunrethimnon\/paraatista-paraatiin\/","title":{"rendered":"Paraatista paraatiin"},"content":{"rendered":"<div><b><font size=\"2\">Edellinen kirjoitukseni oli kev\u00e4\u00e4lt\u00e4, kes\u00e4kauden alusta, kansallisp\u00e4iv\u00e4n paraatista. Nyt on syksy, turistikausi loppunut ja taas paraatiaika. T\u00e4ss\u00e4 v\u00e4liss\u00e4, reilun 7 kuukauden aikana, tapahtui monia asioita: yll\u00e4tt\u00e4v\u00e4 ty\u00f6paikan saanti ja sen yht\u00e4 yll\u00e4tt\u00e4v\u00e4 menetys, pitk\u00e4\u00e4n odottamani loma Suomessa, yst\u00e4vieni vierailuja t\u00e4\u00e4ll\u00e4, rakkaan kissani l\u00f6ytyminen, lomailua ymp\u00e4ri Kreetaa, upeita auringonlaskuja \u2013 ja pitk\u00e4 kuuma kes\u00e4. Kes\u00e4iset ilmat loppuivat vasta nyt, Arkadi-p\u00e4iv\u00e4n kynnyksell\u00e4.<\/font><\/b><\/div>\n<div>&nbsp;<\/div>\n<div>Kreikan &#8221;toisen kansallisp\u00e4iv\u00e4n&#8221;, Ohi-p\u00e4iv\u00e4n, paraatin aikaan 28.10. on viel\u00e4 kes\u00e4isen l\u00e4mmint\u00e4 ja aurinkoista, joskin tuulee lujaa. Kuten kev\u00e4\u00e4ll\u00e4, t\u00e4ll\u00e4kin kertaa ennen paraatia on mielenosoitus, mutta kuitenkin sen verran hyviss\u00e4 ajoin, ett\u00e4 paraati p\u00e4\u00e4see alkamaan ajallaan. Nelj\u00e4n marttyyrin kirkon edustalla ovat rouvat jo hyviss\u00e4 ajoin parhailla katsojapaikoilla.<\/div>\n<div><img decoding=\"async\" src=\"https:\/\/uusi.kreeta.info\/kreeta\/myimages\/blog_img\/lissun_blogikuvat\/20121109\/_1kirkko.JPG\" alt=\"\" align=\"left\"><\/div>\n<div><\/div>\n<div><\/div>\n<div>&nbsp;<\/div>\n<div>Paraati sujuu normaaliin tapaan &#8211; &nbsp;orkesteri, Punainen Risti, tanssiyhdistykset, koulut, partiolaiset, varuskunta. L\u00e4pi paraatin selostetaan toisen maailmansodan aikaisia tapahtumia. Paraatin lopussa ajaa yll\u00e4tyksen\u00e4 sodassa k\u00e4ytettyjen autojen kolonna.&nbsp;<\/div>\n<div><img decoding=\"async\" src=\"https:\/\/uusi.kreeta.info\/kreeta\/myimages\/blog_img\/lissun_blogikuvat\/20121109\/_2auto.JPG\" alt=\"\" align=\"left\"><\/div>\n<div>&nbsp;<\/div>\n<div>Turvaj\u00e4rjestelyt ovat tiukat, koska paikalla on my\u00f6s Rethimnonista kotoisin oleva Kreikan kehitys- ja infrastruktuuriministeri Kostis Hatzidakis. Kaupungintaloa ymp\u00e4r\u00f6iv\u00e4t korttelit suljettiin jo edellisen\u00e4 y\u00f6n\u00e4, eiv\u00e4tk\u00e4 kunniavieraiden l\u00e4hettyville p\u00e4\u00e4se ketk\u00e4\u00e4n muut kuin paraatiin osallistujat. Poliiseja on paljon j\u00e4rjestyst\u00e4 pit\u00e4m\u00e4ss\u00e4, eik\u00e4 poliisiopisto osallistu t\u00e4ll\u00e4 kertaa paraatiin.&nbsp;<\/div>\n<div><img decoding=\"async\" src=\"https:\/\/uusi.kreeta.info\/kreeta\/myimages\/blog_img\/lissun_blogikuvat\/20121109\/_3turvajarjestely.jpg\" alt=\"\" align=\"left\"><\/div>\n<div>&nbsp;<\/div>\n<div>Katsojia on runsaasti, on jopa tungosta, koska nyt on pit\u00e4nyt ahtautua pienemm\u00e4lle alueelle. Paraateja tullaan yleens\u00e4kin katsomaan sankoin joukoin ja perhekunnittain &#8211; ainakin hyv\u00e4n ilman sattuessa -, ja varsinkin lapset ovat riemuissaan t\u00e4st\u00e4 tapahtumasta. On mukavaa katsella paraatia, kuunnella marssimusiikkia, heilutella Kreikan lippua, ja usein voi saada erikoisherkkujakin. Ja meid\u00e4n aikuisten on mukavaa katsella lasten iloa.<\/div>\n<div><img decoding=\"async\" src=\"https:\/\/uusi.kreeta.info\/kreeta\/myimages\/blog_img\/lissun_blogikuvat\/20121109\/_4namia.JPG\" alt=\"\" align=\"left\"><\/div>\n<div>&nbsp;<\/div>\n<div>Arkadi-p\u00e4iv\u00e4 8.11. on muistop\u00e4iv\u00e4 vuoden 1866 tapahtumalle. Tuolloin turkkilaisten raakuuksia Arkadin luostariin paenneet kreetalaiset mieluummin r\u00e4j\u00e4yttiv\u00e4t itsens\u00e4 kuin antautuivat turkkilaisten vangeiksi. P\u00e4iv\u00e4\u00e4 vietet\u00e4\u00e4n vain Rethimnonin l\u00e4\u00e4niss\u00e4, ja se on t\u00e4\u00e4ll\u00e4 pyh\u00e4p\u00e4iv\u00e4, joten kaupat, koulut ja virastot ovat kiinni. Arkadi-p\u00e4iv\u00e4\u00e4n kuuluu kirkonmenojen lis\u00e4ksi paraati, soihtujuoksu Arkadista Rethimnoniin ja urheilukilpailut.<\/div>\n<div><\/div>\n<div>Arkadi-p\u00e4iv\u00e4n aattona on viel\u00e4 auringonpaistetta ja l\u00e4hes +30 astetta l\u00e4mmint\u00e4, mutta iltaa kohden pilvistyy, alkaa ripotella ja y\u00f6ll\u00e4 sataa, tuulee ja ukkostaa. Muistop\u00e4iv\u00e4n aamuna on edelleen kova tuuli, taivas on pilvess\u00e4 ja sataa ripsauttelee, ja l\u00e4mp\u00f6tila on laskenut reilusti alle +20 asteen. Jostain on \u00e4kki\u00e4 kaivettava esiin sukat, umpikeng\u00e4t, pitk\u00e4t housut ja l\u00e4mmin tuulenpit\u00e4v\u00e4 takki, ensimm\u00e4ist\u00e4 kertaa moneen kuukauteen. Onneksi s\u00e4\u00e4 poutaantuu. Paraatissa Arkadi-tanssiryhm\u00e4 kantaa vanhaa lippua, jonka sanotaan olleen luostarissa silloin, kun ruutikellari r\u00e4j\u00e4ytettiin. Osalla tanssiyhdistysten j\u00e4senist\u00e4 on rekvisiittanaan tuon ajan vanhoja aseita.<\/div>\n<div><img decoding=\"async\" src=\"https:\/\/uusi.kreeta.info\/kreeta\/myimages\/blog_img\/lissun_blogikuvat\/20121109\/_5lippu.JPG\" alt=\"\" align=\"left\"><\/div>\n<div>&nbsp;<\/div>\n<div>Katsojia on vain murto-osa verrattuna Ohi-p\u00e4iv\u00e4n paraatiin. Huono s\u00e4\u00e4 ei kuitenkaan haittaa paraatin osallistujia, varsinkaan pienimpi\u00e4, jotka iloisesti hyp\u00e4hdellen yritt\u00e4v\u00e4t pysy\u00e4 marssimusiikin tahdissa. Tiukkoja turvaj\u00e4rjestelyj\u00e4 ei t\u00e4ll\u00e4 kertaa ole.<\/div>\n<div><img decoding=\"async\" src=\"https:\/\/uusi.kreeta.info\/kreeta\/myimages\/blog_img\/lissun_blogikuvat\/20121109\/_6osallistuja.JPG\" alt=\"\" align=\"left\"><\/div>\n<div>&nbsp;<\/div>\n<div>Paraatin j\u00e4lkeen l\u00e4hdet\u00e4\u00e4n usein kaupungille kahville tai muuten vain kuljeskelemaan ja istuskelemaan. Nyt vanhakaupunki on l\u00e4hes autio.<\/div>\n<div><img decoding=\"async\" src=\"https:\/\/uusi.kreeta.info\/kreeta\/myimages\/blog_img\/lissun_blogikuvat\/20121109\/_7kaupunki.JPG\" alt=\"\" align=\"left\"><\/div>\n<div>&nbsp;<\/div>\n<div>Tuuli yltyy, alkaa sataa. Meri velloo harmaana. Y\u00f6ll\u00e4kin merenk\u00e4ynnin kuulee. Valkoisille vuorille sataa todenn\u00e4k\u00f6isesti ensilumi. On ensimm\u00e4inen syysmyrsky.<\/div>\n<div><img decoding=\"async\" src=\"https:\/\/uusi.kreeta.info\/kreeta\/myimages\/blog_img\/lissun_blogikuvat\/20121109\/_8meri.JPG\" alt=\"\" align=\"left\"><\/div>\n","protected":false},"excerpt":{"rendered":"<p>Edellinen kirjoitukseni oli kev\u00e4\u00e4lt\u00e4, kes\u00e4kauden alusta, kansallisp\u00e4iv\u00e4n paraatista. Nyt on syksy, turistikausi loppunut ja taas paraatiaika. T\u00e4ss\u00e4 v\u00e4liss\u00e4, reilun 7 kuukauden aikana, tapahtui monia asioita: yll\u00e4tt\u00e4v\u00e4 ty\u00f6paikan saanti ja sen yht\u00e4 yll\u00e4tt\u00e4v\u00e4 menetys, pitk\u00e4\u00e4n&#46;&#46;&#46;<\/p>\n","protected":false},"author":3,"featured_media":0,"comment_status":"open","ping_status":"open","sticky":false,"template":"","format":"standard","meta":{"_acf_changed":false,"footnotes":""},"categories":[1],"tags":[],"class_list":["post-42","post","type-post","status-publish","format-standard","hentry","category-yleinen"],"acf":[],"_links":{"self":[{"href":"https:\/\/blogit.kreeta.info\/lissunrethimnon\/wp-json\/wp\/v2\/posts\/42","targetHints":{"allow":["GET"]}}],"collection":[{"href":"https:\/\/blogit.kreeta.info\/lissunrethimnon\/wp-json\/wp\/v2\/posts"}],"about":[{"href":"https:\/\/blogit.kreeta.info\/lissunrethimnon\/wp-json\/wp\/v2\/types\/post"}],"author":[{"embeddable":true,"href":"https:\/\/blogit.kreeta.info\/lissunrethimnon\/wp-json\/wp\/v2\/users\/3"}],"replies":[{"embeddable":true,"href":"https:\/\/blogit.kreeta.info\/lissunrethimnon\/wp-json\/wp\/v2\/comments?post=42"}],"version-history":[{"count":0,"href":"https:\/\/blogit.kreeta.info\/lissunrethimnon\/wp-json\/wp\/v2\/posts\/42\/revisions"}],"wp:attachment":[{"href":"https:\/\/blogit.kreeta.info\/lissunrethimnon\/wp-json\/wp\/v2\/media?parent=42"}],"wp:term":[{"taxonomy":"category","embeddable":true,"href":"https:\/\/blogit.kreeta.info\/lissunrethimnon\/wp-json\/wp\/v2\/categories?post=42"},{"taxonomy":"post_tag","embeddable":true,"href":"https:\/\/blogit.kreeta.info\/lissunrethimnon\/wp-json\/wp\/v2\/tags?post=42"}],"curies":[{"name":"wp","href":"https:\/\/api.w.org\/{rel}","templated":true}]}}