{"id":43,"date":"2012-12-06T22:18:15","date_gmt":"2012-12-06T20:18:15","guid":{"rendered":"https:\/\/blogit.kreeta.info\/lissunrethimnon\/syysretkeilya\/"},"modified":"2012-12-06T22:18:15","modified_gmt":"2012-12-06T20:18:15","slug":"syysretkeilya","status":"publish","type":"post","link":"https:\/\/blogit.kreeta.info\/lissunrethimnon\/syysretkeilya\/","title":{"rendered":"Syysretkeily\u00e4"},"content":{"rendered":"<div><b>On Rethimnonin Suomi-koulun ja suomalaisten syysretken aika. T\u00e4n\u00e4 vuonna suuntaamme l\u00e4nteen, Omaloksen seudulle. Olemme vuokranneet bussin, ja noukimme my\u00f6s Hanian suomalaisia matkan varrelta mukaan. T\u00e4ysi bussilastillinen iloisesti p\u00e4lp\u00e4tt\u00e4vi\u00e4 suomalaisia suuntaa retken ensimm\u00e4iseen etappiin &#8211; Furnesiin, Marinakisin veljesten perustamaan kasvitieteelliseen puistoon.<\/b><\/div>\n<div><img decoding=\"async\" src=\"https:\/\/uusi.kreeta.info\/kreeta\/myimages\/blog_img\/lissun_blogikuvat\/20121206\/tn_1bussi.JPG\" alt=\"\" align=\"left\"><\/div>\n<div><\/div>\n<div><\/div>\n<div><\/div>\n<div><\/div>\n<div><\/div>\n<div>&nbsp;<\/div>\n<div>Puiston perustaminen sai alkunsa traagisesta tapahtumasta 2000-luvun alkupuolella. Etel\u00e4myrskyss\u00e4 katkennut s\u00e4hk\u00f6johto aiheutti hallitsemattoman tulipalon, joka poltti maan tasalle niin Marinakisten kotikyl\u00e4n Skordalun kuin sen ymp\u00e4rill\u00e4 olevat viljelm\u00e4t. Yli 60 000 oliivipuuta, suurin osa yli 400 vuotta vanhoja, paloi t\u00e4ysin karrelle. T\u00e4t\u00e4 h\u00e4vityst\u00e4 katsellessaan yksi veljeksist\u00e4 sai idean, ja niinp\u00e4 kasvitieteellinen puisto nousi palaneiden oliiviviljelmien paikalle kuin Feeniks-lintu tuhkasta.<\/div>\n<div><\/div>\n<div>Puistoon saavuttuamme tarjolla on paikallista yrttijuomaa ja hunajaa, ja sen j\u00e4lkeen oppaamme Dimitris Batsakis kertoo hieman puistosta &#8211; ja ei kun kierrokselle.&nbsp;<\/div>\n<div><img decoding=\"async\" src=\"https:\/\/uusi.kreeta.info\/kreeta\/myimages\/blog_img\/lissun_blogikuvat\/20121206\/tn_2kierroksenalku.JPG\" alt=\"\" align=\"left\"><\/div>\n<div>&nbsp;<\/div>\n<div>Suomi-koulun t\u00e4m\u00e4n vuoden Reppu-lehden teemana on Kreetalla kasvavat puut, mutta my\u00f6s moneen muuhun puuhun ja kasviin kiinnit\u00e4mme huomiomme Dimitriksen ohjaamana.<\/div>\n<div><img decoding=\"async\" src=\"https:\/\/uusi.kreeta.info\/kreeta\/myimages\/blog_img\/lissun_blogikuvat\/20121206\/tn_3puita.JPG\" alt=\"\" align=\"left\"><\/div>\n<div>&nbsp;<\/div>\n<div>Oppaaltamme tulee tietoa tuutin t\u00e4ydelt\u00e4, onneksi mieleen j\u00e4\u00e4 muutama t\u00e4rppikin: Kreetan oregano, diktamnus, ja salvia nostavat verenpainetta, valkoinen kalkkimaali on hedelm\u00e4puiden runkojen aurinkosuojavoidetta, eik\u00e4 ole olemassa erikseen vihreiden ja mustien oliivien puita.<\/div>\n<div><img decoding=\"async\" src=\"https:\/\/uusi.kreeta.info\/kreeta\/myimages\/blog_img\/lissun_blogikuvat\/20121206\/tn_4oliivipuu.JPG\" alt=\"\" align=\"left\"><\/div>\n<div>&nbsp;<\/div>\n<div>Kierroksemme kest\u00e4\u00e4 reilut pari tuntia. Koska on jo my\u00f6h\u00e4inen syksy ja ollaan talven kynnyksell\u00e4, moni k\u00e4velyreitin puu ja kasvi on l\u00e4hes lehdet\u00f6n. Mietin, kuinka upeaa t\u00e4\u00e4ll\u00e4 onkaan kev\u00e4\u00e4n vehreydess\u00e4 kukkimisaikaan tai aikaisemmin syksyll\u00e4, kun puut kantavat hedelm\u00e4\u00e4. Mutta kyll\u00e4 t\u00e4m\u00e4kin maisema, vihreyden ja ruskan yhdistelm\u00e4, miellytt\u00e4\u00e4 silm\u00e4\u00e4.<\/div>\n<div><img decoding=\"async\" src=\"https:\/\/uusi.kreeta.info\/kreeta\/myimages\/blog_img\/lissun_blogikuvat\/20121206\/tn_5ruska.JPG\" alt=\"\" align=\"left\"><\/div>\n<div>&nbsp;<\/div>\n<div>Kun kierroksemme p\u00e4\u00e4ttyy puiston tavernaan, alkaa n\u00e4lk\u00e4 jo kurnia mahassa. Tavernan ruokaa on kehuttu hyv\u00e4ksi, mutta me suuntaamme muualle, kauemmas Omaloksen yl\u00e4tasangolle. Olemme sopineet siell\u00e4 sijaitsevan tavernan kanssa, ett\u00e4 voimme tuoda omat ruuat, kunhan tilaamme juomat tavernasta. Suit sait sukkelaan on runsas noutop\u00f6yt\u00e4mme valmis: makaronilaatikkoa, jauhelihapihvej\u00e4, erilaisia piirakoita ja salaatteja, j\u00e4lkiruuaksi hedelmi\u00e4 ja leivonnaisia, mm. marja- ja omenapiirakoita.<\/div>\n<div><img decoding=\"async\" src=\"https:\/\/uusi.kreeta.info\/kreeta\/myimages\/blog_img\/lissun_blogikuvat\/20121206\/tn_6ruokailu.JPG\" alt=\"\" align=\"left\"><\/div>\n<div>&nbsp;<\/div>\n<div>Ruokailun j\u00e4lkeen suuntaamme kunniakonsuli Inge-Majn tiluksille omenia poimimaan. Myrskykelien j\u00e4lkeenkin niit\u00e4 on viel\u00e4 j\u00e4ljell\u00e4, ja ylim\u00e4\u00e4r\u00e4iset pussit ja kassit sek\u00e4 irtohuput ja taskut t\u00e4yttyv\u00e4t nopeasti pullolleen. Paikallista villivihannesta stamnagathia eli piikkiendiivi\u00e4 on monella my\u00f6s pussissaan.<\/div>\n<div><img decoding=\"async\" src=\"https:\/\/uusi.kreeta.info\/kreeta\/myimages\/blog_img\/lissun_blogikuvat\/20121206\/tn_7omenatarhassa.JPG\" alt=\"\" align=\"left\"><\/div>\n<div>&nbsp;<\/div>\n<div>Ilta alkaa jo pikkuhiljaa h\u00e4m\u00e4rt\u00e4\u00e4, kun poikkeamme viel\u00e4 kurkistamaan Samarian rotkoon. Ylh\u00e4\u00e4ll\u00e4 Ksiloskalassa, 1200 metrin korkeudessa, on vain 7 astetta l\u00e4mmint\u00e4.&nbsp;<\/div>\n<div><img decoding=\"async\" src=\"https:\/\/uusi.kreeta.info\/kreeta\/myimages\/blog_img\/lissun_blogikuvat\/20121206\/tn_8kurkistus.JPG\" alt=\"\" align=\"left\"><\/div>\n<div>&nbsp;<\/div>\n<div>Illan jo pimetess\u00e4 palaamme Rethimnoniin tyytyv\u00e4isin mielin, posket ulkoilusta punaisina ja vatsat t\u00e4ynn\u00e4 hyv\u00e4\u00e4 ruokaa. Monen lapsen mielest\u00e4 parasta koko retkess\u00e4 oli &#8211; makaronilaatikko.<\/div>\n<div><\/div>\n","protected":false},"excerpt":{"rendered":"<p>On Rethimnonin Suomi-koulun ja suomalaisten syysretken aika. T\u00e4n\u00e4 vuonna suuntaamme l\u00e4nteen, Omaloksen seudulle. Olemme vuokranneet bussin, ja noukimme my\u00f6s Hanian suomalaisia matkan varrelta mukaan. T\u00e4ysi bussilastillinen iloisesti p\u00e4lp\u00e4tt\u00e4vi\u00e4 suomalaisia suuntaa retken ensimm\u00e4iseen etappiin &#8211;&#46;&#46;&#46;<\/p>\n","protected":false},"author":3,"featured_media":0,"comment_status":"open","ping_status":"open","sticky":false,"template":"","format":"standard","meta":{"_acf_changed":false,"footnotes":""},"categories":[1],"tags":[],"class_list":["post-43","post","type-post","status-publish","format-standard","hentry","category-yleinen"],"acf":[],"_links":{"self":[{"href":"https:\/\/blogit.kreeta.info\/lissunrethimnon\/wp-json\/wp\/v2\/posts\/43","targetHints":{"allow":["GET"]}}],"collection":[{"href":"https:\/\/blogit.kreeta.info\/lissunrethimnon\/wp-json\/wp\/v2\/posts"}],"about":[{"href":"https:\/\/blogit.kreeta.info\/lissunrethimnon\/wp-json\/wp\/v2\/types\/post"}],"author":[{"embeddable":true,"href":"https:\/\/blogit.kreeta.info\/lissunrethimnon\/wp-json\/wp\/v2\/users\/3"}],"replies":[{"embeddable":true,"href":"https:\/\/blogit.kreeta.info\/lissunrethimnon\/wp-json\/wp\/v2\/comments?post=43"}],"version-history":[{"count":0,"href":"https:\/\/blogit.kreeta.info\/lissunrethimnon\/wp-json\/wp\/v2\/posts\/43\/revisions"}],"wp:attachment":[{"href":"https:\/\/blogit.kreeta.info\/lissunrethimnon\/wp-json\/wp\/v2\/media?parent=43"}],"wp:term":[{"taxonomy":"category","embeddable":true,"href":"https:\/\/blogit.kreeta.info\/lissunrethimnon\/wp-json\/wp\/v2\/categories?post=43"},{"taxonomy":"post_tag","embeddable":true,"href":"https:\/\/blogit.kreeta.info\/lissunrethimnon\/wp-json\/wp\/v2\/tags?post=43"}],"curies":[{"name":"wp","href":"https:\/\/api.w.org\/{rel}","templated":true}]}}