{"id":46,"date":"2014-02-10T18:06:26","date_gmt":"2014-02-10T16:06:26","guid":{"rendered":"https:\/\/blogit.kreeta.info\/lissunrethimnon\/100-vuotta\/"},"modified":"2014-02-10T18:06:26","modified_gmt":"2014-02-10T16:06:26","slug":"100-vuotta","status":"publish","type":"post","link":"https:\/\/blogit.kreeta.info\/lissunrethimnon\/100-vuotta\/","title":{"rendered":"100 vuotta"},"content":{"rendered":"<div><b>&#8230;tuntuu olevan siit\u00e4, kun olen viimeksi t\u00e4nne kirjoittanut&#8230; No, ihan niin pitk\u00e4\u00e4n kirjoitushiljaisuus ei ole jatkunut. Siihen on ollut syyns\u00e4, siit\u00e4 ehk\u00e4 my\u00f6hemmin lis\u00e4\u00e4. Mutta &#8211; 100 vuotta on kulunut siit\u00e4, kun Rethimnonissa j\u00e4rjestettiin karnevaalit ensimm\u00e4isen kerran. Nyky\u00e4\u00e4n Rethimnonin karnevaalit ovat Kreetan suurimmat, ja jo koko Kreikan 3. suurimmat heti Patraksen ja Ksanthin karnevaalien j\u00e4lkeen.<\/b><\/div>\n<div><img decoding=\"async\" src=\"https:\/\/uusi.kreeta.info\/kreeta\/myimages\/blog_img\/lissun_blogikuvat\/20140210\/tn_01_100v.jpg\" alt=\"\" align=\"left\"><\/div>\n<div>&nbsp;<\/div>\n<div>Vihjeit\u00e4 karnevaaliajan alkamisesta on ollut kaupunkikuvassa jo jonkin aikaa. Aukioille, puistoihin ja kadunkulmiin on pikkuhiljaa ilmestynyt edellisvuosien rekvisiittaa. Ne ovat suosittuja kuvauskohteita.<\/div>\n<div><img decoding=\"async\" src=\"https:\/\/uusi.kreeta.info\/kreeta\/myimages\/blog_img\/lissun_blogikuvat\/20140210\/tn_02_rekvisiittaa.JPG\" alt=\"\" align=\"left\"><\/div>\n<div>&nbsp;<\/div>\n<div>Karnevaalien mainokset ovat py\u00f6rineet jo pitk\u00e4\u00e4n televisio- ja radiokanavilla. Kylill\u00e4 ja my\u00f6s t\u00e4\u00e4ll\u00e4 kaupungissa on kuultu ja n\u00e4hty erilaisia &#8221;t\u00e4sm\u00e4mainoksia&#8221; kuulutusten ja pienimuotoisten kulkueiden muodossa.&nbsp;<\/div>\n<div><img decoding=\"async\" src=\"https:\/\/uusi.kreeta.info\/kreeta\/myimages\/blog_img\/lissun_blogikuvat\/20140210\/tn_03_ekbombos.JPG\" alt=\"\" align=\"left\"><\/div>\n<div>&nbsp;<\/div>\n<div>T\u00e4m\u00e4n vuoden karnevaalien viralliset avajaiset olivat sunnuntaina 9.2.2014 poikkeuksellisesti venetsialaisessa satamassa totutun kaupungintalon sijaan. V\u00e4ke\u00e4 alkoi ker\u00e4\u00e4nty\u00e4 jo hyviss\u00e4 ajoin satamaan rakennetun esiintymislavan ymp\u00e4rille ja Likion ton Ellinidonin aukiolle rantakadun p\u00e4\u00e4h\u00e4n.<\/div>\n<div><img decoding=\"async\" src=\"https:\/\/uusi.kreeta.info\/kreeta\/myimages\/blog_img\/lissun_blogikuvat\/20140210\/tn_04_porukkaa.JPG\" alt=\"\" align=\"left\"><\/div>\n<div>&nbsp;<\/div>\n<div>Avajaissoihtu saapui purjeveneell\u00e4 satamaan. Kaupunginjohtaja piti avajaispuheen, jossa h\u00e4n muisti my\u00f6s Kefalonian maanj\u00e4ristyksen uhreja ja muistutti, ett\u00e4 koko karnevaalien ajan ker\u00e4t\u00e4\u00e4n rahaa, l\u00e4\u00e4kkeit\u00e4 ja muita tarvikkeita Rethimnoniin perustetulle varatttomien l\u00e4\u00e4k\u00e4riasemalle. Ohjelmassa oli upea ilotulitus, video karnevaalien historiasta (linkki t\u00e4ss\u00e4 <a href=\"http:\/\/rethemnos.gr\/ena-monadiko-vinteo-afieroma-sta-100-chronia-rethemniotiko-karnavali\/\" title=\"\" target=\"_blank\">http:\/\/rethemnos.gr\/ena-monadiko-vinteo-afieroma-sta-100-chronia-rethemniotiko-karnavali\/<\/a>) sek\u00e4 el\u00e4v\u00e4 satakynttil\u00e4inen syntym\u00e4p\u00e4iv\u00e4kakku, jonka paikalliset voimistelijat &#8221;leipoivat&#8221; Likion ton Ellinidonin perustajan Kalliroi Siganu-Parrenin patsaan ymp\u00e4rille. Osa karnevaalijoukkueista piti muotin\u00e4yt\u00f6ksen esitellen t\u00e4m\u00e4nvuotisia karnevaaliasujaan.<\/div>\n<div><img decoding=\"async\" src=\"https:\/\/uusi.kreeta.info\/kreeta\/myimages\/blog_img\/lissun_blogikuvat\/20140210\/tn_05_muotinaytos.JPG\" alt=\"\" align=\"left\"><\/div>\n<div><\/div>\n<div>&nbsp;<\/div>\n<div>Avajaiset p\u00e4\u00e4t<span style=\"font-size: 11pt; line-height: 1.5em;\">tyiv\u00e4t 48 ores (48 tuntia) -b\u00e4ndin konserttiin, joka jatkui pitk\u00e4lle iltaan. N\u00e4in se siis alkoi &#8211; 100-vuotiaan kolmeviikkoinen karnevaalikausi, biletyst\u00e4 vaikka joka p\u00e4iv\u00e4.<\/span><\/div>\n<div><img decoding=\"async\" src=\"https:\/\/uusi.kreeta.info\/kreeta\/myimages\/blog_img\/lissun_blogikuvat\/20140210\/tn_06_konsertti.JPG\" style=\"font-size: 11pt; line-height: 1.5em;\" alt=\"\" align=\"left\">&nbsp;<\/div>\n<div><\/div>\n","protected":false},"excerpt":{"rendered":"<p>&#8230;tuntuu olevan siit\u00e4, kun olen viimeksi t\u00e4nne kirjoittanut&#8230; No, ihan niin pitk\u00e4\u00e4n kirjoitushiljaisuus ei ole jatkunut. Siihen on ollut syyns\u00e4, siit\u00e4 ehk\u00e4 my\u00f6hemmin lis\u00e4\u00e4. Mutta &#8211; 100 vuotta on kulunut siit\u00e4, kun Rethimnonissa j\u00e4rjestettiin&#46;&#46;&#46;<\/p>\n","protected":false},"author":3,"featured_media":0,"comment_status":"open","ping_status":"open","sticky":false,"template":"","format":"standard","meta":{"_acf_changed":false,"footnotes":""},"categories":[1],"tags":[],"class_list":["post-46","post","type-post","status-publish","format-standard","hentry","category-yleinen"],"acf":[],"_links":{"self":[{"href":"https:\/\/blogit.kreeta.info\/lissunrethimnon\/wp-json\/wp\/v2\/posts\/46","targetHints":{"allow":["GET"]}}],"collection":[{"href":"https:\/\/blogit.kreeta.info\/lissunrethimnon\/wp-json\/wp\/v2\/posts"}],"about":[{"href":"https:\/\/blogit.kreeta.info\/lissunrethimnon\/wp-json\/wp\/v2\/types\/post"}],"author":[{"embeddable":true,"href":"https:\/\/blogit.kreeta.info\/lissunrethimnon\/wp-json\/wp\/v2\/users\/3"}],"replies":[{"embeddable":true,"href":"https:\/\/blogit.kreeta.info\/lissunrethimnon\/wp-json\/wp\/v2\/comments?post=46"}],"version-history":[{"count":0,"href":"https:\/\/blogit.kreeta.info\/lissunrethimnon\/wp-json\/wp\/v2\/posts\/46\/revisions"}],"wp:attachment":[{"href":"https:\/\/blogit.kreeta.info\/lissunrethimnon\/wp-json\/wp\/v2\/media?parent=46"}],"wp:term":[{"taxonomy":"category","embeddable":true,"href":"https:\/\/blogit.kreeta.info\/lissunrethimnon\/wp-json\/wp\/v2\/categories?post=46"},{"taxonomy":"post_tag","embeddable":true,"href":"https:\/\/blogit.kreeta.info\/lissunrethimnon\/wp-json\/wp\/v2\/tags?post=46"}],"curies":[{"name":"wp","href":"https:\/\/api.w.org\/{rel}","templated":true}]}}