{"id":47,"date":"2014-03-21T14:29:44","date_gmt":"2014-03-21T12:29:44","guid":{"rendered":"https:\/\/blogit.kreeta.info\/lissunrethimnon\/kevainen-talviviikko\/"},"modified":"2014-03-21T14:29:44","modified_gmt":"2014-03-21T12:29:44","slug":"kevainen-talviviikko","status":"publish","type":"post","link":"https:\/\/blogit.kreeta.info\/lissunrethimnon\/kevainen-talviviikko\/","title":{"rendered":"Kev\u00e4inen talviviikko"},"content":{"rendered":"<div><b>T\u00e4\u00e4ll\u00e4 sanotaan, ett\u00e4 Kreetan talvi kest\u00e4\u00e4 noin 4 viikkoa, mutta ne viikot eiv\u00e4t v\u00e4ltt\u00e4m\u00e4tt\u00e4 ole per\u00e4kk\u00e4in. T\u00e4m\u00e4nvuotiset talvikuukaudet ovat olleet eritt\u00e4in leutoja, maaliskuuhun menness\u00e4 talvisia ilmoja on ollut nippa nappa parin viikon verran. Maaliskuun alkupuolella saatiinkin se kolmas talviviikko &#8211; takatalvi tuli t\u00e4nnekin. Talven loppuviikkoa on ennustettu maalis-huhtikuun vaihteeseen.<\/b><\/div>\n<div>&nbsp;<\/div>\n<div>Naistenp\u00e4iv\u00e4n aattoaamu on kylm\u00e4nkostea, taivas on vet\u00e4ytynyt pilveen ja vett\u00e4 ripsauttelee silloin t\u00e4ll\u00f6in. Kurjasta s\u00e4\u00e4st\u00e4 huolimatta l\u00e4hdemme toista kertaa naistenp\u00e4iv\u00e4n k\u00e4velylle rantakadun p\u00e4\u00e4st\u00e4 p\u00e4\u00e4h\u00e4n. &#8221;Suomalais\u00e4mm\u00e4 ei pient\u00e4 myrsky\u00e4 pelk\u00e4\u00e4!!&#8221;, toteaa t\u00e4\u00e4ll\u00e4 pitk\u00e4\u00e4n asunut suomalaisnainen.<\/div>\n<div><img decoding=\"async\" src=\"https:\/\/uusi.kreeta.info\/kreeta\/myimages\/blog_img\/lissun_blogikuvat\/20140321\/tn_1_kavely.jpg\" alt=\"\" align=\"left\"><\/div>\n<div>&nbsp;<\/div>\n<div>Liikkeell\u00e4 on harvakseltaan muitakin kulkijoita. Joku juoksee koiransa kanssa rannan tuntumassa ja &nbsp;pari uimariakin on uskaltautunut veteen &#8211; naisia tietenkin. Palmut ja muut rantakatua reunustavat puut on karsittu aikaa sitten ja uusi k\u00e4velytien p\u00e4tk\u00e4kin on saanut jo katteen.&nbsp;<\/div>\n<div><img decoding=\"async\" src=\"https:\/\/uusi.kreeta.info\/kreeta\/myimages\/blog_img\/lissun_blogikuvat\/20140321\/tn_2_kavely.JPG\" alt=\"\" align=\"left\"><\/div>\n<div><\/div>\n<div><\/div>\n<div><img decoding=\"async\" src=\"https:\/\/uusi.kreeta.info\/kreeta\/myimages\/blog_img\/lissun_blogikuvat\/20140321\/tn_3_kavely.JPG\" style=\"font-size: 11pt; line-height: 1.5em;\" alt=\"\" align=\"left\">&nbsp;<\/div>\n<div>Karnevaalien rekvisiittaa on viel\u00e4 katukuvassa, osa hotelleista ja kes\u00e4ravintoloista on edelleen talviteloillaan. Ollaan jonkinlaisessa v\u00e4litilassa, kes\u00e4sesongin odotuksessa.&nbsp;<\/div>\n<div><img decoding=\"async\" src=\"https:\/\/uusi.kreeta.info\/kreeta\/myimages\/blog_img\/lissun_blogikuvat\/20140321\/tn_4_kavely.jpg\" alt=\"\" align=\"left\"><\/div>\n<div>&nbsp;<\/div>\n<div>Illansuussa alkaa sade.<\/div>\n<div><\/div>\n<div>Koko viikonlopun myrsky\u00e4\u00e4 ja sataa. P\u00e4iv\u00e4l\u00e4mp\u00f6tilat putoavat +10 asteen tuntumaan, \u00f6isin alle. Sis\u00e4l\u00e4mp\u00f6tila laskee alle +16 asteen toista kertaa t\u00e4m\u00e4n talven aikana. Pihakissoille on laitettava katot nukkumalaatikkojensa p\u00e4\u00e4lle, suojaksi kylm\u00e4lt\u00e4 pohjoistuulelta ja sateen roiskeilta. Undulaatti saa h\u00e4kkins\u00e4 p\u00e4\u00e4lle paksun froteepyyhkeen.<\/div>\n<div><img decoding=\"async\" src=\"https:\/\/uusi.kreeta.info\/kreeta\/myimages\/blog_img\/lissun_blogikuvat\/20140321\/tn_5_kissat.JPG\" alt=\"\" align=\"left\"><\/div>\n<div>&nbsp;<\/div>\n<div>Pihan granaattiomenapuu ty\u00f6nt\u00e4\u00e4 talven leutojen p\u00e4ivien innoittamana punertavia versojaan kohti taivasta, eik\u00e4 siihen t\u00e4m\u00e4 kylm\u00e4 ja tuulinen talvis\u00e4\u00e4 vaikuta. Sitruunapuun kyps\u00e4t hedelm\u00e4t pysyv\u00e4t my\u00f6s tiukasti puussa kiinni, mutta tusinoittain uusia nuppuja varisee aukeamattomana maahan tuulessa ja tuiskussa. Onneksi nuppuja riitt\u00e4\u00e4 ja tulee toivottavasti viel\u00e4 lis\u00e4\u00e4kin.<\/div>\n<div><img decoding=\"async\" src=\"https:\/\/uusi.kreeta.info\/kreeta\/myimages\/blog_img\/lissun_blogikuvat\/20140321\/tn_6_puu.JPG\" alt=\"\" align=\"left\"><\/div>\n<div>&nbsp;<\/div>\n<div>Alkuviikosta pidemm\u00e4t sadejaksot ovat ohitse, mutta edelleen saadaan rajuja, yht\u00e4kkisi\u00e4 kuuroja ja meri velloo mustanpuhuvana. Aurinkokin pilkahtelee taas, mutta kova pohjoistuuli pit\u00e4\u00e4 l\u00e4mp\u00f6tilat alhaalla ja ilman kylm\u00e4n\u00e4. L\u00e4mpim\u00e4t talvivaatteet ovat edelleen tarpeen.<\/div>\n<div><img decoding=\"async\" src=\"https:\/\/uusi.kreeta.info\/kreeta\/myimages\/blog_img\/lissun_blogikuvat\/20140321\/tn_7_meri.JPG\" alt=\"\" align=\"left\"><\/div>\n<div>&nbsp;<\/div>\n<div>Loppuviikosta tuuli tyyntyy ja ilma l\u00e4mpenee taas yli +20 asteeseen. Talviset kelit ovat t\u00e4lt\u00e4 er\u00e4\u00e4 ohi. Lauantaimarkkinoilla myyd\u00e4\u00e4n kasoittain talvivaatteita muutaman euron kappalehintaan. Sitrushedelmien satokausi on parhaimmillaan ja sateitten ansiosta villivihanneksia, hortaa, on myynniss\u00e4 monella tiskill\u00e4.<\/div>\n<div><img decoding=\"async\" src=\"https:\/\/uusi.kreeta.info\/kreeta\/myimages\/blog_img\/lissun_blogikuvat\/20140321\/tn_8_markkinat.JPG\" alt=\"\" align=\"left\"><\/div>\n<div><\/div>\n<div><\/div>\n<div><img decoding=\"async\" src=\"https:\/\/uusi.kreeta.info\/kreeta\/myimages\/blog_img\/lissun_blogikuvat\/20140321\/tn_9_markkinat.jpg\" style=\"font-size: 11pt; line-height: 1.5em;\" alt=\"\" align=\"left\">&nbsp;<\/div>\n<div>Vuoret ovat saaneet taas upean lumipeitteen. Peipponen livert\u00e4\u00e4 l\u00e4hipuussa.<\/div>\n<div><img decoding=\"async\" src=\"https:\/\/uusi.kreeta.info\/kreeta\/myimages\/blog_img\/lissun_blogikuvat\/20140321\/tn_10_lumi.JPG\" alt=\"\" align=\"left\"><\/div>\n","protected":false},"excerpt":{"rendered":"<p>T\u00e4\u00e4ll\u00e4 sanotaan, ett\u00e4 Kreetan talvi kest\u00e4\u00e4 noin 4 viikkoa, mutta ne viikot eiv\u00e4t v\u00e4ltt\u00e4m\u00e4tt\u00e4 ole per\u00e4kk\u00e4in. T\u00e4m\u00e4nvuotiset talvikuukaudet ovat olleet eritt\u00e4in leutoja, maaliskuuhun menness\u00e4 talvisia ilmoja on ollut nippa nappa parin viikon verran. Maaliskuun&#46;&#46;&#46;<\/p>\n","protected":false},"author":3,"featured_media":0,"comment_status":"open","ping_status":"open","sticky":false,"template":"","format":"standard","meta":{"_acf_changed":false,"footnotes":""},"categories":[1],"tags":[],"class_list":["post-47","post","type-post","status-publish","format-standard","hentry","category-yleinen"],"acf":[],"_links":{"self":[{"href":"https:\/\/blogit.kreeta.info\/lissunrethimnon\/wp-json\/wp\/v2\/posts\/47","targetHints":{"allow":["GET"]}}],"collection":[{"href":"https:\/\/blogit.kreeta.info\/lissunrethimnon\/wp-json\/wp\/v2\/posts"}],"about":[{"href":"https:\/\/blogit.kreeta.info\/lissunrethimnon\/wp-json\/wp\/v2\/types\/post"}],"author":[{"embeddable":true,"href":"https:\/\/blogit.kreeta.info\/lissunrethimnon\/wp-json\/wp\/v2\/users\/3"}],"replies":[{"embeddable":true,"href":"https:\/\/blogit.kreeta.info\/lissunrethimnon\/wp-json\/wp\/v2\/comments?post=47"}],"version-history":[{"count":0,"href":"https:\/\/blogit.kreeta.info\/lissunrethimnon\/wp-json\/wp\/v2\/posts\/47\/revisions"}],"wp:attachment":[{"href":"https:\/\/blogit.kreeta.info\/lissunrethimnon\/wp-json\/wp\/v2\/media?parent=47"}],"wp:term":[{"taxonomy":"category","embeddable":true,"href":"https:\/\/blogit.kreeta.info\/lissunrethimnon\/wp-json\/wp\/v2\/categories?post=47"},{"taxonomy":"post_tag","embeddable":true,"href":"https:\/\/blogit.kreeta.info\/lissunrethimnon\/wp-json\/wp\/v2\/tags?post=47"}],"curies":[{"name":"wp","href":"https:\/\/api.w.org\/{rel}","templated":true}]}}