{"id":48,"date":"2014-08-15T09:11:36","date_gmt":"2014-08-15T06:11:36","guid":{"rendered":"https:\/\/blogit.kreeta.info\/lissunrethimnon\/kulttuuria-kulttuuria\/"},"modified":"2017-01-08T09:12:06","modified_gmt":"2017-01-08T07:12:06","slug":"kulttuuria-kulttuuria","status":"publish","type":"post","link":"https:\/\/blogit.kreeta.info\/lissunrethimnon\/kulttuuria-kulttuuria\/","title":{"rendered":"Kulttuuria, kulttuuria"},"content":{"rendered":"<div><span style=\"font-size: 11pt; line-height: 1.5em;\"><b>Rethimnonissa on kulttuuritarjontaa mukavasti pitkin kes\u00e4\u00e4. Varsinkin hein\u00e4-elo-syyskuussa, kes\u00e4festivaalien aikaan, on vaikeaa valita, mit\u00e4 menisi katsomaan<\/b>.\u00a0<\/span><\/div>\n<div><img decoding=\"async\" src=\"https:\/\/uusi.kreeta.info\/kreeta\/myimages\/blog_img\/lissun_blogikuvat\/20140815\/tn_01_esite.jpg\" alt=\"\" \/><\/div>\n<div><\/div>\n<div>Oma taloudellinen tilanteeni sanelee aika paljon menemisi\u00e4ni, joten monta mielenkiintoista esityst\u00e4 j\u00e4\u00e4 t\u00e4n\u00e4 vuonna n\u00e4kem\u00e4tt\u00e4. Mutta onneksi elokuun toiselle viikonlopulle asettunut Vrakoforon-tanssiyhdistyksen musiikki- ja tanssitapahtuma on edelleen ilmainen. T\u00e4n\u00e4 vuonna se oli j\u00e4rjestetty rethimnonilaisen poliitikon ja kansanedustajan Pavlos Vardinojanniksen muistoksi, h\u00e4nen kuolemastaan tuli kuluneeksi 30 vuotta. Vardinojannis oli my\u00f6s Vrakoforon-yhdistyksen perustajaj\u00e4sen.<\/div>\n<div><\/div>\n<div>Kumpanakin iltana ohjelma n\u00e4ytettiin suorana valtakunnallisen Nerit-televisiokanavan kautta. T\u00e4st\u00e4 syyst\u00e4 katsojia kehoitettiinkin sulkemaan matkapuhelimet ja v\u00e4ltt\u00e4m\u00e4\u00e4n salamavalon k\u00e4ytt\u00f6\u00e4 ja &#8211; Kreikassa kun ollaan &#8211; olemaan liikkumatta esityksen aikana paikasta toiseen varsinkin katsomon etuosassa.<\/div>\n<div><img decoding=\"async\" src=\"https:\/\/uusi.kreeta.info\/kreeta\/myimages\/blog_img\/lissun_blogikuvat\/20140815\/tn_02_alku.JPG\" alt=\"\" \/><\/div>\n<div><\/div>\n<div>Lauantain esitys oli musiikkipainotteinen. P\u00e4\u00e4esiintyj\u00e4n\u00e4 oli Kreikan merivoimien sotilassoitto<span style=\"font-size: 11pt; line-height: 1.5em;\">kunta johtajanaan komentajakapteeni Jorgos Tsilimparis. Soittokunta on perustettu vuonna 1881 ja se on osallistunut mm. ensimm\u00e4isten modernien olympialaisten avajaisiin Ateenassa vuonna 1896, Ateenan olympialaisten avajaisiin vuonna 2004 ja samana vuonna my\u00f6s Paralympialaisten p\u00e4\u00e4tt\u00e4j\u00e4isiin, sek\u00e4 kehitysvammaisille j\u00e4rjestett\u00e4vien Special Olympicsien avajaisseremoniaan vuonna 2011 Ateenassa. Soittokunta on p\u00e4iv\u00e4ty\u00f6ns\u00e4 lis\u00e4ksi esiintynyt eri puolilla maailmaa konserteissa sek\u00e4 sotilasmusiikin festivaaleilla. Se on julkaissut 9 levy\u00e4 ja yhden DVD:n.<\/span><\/div>\n<div><img decoding=\"async\" src=\"https:\/\/uusi.kreeta.info\/kreeta\/myimages\/blog_img\/lissun_blogikuvat\/20140815\/tn_03_bandi.JPG\" alt=\"\" \/><\/div>\n<div><\/div>\n<div>Kreetalaisen osuuden solisteina olivat paikallinen muusikko ja liiransoittaja Stelios Bikakis ja h\u00e4nen poikansa, nuori nouseva t\u00e4hti Antonis. Oopperan ja musikaalien sek\u00e4 kreikkalaisten kappaleiden solistiosuudet hoitivat soittokunnan oma baritoni Theodoros Birakos, tenori Stavros Salampasopulos sek\u00e4 sopraanot Evdokia Moisidu ja Niki Haziraki. Vrakoforonin tanssijat h\u00f6ystiv\u00e4t muutamaa kreikkalaista ja kreetalaista kappaletta asianmukaisilla tansseilla.<\/div>\n<div><img decoding=\"async\" src=\"https:\/\/uusi.kreeta.info\/kreeta\/myimages\/blog_img\/lissun_blogikuvat\/20140815\/tn_04_yleis.JPG\" alt=\"\" \/><\/div>\n<div><\/div>\n<div>Konsertti oli kokonaisuudessaan todella hieno. Koskaan aiemmin en ole kuullut kreetalaista musiikkia sovitettuna sotilassoittokunnalle. Varsinkin Nikos Ksiluriksen tunnetuksi tekem\u00e4n kappaleen &#8221;Itane mia fora&#8221; kohdalla kaikki karvat nousivat pystyyn, onhan tuo kappale minulle aina ollut SE kreetalainen biisi.<\/div>\n<div><img decoding=\"async\" src=\"https:\/\/uusi.kreeta.info\/kreeta\/myimages\/blog_img\/lissun_blogikuvat\/20140815\/tn_05_kreetalainen.JPG\" alt=\"\" \/><\/div>\n<div><\/div>\n<div>&#8221;Largo al factotum&#8221; -aariaa Sevillan parturi -oopperasta (tied\u00e4tteh\u00e4n &#8211; Figaro-Figaro-Figaro) sanotaan usein kaikkein vaikeimmaksi kappaleeksi baritonin \u00e4\u00e4nialueelle. Theodoros Birakos lauloi sen todella upeasti ja siin\u00e4 sivussa h\u00e4n parturoi muutaman asiakkaankin.<\/div>\n<div><img decoding=\"async\" src=\"https:\/\/uusi.kreeta.info\/kreeta\/myimages\/blog_img\/lissun_blogikuvat\/20140815\/tn_06_baritoni.JPG\" alt=\"\" \/><\/div>\n<div><\/div>\n<div>Naissolistit eiv\u00e4t t\u00e4ss\u00e4 konsertissa kovin s\u00e4v\u00e4ytt\u00e4v\u00e4\u00e4 vaikutusta tehneet, lieneek\u00f6 syyn\u00e4 huono \u00e4\u00e4nentoisto &#8211; sopraanolla kun on ilman mikrofoniakin korkea ja kantava \u00e4\u00e4ni. Illan t\u00e4hti oli ehdottomasti tenori Stavros Salampasopulos. Duetossa h\u00e4nen kanssaan my\u00f6s sopraano Evdokia Moisidu p\u00e4\u00e4si loistamaan. Salampasopulosta kuultuani ei en\u00e4\u00e4 niin kauhean paljon harmita, ett\u00e4 tenori Mario Franguliksen konsertti j\u00e4\u00e4 todenn\u00e4koisesti v\u00e4liin.<\/div>\n<div><img decoding=\"async\" src=\"https:\/\/uusi.kreeta.info\/kreeta\/myimages\/blog_img\/lissun_blogikuvat\/20140815\/tn_07_solistit.JPG\" alt=\"\" \/><\/div>\n<div><\/div>\n<div>Sunnuntai-ilta oli sitten tanssin ilta. Vieraaksi kutsuttu Likion ton Ellinidon -yhdistys Kalamatasta soitti, lauloi ja tietenkin tanssi oman alueensa tansseja kahdessa eri osioissa. Pid\u00e4n todella paljon kreetalaisista tansseista, mutta on virkist\u00e4v\u00e4\u00e4 katsella v\u00e4lill\u00e4 jotain ihan muuta.<\/div>\n<div><img decoding=\"async\" src=\"https:\/\/uusi.kreeta.info\/kreeta\/myimages\/blog_img\/lissun_blogikuvat\/20140815\/tn_08_kalamata1.JPG\" alt=\"\" \/><\/div>\n<div><\/div>\n<div><img decoding=\"async\" style=\"font-size: 11pt; line-height: 1.5em;\" src=\"https:\/\/uusi.kreeta.info\/kreeta\/myimages\/blog_img\/lissun_blogikuvat\/20140815\/tn_09_kalamata2.JPG\" alt=\"\" \/><\/div>\n<div>Vrako<span style=\"font-size: 11pt; line-height: 1.5em;\">foron esitti perinteisesti kreetalaisia tansseja. Upea nopea pentozalis ilman musiikkia ja Anoijan kyl\u00e4n kastrinos, anoijanos, olivat huippuhetki\u00e4.<\/span><\/div>\n<div><img decoding=\"async\" src=\"https:\/\/uusi.kreeta.info\/kreeta\/myimages\/blog_img\/lissun_blogikuvat\/20140815\/tn_10_kreeta1.JPG\" alt=\"\" \/><\/div>\n<div><\/div>\n<div><img decoding=\"async\" style=\"font-size: 11pt; line-height: 1.5em;\" src=\"https:\/\/uusi.kreeta.info\/kreeta\/myimages\/blog_img\/lissun_blogikuvat\/20140815\/tn_11_kreeta2.JPG\" alt=\"\" \/><\/div>\n<div>Vrakoforonin Rizitiko-ryhm\u00e4 esitti pienen hauskan n\u00e4ytelm\u00e4n, joka kertoi &#8211; kuinkas muuten &#8211; rakkaudesta ja naimakaupoista. Rizitika-laulut ovat mielest\u00e4ni aika yksitoikkoisia ja pitk\u00e4stytt\u00e4vi\u00e4 joikaamisia, mutta n\u00e4ytelm\u00e4n &#8221;kertojan\u00e4\u00e4nen\u00e4&#8221; niit\u00e4 jaksoi kuunnella.<\/div>\n<div><img decoding=\"async\" src=\"https:\/\/uusi.kreeta.info\/kreeta\/myimages\/blog_img\/lissun_blogikuvat\/20140815\/tn_12_rizitika.JPG\" alt=\"\" \/><\/div>\n<div><\/div>\n<div>Ilta p\u00e4\u00e4ttyi esiintyjien yhteistanssiin, jotka olivat hidas pentozalis eli siganos Kreetalta, ja tietenkin kalamatianos Kalamatasta.<\/div>\n<div><img decoding=\"async\" src=\"https:\/\/uusi.kreeta.info\/kreeta\/myimages\/blog_img\/lissun_blogikuvat\/20140815\/tn_13_lopetus.JPG\" alt=\"\" \/><\/div>\n<div><\/div>\n<div>N\u00e4iss\u00e4 pikkukaupungin esityksiss\u00e4 on iloisesti yll\u00e4tt\u00e4v\u00e4\u00e4 se, ett\u00e4 n\u00e4ytt\u00e4m\u00f6ll\u00e4 n\u00e4kyy normaaliel\u00e4m\u00e4st\u00e4 tuttuja kasvoja. Rizitiko-ryhm\u00e4n soololaulaja on pankinjohtaja, jonka kanssa on vaihdettu muutama sana baaritiskin \u00e4\u00e4rell\u00e4. Ja mist\u00e4 tuo pitk\u00e4tukkainen tanssija onkaan tuttu? Ai niin, h\u00e4net olen n\u00e4hnyt kaivinkoneen kahvoissa.<\/div>\n<div><\/div>\n<div><i>Kes\u00e4festivaalin ohjelma : <a title=\"Kes\u00e4festivaalien ohjelma\" href=\"http:\/\/www.rethymnon.biz\/Reth\/event\/summer.htm\" target=\"_blank\">http:\/\/www.rethymnon.biz\/Reth\/event\/summer.htm<\/a><\/i><\/div>\n","protected":false},"excerpt":{"rendered":"<p>Rethimnonissa on kulttuuritarjontaa mukavasti pitkin kes\u00e4\u00e4. Varsinkin hein\u00e4-elo-syyskuussa, kes\u00e4festivaalien aikaan, on vaikeaa valita, mit\u00e4 menisi katsomaan.\u00a0 Oma taloudellinen tilanteeni sanelee aika paljon menemisi\u00e4ni, joten monta mielenkiintoista esityst\u00e4 j\u00e4\u00e4 t\u00e4n\u00e4 vuonna n\u00e4kem\u00e4tt\u00e4. Mutta onneksi elokuun&#46;&#46;&#46;<\/p>\n","protected":false},"author":3,"featured_media":0,"comment_status":"open","ping_status":"open","sticky":false,"template":"","format":"standard","meta":{"_acf_changed":false,"footnotes":""},"categories":[1],"tags":[],"class_list":["post-48","post","type-post","status-publish","format-standard","hentry","category-yleinen"],"acf":[],"_links":{"self":[{"href":"https:\/\/blogit.kreeta.info\/lissunrethimnon\/wp-json\/wp\/v2\/posts\/48","targetHints":{"allow":["GET"]}}],"collection":[{"href":"https:\/\/blogit.kreeta.info\/lissunrethimnon\/wp-json\/wp\/v2\/posts"}],"about":[{"href":"https:\/\/blogit.kreeta.info\/lissunrethimnon\/wp-json\/wp\/v2\/types\/post"}],"author":[{"embeddable":true,"href":"https:\/\/blogit.kreeta.info\/lissunrethimnon\/wp-json\/wp\/v2\/users\/3"}],"replies":[{"embeddable":true,"href":"https:\/\/blogit.kreeta.info\/lissunrethimnon\/wp-json\/wp\/v2\/comments?post=48"}],"version-history":[{"count":2,"href":"https:\/\/blogit.kreeta.info\/lissunrethimnon\/wp-json\/wp\/v2\/posts\/48\/revisions"}],"predecessor-version":[{"id":51,"href":"https:\/\/blogit.kreeta.info\/lissunrethimnon\/wp-json\/wp\/v2\/posts\/48\/revisions\/51"}],"wp:attachment":[{"href":"https:\/\/blogit.kreeta.info\/lissunrethimnon\/wp-json\/wp\/v2\/media?parent=48"}],"wp:term":[{"taxonomy":"category","embeddable":true,"href":"https:\/\/blogit.kreeta.info\/lissunrethimnon\/wp-json\/wp\/v2\/categories?post=48"},{"taxonomy":"post_tag","embeddable":true,"href":"https:\/\/blogit.kreeta.info\/lissunrethimnon\/wp-json\/wp\/v2\/tags?post=48"}],"curies":[{"name":"wp","href":"https:\/\/api.w.org\/{rel}","templated":true}]}}