{"id":53,"date":"2015-12-11T16:34:00","date_gmt":"2015-12-11T14:34:00","guid":{"rendered":"https:\/\/blogit.kreeta.info\/vuosikreetalla\/21-1-2015-suunnittelua\/"},"modified":"2015-12-11T16:34:00","modified_gmt":"2015-12-11T14:34:00","slug":"21-1-2015-suunnittelua","status":"publish","type":"post","link":"https:\/\/blogit.kreeta.info\/vuosikreetalla\/21-1-2015-suunnittelua\/","title":{"rendered":"21.1.2015 Suunnittelua"},"content":{"rendered":"<div class=\"MsoNoSpacing\" data-blogger-escaped-style=\"margin: 0cm 0cm 0pt;\" style=\"font-family: 'Times New Roman'; font-size: medium; line-height: normal; margin: 0cm 0cm 0pt;\">\n<p><font data-blogger-escaped-style=\"font-family: Times, \" times=\"\" new=\"\" roman\",=\"\" serif;\"=\"\" face=\"\" times\"=\"\" ,=\"\" \"times=\"\" roman\"=\"\" serif\"=\"\"><strong>Nyt on vuosi vaihtunut ja voidaan laskea jo viikkoja siihen, kun seikkailumme alle puolen vuoden p\u00e4\u00e4st\u00e4 starttaa! Monenlaista valmistelua on jo tehty, mutta paljon pit\u00e4\u00e4 viel\u00e4 tehd\u00e4: vuorotteluvapaan j\u00e4rjestelyt, menomatkan aikataulut laivayhteyksineen, asunnon vuokraaminen, vakuutusasiat\u2026<o:p><\/o:p><\/strong><\/font><\/p>\n<\/div>\n<p style=\"font-family: 'Times New Roman'; font-size: medium; line-height: normal;\"><font data-blogger-escaped-style=\"font-family: Times, \" times=\"\" new=\"\" roman\",=\"\" serif;\"=\"\" face=\"\" times\"=\"\" ,=\"\" \"times=\"\" roman\"=\"\" serif\"=\"\"><\/font><\/p>\n<div class=\"MsoNoSpacing\" data-blogger-escaped-style=\"margin: 0cm 0cm 0pt;\" style=\"font-family: 'Times New Roman'; font-size: medium; line-height: normal; margin: 0cm 0cm 0pt;\">\n<p><font data-blogger-escaped-style=\"font-family: Times, \" times=\"\" new=\"\" roman\",=\"\" serif;\"=\"\" face=\"\" times\"=\"\" ,=\"\" \"times=\"\" roman\"=\"\" serif\"=\"\">Aivan \u00e4sken otimme yhteytt\u00e4 vuokranantajaamme, jonka kanssa k\u00e4vimme katsomassa asuntoa viime kes\u00e4n\u00e4. Varmistimme tulomme. Viel\u00e4 pit\u00e4\u00e4 selvitt\u00e4\u00e4, kuinka vesi- ja s\u00e4hk\u00f6sopimus tehd\u00e4\u00e4n, ent\u00e4 j\u00e4tehuoltosopimus? Tarvitsemmeko jonkinlaisen kotivakuutuksen, jollainen Suomessa vuokralaisilta yleens\u00e4 vaaditaan?<o:p><\/o:p><\/font><\/p>\n<\/div>\n<p class=\"separator\" data-blogger-escaped-style=\"clear: both; text-align: center;\" style=\"font-family: 'Times New Roman'; font-size: medium; line-height: normal; clear: both; text-align: center;\"><a data-blogger-escaped-style=\"clear: left; float: left; margin-bottom: 1em; margin-right: 1em;\" href=\"http:\/\/4.bp.blogspot.com\/-ecULlt0ukSI\/VL-CYgLmTII\/AAAAAAAAAQQ\/Z_V2ndUsmH4\/s1600\/Kreeta07%2B054.jpg\" imageanchor=\"1\" style=\"clear: left; float: left; margin-bottom: 1em; margin-right: 1em;\"><img loading=\"lazy\" decoding=\"async\" border=\"0\" height=\"240\" src=\"https:\/\/4.bp.blogspot.com\/-ecULlt0ukSI\/VL-CYgLmTII\/AAAAAAAAAQQ\/Z_V2ndUsmH4\/s1600\/Kreeta07%2B054.jpg\" width=\"320\" style=\"cursor: move;\"><\/a><\/p>\n<p style=\"font-family: 'Times New Roman'; font-size: medium; line-height: normal;\"><font data-blogger-escaped-style=\"font-family: Times, \" times=\"\" new=\"\" roman\",=\"\" serif;\"=\"\" face=\"\" times\"=\"\" ,=\"\" \"times=\"\" roman\"=\"\" serif\"=\"\">Suurl\u00e4hetyst\u00f6kin saa nipun kysymyksi\u00e4. Koska olemme Kreikassa yli puoli vuotta, meid\u00e4t katsotaan maahanmuuttajiksi. Autosta ja moottoripy\u00f6r\u00e4st\u00e4 pit\u00e4\u00e4 maksaa veroa ja muutkin veroasiat sumplia, vaikka muut verot maksammekin Suomeen. Pit\u00e4\u00e4k\u00f6 ilmoittautua viranomaisille ja antaa osoitetiedot? Paljon selvi\u00e4\u00e4 netist\u00e4, mutta tarkennuksia kaivataan.<o:p><\/o:p><\/font><\/p>\n<p style=\"font-family: 'Times New Roman'; font-size: medium; line-height: normal;\"><font data-blogger-escaped-style=\"font-family: Times, \" times=\"\" new=\"\" roman\",=\"\" serif;\"=\"\" face=\"\" times\"=\"\" ,=\"\" \"times=\"\" roman\"=\"\" serif\"=\"\"><\/font><\/p>\n<p style=\"font-family: 'Times New Roman'; font-size: medium; line-height: normal;\"><font data-blogger-escaped-style=\"font-family: Times, \" times=\"\" new=\"\" roman\",=\"\" serif;\"=\"\" face=\"\" times\"=\"\" ,=\"\" \"times=\"\" roman\"=\"\" serif\"=\"\">Vuorotteluvapaas\u00e4\u00e4nn\u00f6ksiin tuli muutoksia viime vuonna. Aiemmin riitti kymmenen vuoden ty\u00f6historia, nyky\u00e4\u00e4n vapaalle mieliv\u00e4lt\u00e4 ty\u00f6ntekij\u00e4lt\u00e4 vaaditaan 16 vuotta tehty\u00e4 ty\u00f6t\u00e4. N\u00e4m\u00e4 ehdot t\u00e4yttyv\u00e4t, se on varmistettu jo hyviss\u00e4 ajoin. My\u00f6hemmin kev\u00e4\u00e4ll\u00e4 laaditaan ty\u00f6nantajan kanssa sopimus vuorotteluvapaasta. Sen kanssa l\u00e4hestyt\u00e4\u00e4n omaa ty\u00f6tt\u00f6myyskassaa, joka laskee korvauksen. Sen suuruus on 70 prosenttia siit\u00e4 ty\u00f6tt\u00f6myysp\u00e4iv\u00e4rahasta, jota saisi, jos j\u00e4isi ty\u00f6tt\u00f6m\u00e4ksi ja se on veronalaista tuloa. Ty\u00f6tt\u00f6myysp\u00e4iv\u00e4raha, johon vuorottelukorvaus perustuu, lasketaan niist\u00e4 palkkatuloista, jotka on saanut vuorotteluvapaata edelt\u00e4v\u00e4n 52 viikon ajalta (lis\u00e4tietoja TE-palvelut.fi).<o:p><\/o:p><\/font><\/p>\n<p style=\"font-family: 'Times New Roman'; font-size: medium; line-height: normal;\"><font data-blogger-escaped-style=\"font-family: Times, \" times=\"\" new=\"\" roman\",=\"\" serif;\"=\"\" face=\"\" times\"=\"\" ,=\"\" \"times=\"\" roman\"=\"\" serif\"=\"\"><\/font><\/p>\n<div class=\"MsoNormal\" data-blogger-escaped-style=\"margin: 0cm 0cm 10pt;\" style=\"font-family: 'Times New Roman'; font-size: medium; line-height: normal; margin: 0cm 0cm 10pt;\">\n<p><a data-blogger-escaped-style=\"clear: right; float: right; margin-bottom: 1em; margin-left: 1em;\" href=\"http:\/\/2.bp.blogspot.com\/-yBLIsoysC8Y\/VL-CZtyLlpI\/AAAAAAAAAQo\/BWywvyzWXBU\/s1600\/Kreeta07%2B064.jpg\" imageanchor=\"1\" style=\"clear: right; float: right; margin-bottom: 1em; margin-left: 1em;\"><img loading=\"lazy\" decoding=\"async\" border=\"0\" height=\"320\" src=\"https:\/\/2.bp.blogspot.com\/-yBLIsoysC8Y\/VL-CZtyLlpI\/AAAAAAAAAQo\/BWywvyzWXBU\/s1600\/Kreeta07%2B064.jpg\" width=\"240\" style=\"cursor: move;\"><\/a><font data-blogger-escaped-style=\"font-family: Times, \" times=\"\" new=\"\" roman\",=\"\" serif;\"=\"\" face=\"\" times\"=\"\" ,=\"\" \"times=\"\" roman\"=\"\" serif\"=\"\">Harkinnassa on ottaa b-hepatiittirokotus, joskaan varsinaista riskialuetta Kreeta ei ole. Mutta jos vaikka siell\u00e4 joutuu sairaalahoitoon, on aina pieni riski saada tartunta. Jos EU-maassa sairastuu tilap\u00e4isen oleskelun aikana saa eurooppalaisella sairaanhoitokortilla l\u00e4\u00e4ketieteellisist\u00e4 syist\u00e4 v\u00e4ltt\u00e4m\u00e4t\u00f6nt\u00e4 sairaanhoitoa samoin ehdoin ja kustannuksin kuin maan omat asukkaat. Kelasta voi hakea j\u00e4lkik\u00e4teen korvausta, jos hoidon maksaa itse. Eurooppalaiset kortit on jo hankittu, henkil\u00f6llisyyskortti pit\u00e4nee hakea my\u00f6s, niin ei tarvitse olla aina liikkeell\u00e4 passin kanssa.<o:p><\/o:p><\/font><\/p>\n<\/div>\n<p style=\"font-family: 'Times New Roman'; font-size: medium; line-height: normal;\"><font data-blogger-escaped-style=\"font-family: Times, \" times=\"\" new=\"\" roman\",=\"\" serif;\"=\"\" face=\"\" times\"=\"\" ,=\"\" \"times=\"\" roman\"=\"\" serif\"=\"\"><\/font><\/p>\n<div class=\"MsoNormal\" data-blogger-escaped-style=\"margin: 0cm 0cm 10pt;\" style=\"font-family: 'Times New Roman'; font-size: medium; line-height: normal; margin: 0cm 0cm 10pt;\">\n<p><font data-blogger-escaped-style=\"font-family: Times, \" times=\"\" new=\"\" roman\",=\"\" serif;\"=\"\" face=\"\" times\"=\"\" ,=\"\" \"times=\"\" roman\"=\"\" serif\"=\"\">Toisaalta suunnittelemme hieman yli vuoden oleskelua, joten sekin pit\u00e4\u00e4 selvitt\u00e4\u00e4, voimmeko saada sairaanhoitoa Kreikassa samoin ehdoin kuin muuten. Yli kolmen kuukauden ulkomailla oleskelusta pit\u00e4\u00e4 joka tapauksessa ilmoittaa Kelalle.<o:p><\/o:p><\/font><\/p>\n<\/div>\n<p style=\"font-family: 'Times New Roman'; font-size: medium; line-height: normal;\"><font data-blogger-escaped-style=\"font-family: Times, \" times=\"\" new=\"\" roman\",=\"\" serif;\"=\"\" face=\"\" times\"=\"\" ,=\"\" \"times=\"\" roman\"=\"\" serif\"=\"\"><\/font><\/p>\n<div class=\"MsoNoSpacing\" data-blogger-escaped-style=\"margin: 0cm 0cm 0pt;\" style=\"font-family: 'Times New Roman'; font-size: medium; line-height: normal; margin: 0cm 0cm 0pt;\">\n<p><font data-blogger-escaped-style=\"font-family: Times, \" times=\"\" new=\"\" roman\",=\"\" serif;\"=\"\" face=\"\" times\"=\"\" ,=\"\" \"times=\"\" roman\"=\"\" serif\"=\"\">Koirien matkaa on alettu valmistella jo marraskuussa. Ostimme niille kuonokopat, joita on mallailtu pari kertaa. Totuttelu pit\u00e4\u00e4 aloittaa hyviss\u00e4 ajoin, jotta matkan tuoma stressi ei lis\u00e4\u00e4nny, jos laivalla t\u00e4ytyy k\u00e4ytt\u00e4\u00e4 ep\u00e4miellytt\u00e4v\u00e4\u00e4 varustetta.<o:p><\/o:p><\/font><\/p>\n<\/div>\n<p style=\"font-family: 'Times New Roman'; font-size: medium; line-height: normal;\"><font data-blogger-escaped-style=\"font-family: Times, \" times=\"\" new=\"\" roman\",=\"\" serif;\"=\"\" face=\"\" times\"=\"\" ,=\"\" \"times=\"\" roman\"=\"\" serif\"=\"\"><\/font><\/p>\n<div class=\"MsoNoSpacing\" data-blogger-escaped-style=\"margin: 0cm 0cm 0pt;\" style=\"font-family: 'Times New Roman'; font-size: medium; line-height: normal; margin: 0cm 0cm 0pt;\">\n<p><font data-blogger-escaped-style=\"font-family: Times, \" times=\"\" new=\"\" roman\",=\"\" serif;\"=\"\" face=\"\" times\"=\"\" ,=\"\" \"times=\"\" roman\"=\"\" serif\"=\"\">Cara k\u00e4vi rokotettavana ja saamassa mikrosirun, jonka koodi merkittiin sen uuteen lemmikkipassiin. Nyt on molemmilla koirilla matkustusasiakirjat olemassa.<o:p><\/o:p><\/font><\/p>\n<\/div>\n<p style=\"font-family: 'Times New Roman'; font-size: medium; line-height: normal;\"><font data-blogger-escaped-style=\"font-family: Times, \" times=\"\" new=\"\" roman\",=\"\" serif;\"=\"\" face=\"\" times\"=\"\" ,=\"\" \"times=\"\" roman\"=\"\" serif\"=\"\"><\/font><\/p>\n<div class=\"MsoNoSpacing\" data-blogger-escaped-style=\"margin: 0cm 0cm 0pt;\" style=\"font-family: 'Times New Roman'; font-size: medium; line-height: normal; margin: 0cm 0cm 0pt;\">\n<p><font data-blogger-escaped-style=\"font-family: Times, \" times=\"\" new=\"\" roman\",=\"\" serif;\"=\"\" face=\"\" times\"=\"\" ,=\"\" \"times=\"\" roman\"=\"\" serif\"=\"\">Caralle on tehty py\u00f6r\u00e4ilyvarusteet. Pikku-vanhus ei varmasti jaksa en\u00e4\u00e4 ravata py\u00f6r\u00e4n rinnalla varsinkaan m\u00e4ki\u00e4 yl\u00f6s helteess\u00e4. Siksi minun py\u00f6r\u00e4\u00e4ni on tehty tavarateline ja Caralle varusteltiin py\u00f6r\u00e4n kori. Siin\u00e4 on pehmustettu pohjaosa ja matalat reunukset, jotta tassut eiv\u00e4t lipsu korista ulos. Korin s\u00e4leikk\u00f6 j\u00e4tettiin auki ilmanvaihdon turvaamiseksi, mutta Sarppasella on turvana pussi korin p\u00e4\u00e4ll\u00e4, jotta se ei hypp\u00e4\u00e4 korista pois. P\u00e4\u00e4 j\u00e4\u00e4 n\u00e4kyviin pussin aukosta. My\u00f6s t\u00e4m\u00e4n laitteen k\u00e4ytt\u00f6 vaatii totuttelua ja siksi se tehtiin valmiiksi jo nyt.<o:p><\/o:p><\/font><\/p>\n<\/div>\n<p style=\"font-family: 'Times New Roman'; font-size: medium; line-height: normal;\"><font data-blogger-escaped-style=\"font-family: Times, \" times=\"\" new=\"\" roman\",=\"\" serif;\"=\"\" face=\"\" times\"=\"\" ,=\"\" \"times=\"\" roman\"=\"\" serif\"=\"\"><\/font><\/p>\n<div class=\"MsoNormal\" data-blogger-escaped-style=\"margin: 0cm 0cm 10pt;\" style=\"font-family: 'Times New Roman'; font-size: medium; line-height: normal; margin: 0cm 0cm 10pt;\">\n<p><font data-blogger-escaped-style=\"font-family: Times, \" times=\"\" new=\"\" roman\",=\"\" serif;\"=\"\" face=\"\" times\"=\"\" ,=\"\" \"times=\"\" roman\"=\"\" serif\"=\"\">Monenlaista siis on viel\u00e4 selvitett\u00e4v\u00e4 ja teht\u00e4v\u00e4 ennen kuin voimme hyp\u00e4t\u00e4 autoon ja l\u00e4hte\u00e4 matkaan!<o:p><\/o:p><\/font><\/p>\n<\/div>\n<p style=\"font-family: 'Times New Roman'; font-size: medium; line-height: normal;\"><\/p>\n<p class=\"separator\" data-blogger-escaped-style=\"clear: both; text-align: center;\" style=\"font-family: 'Times New Roman'; font-size: medium; line-height: normal; clear: both; text-align: center;\"><a data-blogger-escaped-style=\"margin-left: 1em; margin-right: 1em;\" href=\"http:\/\/2.bp.blogspot.com\/-orgh51IwK_0\/VL-CVnxU52I\/AAAAAAAAAPY\/E8vAMNBqYB8\/s1600\/2172010_1858.jpg\" imageanchor=\"1\" style=\"margin-left: 1em; margin-right: 1em;\"><img loading=\"lazy\" decoding=\"async\" border=\"0\" height=\"213\" src=\"https:\/\/2.bp.blogspot.com\/-orgh51IwK_0\/VL-CVnxU52I\/AAAAAAAAAPY\/E8vAMNBqYB8\/s1600\/2172010_1858.jpg\" width=\"320\" style=\"cursor: move;\"><\/a><\/p>\n<p class=\"separator\" data-blogger-escaped-style=\"clear: both; text-align: center;\" style=\"font-family: 'Times New Roman'; font-size: medium; line-height: normal; clear: both; text-align: center;\"><\/p>\n<p class=\"MsoNoSpacing\">Kreetalta: &nbsp;&nbsp;&nbsp;&nbsp;&nbsp;&nbsp;&nbsp; Jyk\u00e4<br \/>\nja Lissu<o:p><\/o:p><\/p>\n<p class=\"MsoNoSpacing\"><\/p>\n<p class=\"MsoNoSpacing\">Dafni-bokserin seikkailut Kreetalla: <a href=\"http:\/\/koiramainenkreikkakeikka.blogspot.fi\/\">http:\/\/koiramainenkreikkakeikka.blogspot.fi\/<\/a><br \/>\n<o:p><\/o:p><\/p>\n<p class=\"separator\" data-blogger-escaped-style=\"clear: both; text-align: center;\" style=\"font-family: 'Times New Roman'; font-size: medium; line-height: normal; clear: both;\">\n<p class=\"MsoNoSpacing\">Kreikan-matkailua meid\u00e4n silmin: <a href=\"http:\/\/tavernaikosi.blogspot.fi\/\">http:\/\/tavernaikosi.blogspot.fi\/<\/a> <o:p><\/o:p><\/p>\n","protected":false},"excerpt":{"rendered":"<p>Nyt on vuosi vaihtunut ja voidaan laskea jo viikkoja siihen, kun seikkailumme alle puolen vuoden p\u00e4\u00e4st\u00e4 starttaa! Monenlaista valmistelua on jo tehty, mutta paljon pit\u00e4\u00e4 viel\u00e4 tehd\u00e4: vuorotteluvapaan j\u00e4rjestelyt, menomatkan aikataulut laivayhteyksineen, asunnon vuokraaminen,&#46;&#46;&#46;<\/p>\n","protected":false},"author":4,"featured_media":0,"comment_status":"open","ping_status":"open","sticky":false,"template":"","format":"standard","meta":{"_acf_changed":false,"footnotes":""},"categories":[1],"tags":[],"class_list":["post-53","post","type-post","status-publish","format-standard","hentry","category-yleinen"],"acf":[],"_links":{"self":[{"href":"https:\/\/blogit.kreeta.info\/vuosikreetalla\/wp-json\/wp\/v2\/posts\/53","targetHints":{"allow":["GET"]}}],"collection":[{"href":"https:\/\/blogit.kreeta.info\/vuosikreetalla\/wp-json\/wp\/v2\/posts"}],"about":[{"href":"https:\/\/blogit.kreeta.info\/vuosikreetalla\/wp-json\/wp\/v2\/types\/post"}],"author":[{"embeddable":true,"href":"https:\/\/blogit.kreeta.info\/vuosikreetalla\/wp-json\/wp\/v2\/users\/4"}],"replies":[{"embeddable":true,"href":"https:\/\/blogit.kreeta.info\/vuosikreetalla\/wp-json\/wp\/v2\/comments?post=53"}],"version-history":[{"count":0,"href":"https:\/\/blogit.kreeta.info\/vuosikreetalla\/wp-json\/wp\/v2\/posts\/53\/revisions"}],"wp:attachment":[{"href":"https:\/\/blogit.kreeta.info\/vuosikreetalla\/wp-json\/wp\/v2\/media?parent=53"}],"wp:term":[{"taxonomy":"category","embeddable":true,"href":"https:\/\/blogit.kreeta.info\/vuosikreetalla\/wp-json\/wp\/v2\/categories?post=53"},{"taxonomy":"post_tag","embeddable":true,"href":"https:\/\/blogit.kreeta.info\/vuosikreetalla\/wp-json\/wp\/v2\/tags?post=53"}],"curies":[{"name":"wp","href":"https:\/\/api.w.org\/{rel}","templated":true}]}}