{"id":56,"date":"2015-12-11T17:06:43","date_gmt":"2015-12-11T15:06:43","guid":{"rendered":"https:\/\/blogit.kreeta.info\/vuosikreetalla\/17-5-2015-varustelu-kiihtyy\/"},"modified":"2015-12-11T17:06:43","modified_gmt":"2015-12-11T15:06:43","slug":"17-5-2015-varustelu-kiihtyy","status":"publish","type":"post","link":"https:\/\/blogit.kreeta.info\/vuosikreetalla\/17-5-2015-varustelu-kiihtyy\/","title":{"rendered":"17.5.2015 Varustelu kiihtyy!"},"content":{"rendered":"<p><\/p>\n<div><\/div>\n<div>\n<p class=\"separator\" data-blogger-escaped-style=\"clear: both; text-align: center;\" style=\"font-family: 'Times New Roman'; font-size: medium; line-height: normal; clear: both; text-align: center;\"><a data-blogger-escaped-style=\"clear: left; float: left; margin-bottom: 1em; margin-right: 1em; text-align: center;\" href=\"http:\/\/4.bp.blogspot.com\/-D6b40cLgVQ4\/VVjgBOEeEpI\/AAAAAAAAAcc\/wYWqoaauVLo\/s1600\/20150517_203502.jpg\" imageanchor=\"1\" style=\"clear: left; float: left; margin-bottom: 1em; margin-right: 1em;\"><img loading=\"lazy\" decoding=\"async\" border=\"0\" height=\"150\" src=\"https:\/\/4.bp.blogspot.com\/-D6b40cLgVQ4\/VVjgBOEeEpI\/AAAAAAAAAcc\/wYWqoaauVLo\/s200\/20150517_203502.jpg\" width=\"200\" style=\"cursor: move;\"><\/a><\/p>\n<p style=\"font-family: 'Times New Roman'; font-size: medium; line-height: normal;\"><font data-blogger-escaped-style=\"font-family: Times, Times New Roman, serif;\" face=\"\" times\"=\"\" ,=\"\" \"times=\"\" new=\"\" roman\"=\"\" serif\"=\"\">Yht\u00e4kki\u00e4 l\u00e4ht\u00f6\u00f6n onkin en\u00e4\u00e4 kaksi viikkoa! Tavarakasa kasvaa. Mukaan l\u00e4htee paljon vaatetta, vaikka sit\u00e4 osastoa t\u00e4ydennet\u00e4\u00e4n varmasti perill\u00e4. Kes\u00e4vaatteista on jo edellisten reissujen osalta varsin hyv\u00e4 k\u00e4sitys: esimerkiksi Suomessa hyvin toimivat T-paidat voivat Kreetan kes\u00e4ss\u00e4 olla aivan liian paksuja. Shortseja pitempi\u00e4 housuja ei niiss\u00e4 oloissa jaksa edes harkita. Jo nyt, toukokuussa, Kreetalla mitataan kolmenkymmenen asteen l\u00e4mp\u00f6tiloja.<\/font><\/p>\n<p style=\"font-family: 'Times New Roman'; font-size: medium; line-height: normal;\"><font data-blogger-escaped-style=\"font-family: Times, Times New Roman, serif;\" face=\"\" times\"=\"\" ,=\"\" \"times=\"\" new=\"\" roman\"=\"\" serif\"=\"\"><br \/><\/font><font data-blogger-escaped-style=\"font-family: Times, Times New Roman, serif;\" face=\"\" times\"=\"\" ,=\"\" \"times=\"\" new=\"\" roman\"=\"\" serif\"=\"\"><br \/><\/font><font data-blogger-escaped-style=\"font-family: Times, Times New Roman, serif;\" face=\"\" times\"=\"\" ,=\"\" \"times=\"\" new=\"\" roman\"=\"\" serif\"=\"\">Toisaalta talviaatteista ei ole oikein mit\u00e4\u00e4n mielikuvaa. Onko parasta pukeutua Suomen kes\u00e4n viileimpien p\u00e4ivien mukaan, vai alkaako l\u00e4mpim\u00e4\u00e4n tottunutta palella jo alle kahdessakympiss\u00e4? Paikalliset n\u00e4ytt\u00e4v\u00e4t talvisissa kuvissa pukeutuvan toppatakkeihin, vaikka aurinko paistaa. Viime talvena Kreetallakin satoi lunta etel\u00e4isint\u00e4 rannikkoa my\u00f6ten. Otamme siis ainakin tuuli- ja kevyttoppapuvut. Mutta tarvitaanko kumisaappaita?<\/font><\/p>\n<p style=\"font-family: 'Times New Roman'; font-size: medium; line-height: normal;\"><font data-blogger-escaped-style=\"font-family: Times, Times New Roman, serif;\" face=\"\" times\"=\"\" ,=\"\" \"times=\"\" new=\"\" roman\"=\"\" serif\"=\"\"><br \/><\/font><\/p>\n<p style=\"font-family: 'Times New Roman'; font-size: medium; line-height: normal;\">?<\/p>\n<table align=\"center\" cellpadding=\"0\" cellspacing=\"0\" class=\"tr-caption-container\" data-blogger-escaped-style=\"float: left; margin-right: 1em; text-align: left;\" style=\"padding: 6px; margin-bottom: 0.5em; font-family: 'Times New Roman'; float: left; margin-right: 1em;\">\n<tbody>\n<tr>\n<td data-blogger-escaped-style=\"text-align: center;\" style=\"text-align: center;\">\n<p><a data-blogger-escaped-style=\"margin-left: auto; margin-right: auto; text-align: center;\" href=\"http:\/\/3.bp.blogspot.com\/-4u4CklcpIRU\/VV34SNtnrWI\/AAAAAAAAAdI\/LrdBh3LqE0Y\/s1600\/20150111_110101.jpg\" imageanchor=\"1\" style=\"margin-left: auto; margin-right: auto;\"><font data-blogger-escaped-style=\"font-family: Times, Times New Roman, serif;\" face=\"\" times\"=\"\" ,=\"\" \"times=\"\" new=\"\" roman\"=\"\" serif\"=\"\"><img loading=\"lazy\" decoding=\"async\" border=\"0\" height=\"300\" src=\"https:\/\/3.bp.blogspot.com\/-4u4CklcpIRU\/VV34SNtnrWI\/AAAAAAAAAdI\/LrdBh3LqE0Y\/s400\/20150111_110101.jpg\" width=\"400\" style=\"cursor: move;\"><\/font><\/a><\/p>\n<\/td>\n<\/tr>\n<tr>\n<td class=\"tr-caption\" data-blogger-escaped-style=\"text-align: center;\" style=\"font-size: 12.8px; padding-top: 4px; text-align: center;\">\n<p><font data-blogger-escaped-style=\"font-family: inherit;\" face=\"inherit\">Tarvitaanko Kreetalle<\/font><\/p>\n<p><font data-blogger-escaped-style=\"font-family: inherit;\" face=\"inherit\">mukaan villapuseroita?<\/font><\/p>\n<\/td>\n<\/tr>\n<\/tbody>\n<\/table>\n<p style=\"font-family: 'Times New Roman'; font-size: medium; line-height: normal;\"><font data-blogger-escaped-style=\"font-family: Times, Times New Roman, serif;\" face=\"\" times\"=\"\" ,=\"\" \"times=\"\" new=\"\" roman\"=\"\" serif\"=\"\"><br \/><\/font><a data-blogger-escaped-style=\"clear: right; float: right; margin-bottom: 1em; margin-left: 1em; text-align: center;\" href=\"http:\/\/3.bp.blogspot.com\/-vlgkXGH_MEM\/VV34bNhRmYI\/AAAAAAAAAdQ\/3l3aHDKHFt4\/s1600\/20150111_110058.jpg\" imageanchor=\"1\" style=\"clear: right; float: right; margin-bottom: 1em; margin-left: 1em; text-align: center;\"><font data-blogger-escaped-style=\"font-family: Times, Times New Roman, serif;\" face=\"\" times\"=\"\" ,=\"\" \"times=\"\" new=\"\" roman\"=\"\" serif\"=\"\"><br \/><\/font><\/a><\/p>\n<p class=\"separator\" data-blogger-escaped-style=\"clear: both; text-align: center;\" style=\"font-family: 'Times New Roman'; font-size: medium; line-height: normal; clear: both; text-align: center;\"><a data-blogger-escaped-style=\"clear: right; float: right; margin-bottom: 1em; margin-left: 1em; text-align: center;\" href=\"http:\/\/3.bp.blogspot.com\/-vlgkXGH_MEM\/VV34bNhRmYI\/AAAAAAAAAdQ\/3l3aHDKHFt4\/s1600\/20150111_110058.jpg\" imageanchor=\"1\" style=\"clear: right; float: right; margin-bottom: 1em; margin-left: 1em;\"><font data-blogger-escaped-style=\"font-family: Times, Times New Roman, serif;\" face=\"\" times\"=\"\" ,=\"\" \"times=\"\" new=\"\" roman\"=\"\" serif\"=\"\"><img loading=\"lazy\" decoding=\"async\" border=\"0\" height=\"240\" src=\"https:\/\/3.bp.blogspot.com\/-vlgkXGH_MEM\/VV34bNhRmYI\/AAAAAAAAAdQ\/3l3aHDKHFt4\/s320\/20150111_110058.jpg\" width=\"320\" style=\"cursor: move;\"><\/font><\/a><\/p>\n<p style=\"font-family: 'Times New Roman'; font-size: medium; line-height: normal;\"><font data-blogger-escaped-style=\"font-family: Times, Times New Roman, serif;\" face=\"\" times\"=\"\" ,=\"\" \"times=\"\" new=\"\" roman\"=\"\" serif\"=\"\">Moottoripy\u00f6r\u00e4asut pakataan mukaan. Kun kerran niiss\u00e4 tarkenee hyvin Suomen kes\u00e4ss\u00e4, voi Kreetalla talviajelu olla mukavaa nahkapuvuissa. Kevyemm\u00e4t kyp\u00e4r\u00e4t ja ajoasut pit\u00e4\u00e4 hankkia paikan p\u00e4\u00e4lt\u00e4. Tavallisesti ajelemme vuokrakyp\u00e4riss\u00e4 ja ilman varsinaista mp-asua. Nyt satsataan turvallisuuteen siin\u00e4kin sitten enemm\u00e4n, sill\u00e4 kilometrej\u00e4 ja erilaisia olosuhteita tulee varmasti vastaan eri tavalla kuin parin viikon kes\u00e4lomalla.<\/font><\/p>\n<p style=\"font-family: 'Times New Roman'; font-size: medium; line-height: normal;\"><font data-blogger-escaped-style=\"font-family: Times, Times New Roman, serif;\" face=\"\" times\"=\"\" ,=\"\" \"times=\"\" new=\"\" roman\"=\"\" serif\"=\"\"><br \/><\/font><font data-blogger-escaped-style=\"font-family: Times, Times New Roman, serif;\" face=\"\" times\"=\"\" ,=\"\" \"times=\"\" new=\"\" roman\"=\"\" serif\"=\"\"><br \/><\/font><font data-blogger-escaped-style=\"font-family: Times, Times New Roman, serif;\" face=\"\" times\"=\"\" ,=\"\" \"times=\"\" new=\"\" roman\"=\"\" serif\"=\"\">Pakaaseihin otetaan jonkin verran kirjallisuutta ja esimerkiksi t\u00e4htikaukoputki. Jo vuosia olemme haaveilleet, ett\u00e4 p\u00e4\u00e4sisip\u00e4 kaukoputkea k\u00e4yttelem\u00e4\u00e4n olosuhteissa, joissa olisi pime\u00e4\u00e4 ja l\u00e4mmint\u00e4! Suomessa kun t\u00e4hti\u00e4 ei kes\u00e4ll\u00e4 voi n\u00e4hd\u00e4, ja talvella parhailla t\u00e4htikirkkailla on aivan tolkuttoman kylm\u00e4. Kamera-arsenaalikin on luonnollisesti mukana, eik\u00e4 se j\u00e4\u00e4 yhteen tai kahteen.<\/font><\/p>\n<p style=\"font-family: 'Times New Roman'; font-size: medium; line-height: normal;\"><font data-blogger-escaped-style=\"font-family: Times, Times New Roman, serif;\" face=\"\" times\"=\"\" ,=\"\" \"times=\"\" new=\"\" roman\"=\"\" serif\"=\"\"><br \/><\/font><font data-blogger-escaped-style=\"font-family: Times, Times New Roman, serif;\" face=\"\" times\"=\"\" ,=\"\" \"times=\"\" new=\"\" roman\"=\"\" serif\"=\"\">Aiomme ottaa mukaan joitakin taloustarvikkeitakin, vaikka asunto odottaa meit\u00e4 kalustettuna. Emme ole lomareissuilla huomanneet katsoa, onko kaupoissa saatavana pussilakanoita. Hotellit ainakin k\u00e4ytt\u00e4v\u00e4t vain lakana-huopa-yhdistelm\u00e4\u00e4. Ja miten se oli sen juustoh\u00f6yl\u00e4n kanssa? Se kai on ihan suomalainen juttu? Ent\u00e4p\u00e4 tiskiharja?<\/font><\/p>\n<p style=\"font-family: 'Times New Roman'; font-size: medium; line-height: normal;\"><font data-blogger-escaped-style=\"font-family: Times, Times New Roman, serif;\" face=\"\" times\"=\"\" ,=\"\" \"times=\"\" new=\"\" roman\"=\"\" serif\"=\"\"><br \/><\/font><\/p>\n<table cellpadding=\"0\" cellspacing=\"0\" class=\"tr-caption-container\" data-blogger-escaped-style=\"float: left; margin-right: 1em; text-align: left;\" style=\"padding: 6px; margin-bottom: 0.5em; font-family: 'Times New Roman'; float: left; margin-right: 1em;\">\n<tbody>\n<tr>\n<td data-blogger-escaped-style=\"text-align: center;\" style=\"text-align: center;\">\n<p><a data-blogger-escaped-style=\"clear: left; margin-bottom: 1em; margin-left: auto; margin-right: auto; text-align: center;\" href=\"http:\/\/4.bp.blogspot.com\/-jXXJctwG-Cw\/VV34tg-eHvI\/AAAAAAAAAdY\/SgPogtWLfCI\/s1600\/20150315_163014.jpg\" imageanchor=\"1\" style=\"clear: left; margin-bottom: 1em; margin-left: auto; margin-right: auto;\"><img loading=\"lazy\" decoding=\"async\" border=\"0\" height=\"150\" src=\"https:\/\/4.bp.blogspot.com\/-jXXJctwG-Cw\/VV34tg-eHvI\/AAAAAAAAAdY\/SgPogtWLfCI\/s200\/20150315_163014.jpg\" width=\"200\" style=\"cursor: move;\"><\/a><\/p>\n<\/td>\n<\/tr>\n<tr>\n<td class=\"tr-caption\" data-blogger-escaped-style=\"text-align: center;\" style=\"font-size: 12.8px; padding-top: 4px; text-align: center;\">\n<p><font data-blogger-escaped-style=\"font-family: inherit;\" face=\"inherit\">Moottoripy\u00f6r\u00e4\u00e4 sovitetaan per\u00e4k\u00e4rryyn<\/font><\/p>\n<\/td>\n<\/tr>\n<\/tbody>\n<\/table>\n<p style=\"font-family: 'Times New Roman'; font-size: medium; line-height: normal;\"><font data-blogger-escaped-style=\"font-family: Times, Times New Roman, serif;\" face=\"\" times\"=\"\" ,=\"\" \"times=\"\" new=\"\" roman\"=\"\" serif\"=\"\">Ty\u00f6kalujakin ihan varmasti tarvitaan: ilman poraa ja ruuvimeisselisarjaa ei voi kuvitella selvi\u00e4v\u00e4ns\u00e4 mist\u00e4\u00e4n muutosta.Oma lukunsa on auton ja per\u00e4k\u00e4rryn huoltoon varustautuminen: mukana on lamppusarjat ja varalaakerit per\u00e4k\u00e4rryn renkaisiin. K\u00e4rryn renkaat my\u00f6s tasapainotettiin, jotta eiv\u00e4t ep\u00e4tasapainoiset renkaat rasittaisi pitk\u00e4ll\u00e4 matkalla laakereita.<\/font><\/p>\n<p style=\"font-family: 'Times New Roman'; font-size: medium; line-height: normal;\"><font data-blogger-escaped-style=\"font-family: Times, Times New Roman, serif;\" face=\"\" times\"=\"\" ,=\"\" \"times=\"\" new=\"\" roman\"=\"\" serif\"=\"\"><br \/><\/font><font data-blogger-escaped-style=\"font-family: Times, Times New Roman, serif;\" face=\"\" times\"=\"\" ,=\"\" \"times=\"\" new=\"\" roman\"=\"\" serif\"=\"\"><br \/><\/font><font data-blogger-escaped-style=\"font-family: Times, Times New Roman, serif;\" face=\"\" times\"=\"\" ,=\"\" \"times=\"\" new=\"\" roman\"=\"\" serif\"=\"\">Laukkuihin pit\u00e4\u00e4 mahduttaa viel\u00e4 koirien l\u00e4\u00e4kkeet, Lissun allergial\u00e4\u00e4kkeet ja&nbsp;roppia vatsatautia ja s\u00e4rky\u00e4 vastaan ainakin menomatkalle. My\u00f6hemmin joutuu opettelemaan paikallisen apteekin valikoimiin, sill\u00e4 tutuillakin l\u00e4\u00e4kkeill\u00e4 on eri nimet eri maissa.<\/font><\/p>\n<p style=\"font-family: 'Times New Roman'; font-size: medium; line-height: normal;\"><font data-blogger-escaped-style=\"font-family: Times, Times New Roman, serif;\" face=\"\" times\"=\"\" ,=\"\" \"times=\"\" new=\"\" roman\"=\"\" serif\"=\"\"><br \/><\/font><font data-blogger-escaped-style=\"font-family: Times, Times New Roman, serif;\" face=\"\" times\"=\"\" ,=\"\" \"times=\"\" new=\"\" roman\"=\"\" serif\"=\"\">Viikkoa ennen l\u00e4ht\u00f6\u00e4 aletaan ottaa maitohappobakteerilis\u00e4\u00e4, jotta vatsa sopeutusi uusiin bakteereihin matkatessamme l\u00e4pi Euroopan. Olemme niinik\u00e4\u00e4n napsineet &#8221;aurinkotabletteja&#8221; jo viikon ajan. Konsti palamista vastaan on havaittu hyv\u00e4ksi aiemmilla matkoilla: beetakaroteenilataus auttaa ruskettumaan nopeasti ja punaiseksi k\u00e4rv\u00e4ht\u00e4miselt\u00e4 v\u00e4lttyy helpommin. Mitenk\u00e4h\u00e4n lienee t\u00e4ll\u00e4 kertaa, kun aurinkoa ei ole saatu Suomessa viel\u00e4 ollenkaan? S\u00e4\u00e4tietojen tarkastelu n\u00e4ytt\u00e4\u00e4, ett\u00e4 kes\u00e4 on vastassa heti It\u00e4meren j\u00e4lkeen.<\/font><\/p>\n<p style=\"font-family: 'Times New Roman'; font-size: medium; line-height: normal;\"><a data-blogger-escaped-style=\"margin-left: 1em; margin-right: 1em; text-align: center;\" href=\"http:\/\/4.bp.blogspot.com\/-ZqawWLQwfWc\/VVjgeAOo0ZI\/AAAAAAAAAck\/zUwKeQ21gz4\/s1600\/Kev%C3%A4t%2B2015%2B053.jpg\" imageanchor=\"1\" style=\"margin-left: 1em; margin-right: 1em; text-align: center;\"><font data-blogger-escaped-style=\"font-family: Times, Times New Roman, serif;\" face=\"\" times\"=\"\" ,=\"\" \"times=\"\" new=\"\" roman\"=\"\" serif\"=\"\"><img loading=\"lazy\" decoding=\"async\" border=\"0\" height=\"212\" src=\"https:\/\/4.bp.blogspot.com\/-ZqawWLQwfWc\/VVjgeAOo0ZI\/AAAAAAAAAck\/zUwKeQ21gz4\/s320\/Kev%C3%A4t%2B2015%2B053.jpg\" width=\"320\" style=\"cursor: move;\"><\/font><\/a><\/p>\n<p style=\"font-family: 'Times New Roman'; font-size: medium; line-height: normal;\"><font data-blogger-escaped-style=\"font-family: Times, Times New Roman, serif;\" face=\"\" times\"=\"\" ,=\"\" \"times=\"\" new=\"\" roman\"=\"\" serif\"=\"\">Ajoneuvojen asiapapereita on ker\u00e4tty kansioon tulevaa rekister\u00f6intirumbaa varten. Ihan heti ei kohteessa koita loma: Jyrki on jo listannut j\u00e4rjestykseen tullit, poliisit, pankit ja verovirastot, joissa meid\u00e4n pit\u00e4\u00e4 k\u00e4yd\u00e4 ilmoittautumassa. Ja kotimaassa on pit\u00e4nyt peruuttaa tai muuttaa digiversioiksi lehtitilaukset, vakiolaskutukset ym. Osoitteenmuutos odottaa p\u00e4ivitt\u00e4mist\u00e4. Se olisi tehty jo aiemmin, mutta Suomen postipas ei ota vastaan muuttoilmoitusta yli kuukautta etuk\u00e4teen!<\/font><\/p>\n<table align=\"center\" cellpadding=\"0\" cellspacing=\"0\" class=\"tr-caption-container\" data-blogger-escaped-style=\"margin-left: auto; margin-right: auto; text-align: center;\" style=\"padding: 6px; margin-bottom: 0.5em; font-family: 'Times New Roman'; margin-left: auto; margin-right: auto; text-align: center;\">\n<tbody>\n<tr>\n<td data-blogger-escaped-style=\"text-align: center;\">\n<p><a data-blogger-escaped-style=\"margin-left: auto; margin-right: auto; text-align: center;\" href=\"http:\/\/1.bp.blogspot.com\/-QHRwXIdE-U0\/VV345jm_53I\/AAAAAAAAAdg\/f4C7s_4QqM0\/s1600\/20150517_203434.jpg\" imageanchor=\"1\" style=\"margin-left: auto; margin-right: auto;\"><font data-blogger-escaped-style=\"font-family: Times, Times New Roman, serif;\" face=\"\" times\"=\"\" ,=\"\" \"times=\"\" new=\"\" roman\"=\"\" serif\"=\"\"><img loading=\"lazy\" decoding=\"async\" border=\"0\" height=\"240\" src=\"https:\/\/1.bp.blogspot.com\/-QHRwXIdE-U0\/VV345jm_53I\/AAAAAAAAAdg\/f4C7s_4QqM0\/s320\/20150517_203434.jpg\" width=\"320\" style=\"cursor: move;\"><\/font><\/a><\/p>\n<\/td>\n<\/tr>\n<tr>\n<td class=\"tr-caption\" data-blogger-escaped-style=\"text-align: center;\" style=\"font-size: 12.8px; padding-top: 4px;\">\n<p><font data-blogger-escaped-style=\"font-family: inherit;\" face=\"inherit\">Dafni m\u00f6k\u00f6tt\u00e4\u00e4 pakkaamisesta<\/font><\/p>\n<\/td>\n<\/tr>\n<\/tbody>\n<\/table>\n<p style=\"font-family: 'Times New Roman'; font-size: medium; line-height: normal;\"><font data-blogger-escaped-style=\"font-family: Times, Times New Roman, serif;\" face=\"\" times\"=\"\" ,=\"\" \"times=\"\" new=\"\" roman\"=\"\" serif\"=\"\">Pakkaaminen ja kaiken tarvittavan mieless\u00e4 pit\u00e4minen alkaa n\u00e4ht\u00e4v\u00e4sti jo hieman stressata. Jyrki n\u00e4ki unta, ett\u00e4 olimme Kreikassa. Paikalliset siell\u00e4 j\u00e4rjestiv\u00e4t jotakin juhlaa, ja uteluihimme vastasivat, ett\u00e4 siin\u00e4 tehd\u00e4\u00e4n meille l\u00e4ksi\u00e4isi\u00e4: huomennahan lomamme loppuu ja pit\u00e4\u00e4 palata kotiin. Mik\u00e4 hirve\u00e4 painajainen!<\/font><\/p>\n<\/div>\n<div><\/div>\n<div><font data-blogger-escaped-style=\"font-family: Times, Times New Roman, serif;\" face=\"\" times\"=\"\" ,=\"\" \"times=\"\" new=\"\" roman\"=\"\" serif\"=\"\"><\/p>\n<p class=\"MsoNoSpacing\"><o:p>Kreetalta: Jyk\u00e4 ja Lissu&nbsp;<\/o:p><\/p>\n<p class=\"MsoNoSpacing\">Dafni-bokserin seikkailut Kreetalla: <a href=\"http:\/\/koiramainenkreikkakeikka.blogspot.fi\/\">http:\/\/koiramainenkreikkakeikka.blogspot.fi\/<\/a><br \/>\n<o:p><\/o:p><\/p>\n<p class=\"MsoNoSpacing\">Kreikan-matkailua meid\u00e4n silmin: <a href=\"http:\/\/tavernaikosi.blogspot.fi\/\">http:\/\/tavernaikosi.blogspot.fi\/<\/a><\/p>\n<p><\/font><\/div>\n","protected":false},"excerpt":{"rendered":"<p>Yht\u00e4kki\u00e4 l\u00e4ht\u00f6\u00f6n onkin en\u00e4\u00e4 kaksi viikkoa! Tavarakasa kasvaa. Mukaan l\u00e4htee paljon vaatetta, vaikka sit\u00e4 osastoa t\u00e4ydennet\u00e4\u00e4n varmasti perill\u00e4. Kes\u00e4vaatteista on jo edellisten reissujen osalta varsin hyv\u00e4 k\u00e4sitys: esimerkiksi Suomessa hyvin toimivat T-paidat voivat Kreetan&#46;&#46;&#46;<\/p>\n","protected":false},"author":4,"featured_media":0,"comment_status":"open","ping_status":"open","sticky":false,"template":"","format":"standard","meta":{"_acf_changed":false,"footnotes":""},"categories":[1],"tags":[],"class_list":["post-56","post","type-post","status-publish","format-standard","hentry","category-yleinen"],"acf":[],"_links":{"self":[{"href":"https:\/\/blogit.kreeta.info\/vuosikreetalla\/wp-json\/wp\/v2\/posts\/56","targetHints":{"allow":["GET"]}}],"collection":[{"href":"https:\/\/blogit.kreeta.info\/vuosikreetalla\/wp-json\/wp\/v2\/posts"}],"about":[{"href":"https:\/\/blogit.kreeta.info\/vuosikreetalla\/wp-json\/wp\/v2\/types\/post"}],"author":[{"embeddable":true,"href":"https:\/\/blogit.kreeta.info\/vuosikreetalla\/wp-json\/wp\/v2\/users\/4"}],"replies":[{"embeddable":true,"href":"https:\/\/blogit.kreeta.info\/vuosikreetalla\/wp-json\/wp\/v2\/comments?post=56"}],"version-history":[{"count":0,"href":"https:\/\/blogit.kreeta.info\/vuosikreetalla\/wp-json\/wp\/v2\/posts\/56\/revisions"}],"wp:attachment":[{"href":"https:\/\/blogit.kreeta.info\/vuosikreetalla\/wp-json\/wp\/v2\/media?parent=56"}],"wp:term":[{"taxonomy":"category","embeddable":true,"href":"https:\/\/blogit.kreeta.info\/vuosikreetalla\/wp-json\/wp\/v2\/categories?post=56"},{"taxonomy":"post_tag","embeddable":true,"href":"https:\/\/blogit.kreeta.info\/vuosikreetalla\/wp-json\/wp\/v2\/tags?post=56"}],"curies":[{"name":"wp","href":"https:\/\/api.w.org\/{rel}","templated":true}]}}