{"id":57,"date":"2015-12-11T17:10:59","date_gmt":"2015-12-11T15:10:59","guid":{"rendered":"https:\/\/blogit.kreeta.info\/vuosikreetalla\/20-6-2015-vihdoinkin-perilla\/"},"modified":"2015-12-11T17:10:59","modified_gmt":"2015-12-11T15:10:59","slug":"20-6-2015-vihdoinkin-perilla","status":"publish","type":"post","link":"https:\/\/blogit.kreeta.info\/vuosikreetalla\/20-6-2015-vihdoinkin-perilla\/","title":{"rendered":"20.6.2015 Vihdoinkin perill\u00e4!"},"content":{"rendered":"<div class=\"MsoNormal\" style=\"font-family: 'Times New Roman'; font-size: medium; line-height: normal;\">\n<p><font data-blogger-escaped-style=\"font-family: Times, Times New Roman, serif;\" face=\"&quot;times&quot; , &quot;times new roman&quot; , serif\">T\u00e4hdet rei\u2019itt\u00e4v\u00e4t taivasta, ja katuvalojen nauhat ja ikkunoista kajastavat valopisteet t\u00e4plitt\u00e4v\u00e4t oliivipuiden lomassa vuoren rinnett\u00e4, miss\u00e4 iltaansa el\u00e4\u00e4 pieni Koutsounarin kyl\u00e4. Kyl\u00e4 ei suinkaan viel\u00e4 nuku, vaikka yhdeks\u00e4n maissa maan reunan varjo on noussut merelt\u00e4 kuin peitto sen ylitse. Siell\u00e4 t\u00e4\u00e4ll\u00e4 kuuluu autojen \u00e4\u00e4ni\u00e4, rupattelua, musiikkia. Koirat haukahtelevat, kissat ottavat jossakin mittaa toisistaan. P\u00f6ll\u00f6 pit\u00e4\u00e4 yksitoikkoista, naukuvaa \u00e4\u00e4nt\u00e4 oliivimetsik\u00f6n siimeksess\u00e4. Kaskaat eiv\u00e4t laula, vain sirkat siritt\u00e4v\u00e4t hiljaa. \u00c4\u00e4nimosaiikki on hiljainen ja rauhallinen, el\u00e4m\u00e4 etenee omia raiteitaan.<o:p><\/o:p><\/font><\/p>\n<\/div>\n<div class=\"MsoNormal\" style=\"font-family: 'Times New Roman'; font-size: medium; line-height: normal;\">\n<p><\/p>\n<\/div>\n<div class=\"MsoNormal\" style=\"font-family: 'Times New Roman'; font-size: medium; line-height: normal;\">\n<p><font data-blogger-escaped-style=\"font-family: Times, Times New Roman, serif;\" face=\"&quot;times&quot; , &quot;times new roman&quot; , serif\">Me olemme asuttaneet yhden n\u00e4ist\u00e4 pikku taloista rinteess\u00e4, pystysuoran jyrk\u00e4nteen alapuolella, puolen kilometrin et\u00e4isyydell\u00e4 merest\u00e4. Talo on ottanut meid\u00e4t hyvin vastaan. Tuulettamista ja siivoilua on tietysti riitt\u00e4nyt, niin kuin kes\u00e4m\u00f6kille asettuisi talven j\u00e4lkeen, mutta v\u00e4h\u00e4t tavaramme ovat l\u00f6yt\u00e4neet paikkansa ja muutamien pikku huoltot\u00f6iden j\u00e4lkeen asunto alkaa olla toimivassa kunnossa. Rutiineja on tullut: aamulenkill\u00e4 pit\u00e4\u00e4 vied\u00e4 roskat, iltalenkin j\u00e4lkeen kastellaan kasvit pihalla.<o:p><\/o:p><\/font><\/p>\n<\/div>\n<div class=\"MsoNormal\" style=\"font-family: 'Times New Roman'; font-size: medium; line-height: normal;\">\n<p><\/p>\n<\/div>\n<div class=\"MsoNormal\" style=\"font-family: 'Times New Roman'; font-size: medium; line-height: normal;\">\n<p><font data-blogger-escaped-style=\"font-family: Times, Times New Roman, serif;\" face=\"&quot;times&quot; , &quot;times new roman&quot; , serif\">Pihassamme kasvaa rosmariinipuu. Se ei ole mik\u00e4\u00e4n pikku maustepensas, vaan reidenvahvuinen runko puskee tuoksuvia oksia kuutiometrin laajuudelta. Takapihalla on pienen talon kokoisen latvuksen kasvattanut johanneksenleip\u00e4puu. Sen alitse kulkee polku kanatarhaan, jossa rouva Pelagia, pihapiirin alkuper\u00e4isasukas, pit\u00e4\u00e4 munivaisiaan. Kukko her\u00e4tt\u00e4\u00e4 meid\u00e4t joka aamu viidelt\u00e4, mutta olemme jo oppineet silloin k\u00e4\u00e4nt\u00e4m\u00e4\u00e4n vain kylke\u00e4. Se kiekuu kyll\u00e4 komeasti ja kovaa, ja sille vastataan kyl\u00e4n muista kanatarhoista.<o:p><\/o:p><\/font><\/p>\n<\/div>\n<div class=\"MsoNormal\" style=\"font-family: 'Times New Roman'; font-size: medium; line-height: normal;\">\n<p><\/p>\n<\/div>\n<div class=\"MsoNormal\" style=\"font-family: 'Times New Roman'; font-size: medium; line-height: normal;\">\n<p><font data-blogger-escaped-style=\"font-family: Times, Times New Roman, serif;\" face=\"&quot;times&quot; , &quot;times new roman&quot; , serif\"><b>Suomesta Kreetalle henkil\u00f6autolla<\/b><o:p><\/o:p><\/font><\/p>\n<\/div>\n<div class=\"MsoNormal\" style=\"font-family: 'Times New Roman'; font-size: medium; line-height: normal;\">\n<p><b><font data-blogger-escaped-style=\"font-family: Times, Times New Roman, serif;\" face=\"&quot;times&quot; , &quot;times new roman&quot; , serif\"><br \/><\/font><\/b><\/p>\n<\/div>\n<div class=\"MsoNormal\" style=\"font-family: 'Times New Roman'; font-size: medium; line-height: normal;\">\n<p><a data-blogger-escaped-style=\"clear: left; float: left; margin-bottom: 1em; margin-right: 1em; text-align: center;\" href=\"http:\/\/1.bp.blogspot.com\/-Zic85vBjykU\/VYXBC3qzt5I\/AAAAAAAAAec\/xHTUaY40zQM\/s1600\/Finnmaid.JPG\" imageanchor=\"1\" style=\"clear: left; float: left; margin-bottom: 1em; margin-right: 1em; text-align: center;\"><font data-blogger-escaped-style=\"font-family: Times, Times New Roman, serif;\" face=\"&quot;times&quot; , &quot;times new roman&quot; , serif\"><img loading=\"lazy\" decoding=\"async\" border=\"0\" height=\"320\" src=\"https:\/\/1.bp.blogspot.com\/-Zic85vBjykU\/VYXBC3qzt5I\/AAAAAAAAAec\/xHTUaY40zQM\/s320\/Finnmaid.JPG\" width=\"213\" style=\"cursor: move;\"><\/font><\/a><\/p>\n<\/div>\n<div class=\"MsoNormal\" style=\"font-family: 'Times New Roman'; font-size: medium; line-height: normal;\">\n<p><\/p>\n<\/div>\n<div class=\"MsoNormal\" style=\"font-family: 'Times New Roman'; font-size: medium; line-height: normal;\">\n<p><font data-blogger-escaped-style=\"font-family: Times, Times New Roman, serif;\" face=\"&quot;times&quot; , &quot;times new roman&quot; , serif\">Matka t\u00e4nne kesti kokonaisen viikon. Kun olimme j\u00e4tt\u00e4neet kotimaan rannikon taaksemme maanantai-iltana, vasta seuraavana sunnuntaina laiva rantautui Kreetalle. Takana oli kolme y\u00f6t\u00e4 hotelleissa ja saman verran laivoilla.<o:p><\/o:p><\/font><\/p>\n<\/div>\n<div class=\"MsoNormal\" style=\"font-family: 'Times New Roman'; font-size: medium; line-height: normal;\">\n<p><\/p>\n<\/div>\n<div class=\"MsoNormal\" style=\"font-family: 'Times New Roman'; font-size: medium; line-height: normal;\">\n<p><font data-blogger-escaped-style=\"font-family: Times, Times New Roman, serif;\" face=\"&quot;times&quot; , &quot;times new roman&quot; , serif\">Laivat olivat aika samanlaisia, mutta palvelun tasossa oli isot erot. Itse asiassa kaikki kuuluivat samaan konserniin, Grimaldi Groupiin. Ensimm\u00e4inen Suomi \u2013 Saksa \u2013yhteys toimi asiallisen hyvin, kuten odottaa saattaa. Ruoat seisovassa p\u00f6yd\u00e4ss\u00e4 olivat maittavat eik\u00e4 mik\u00e4\u00e4n muu moitituttaisi, mutta vessa toimi v\u00e4h\u00e4n huonosti.<o:p><\/o:p><\/font><\/p>\n<\/div>\n<div class=\"MsoNormal\" style=\"font-family: 'Times New Roman'; font-size: medium; line-height: normal;\">\n<p><\/p>\n<\/div>\n<div class=\"MsoNormal\" style=\"font-family: 'Times New Roman'; font-size: medium; line-height: normal;\">\n<p><font data-blogger-escaped-style=\"font-family: Times, Times New Roman, serif;\" face=\"&quot;times&quot; , &quot;times new roman&quot; , serif\">Italiasta Kreikkaan siirryttiin reilusti aikataulusta my\u00f6h\u00e4ss\u00e4, mutta muuten ei j\u00e4\u00e4nyt mit\u00e4\u00e4n hampaankoloon. Mutkatonta toimintaa, huolettomalla asenteella, ei turhaa niuhotusta. Esimerkiksi koirat saivat olla mukana joka paikassa, vaikka virallisesti vain ulkokannella ja omassa hytiss\u00e4. S\u00e4\u00e4nn\u00f6iss\u00e4 mainittuja kuonokoppia ei tarvittu.<o:p><\/o:p><\/font><\/p>\n<\/div>\n<div class=\"MsoNormal\" style=\"font-family: 'Times New Roman'; font-size: medium; line-height: normal;\">\n<p><\/p>\n<\/div>\n<div class=\"MsoNormal\" style=\"font-family: 'Times New Roman'; font-size: medium; line-height: normal;\">\n<p><font data-blogger-escaped-style=\"font-family: Times, Times New Roman, serif;\" face=\"&quot;times&quot; , &quot;times new roman&quot; , serif\">Ateenasta Kreetalle siirryttiin suorastaan loisteliaasti. Henkil\u00f6kunta palveli todella hienostuneesti, oli hyttiin opastukset ja muutenkin kuin vip-kohtelu, vaikka matkustetimme ikkunattomassa hyttiluokassa. Illastimme oikein hienosti laivan tilausravintolassa, jossa hovimestari passasi meit\u00e4 fiinisti.<o:p><\/o:p><\/font><\/p>\n<\/div>\n<div class=\"MsoNormal\" style=\"font-family: 'Times New Roman'; font-size: medium; line-height: normal;\">\n<p><a data-blogger-escaped-style=\"clear: right; float: right; margin-bottom: 1em; margin-left: 1em; text-align: center;\" href=\"http:\/\/2.bp.blogspot.com\/-bx7Lkqa8OwU\/VYXBCvcWvgI\/AAAAAAAAAeY\/OTxyiXgVbxY\/s1600\/Ancona.JPG\" imageanchor=\"1\" style=\"clear: right; float: right; margin-bottom: 1em; margin-left: 1em; text-align: center;\"><font data-blogger-escaped-style=\"font-family: Times, Times New Roman, serif;\" face=\"&quot;times&quot; , &quot;times new roman&quot; , serif\"><img loading=\"lazy\" decoding=\"async\" border=\"0\" height=\"213\" src=\"https:\/\/2.bp.blogspot.com\/-bx7Lkqa8OwU\/VYXBCvcWvgI\/AAAAAAAAAeY\/OTxyiXgVbxY\/s320\/Ancona.JPG\" width=\"320\" style=\"cursor: move;\"><\/font><\/a><o:p><font data-blogger-escaped-style=\"font-family: Times, Times New Roman, serif;\" face=\"&quot;times&quot; , &quot;times new roman&quot; , serif\">&nbsp;<\/font><\/o:p><\/p>\n<\/div>\n<div class=\"MsoNormal\" style=\"font-family: 'Times New Roman'; font-size: medium; line-height: normal;\">\n<p><font data-blogger-escaped-style=\"font-family: Times, Times New Roman, serif;\" face=\"&quot;times&quot; , &quot;times new roman&quot; , serif\">Hotellit olivat my\u00f6s hyv\u00e4t. Lyypekin majoitus Saksan lauttamatkan j\u00e4lkeen hotelli B &amp; B L\u00fcbeckiss\u00e4 radanvarsikorttelissa, nelj\u00e4nnen kerroksen<o:p><\/o:p><\/font><\/p>\n<\/div>\n<div class=\"MsoNormal\" style=\"font-family: 'Times New Roman'; font-size: medium; line-height: normal;\">\n<p><font data-blogger-escaped-style=\"font-family: Times, Times New Roman, serif;\" face=\"&quot;times&quot; , &quot;times new roman&quot; , serif\">huoneessa, oli aika persoonaton. Ihan asiallinen ja toimiva silti. Sijainti oli tietysti koiria ajatellen ihanteellinen, ymp\u00e4rist\u00f6n joutomaalla niit\u00e4 oli helpompi ulkoiluttaa kuin kivikorttelissa keskustassa.<o:p><\/o:p><\/font><\/p>\n<\/div>\n<div class=\"MsoNormal\" style=\"font-family: 'Times New Roman'; font-size: medium; line-height: normal;\">\n<p><\/p>\n<\/div>\n<div class=\"MsoNormal\" style=\"font-family: 'Times New Roman'; font-size: medium; line-height: normal;\">\n<p><font data-blogger-escaped-style=\"font-family: Times, Times New Roman, serif;\" face=\"&quot;times&quot; , &quot;times new roman&quot; , serif\">Seuraavan y\u00f6n majoituimme aivan Alppien varpailla, Nesselwangin kyl\u00e4ss\u00e4 kivenheiton p\u00e4\u00e4ss\u00e4 kuuluisista talvikisakohteista kuten Garmisch Parten-kirchenist\u00e4. Pieni bed and breakfast \u2013majatalo Landgasthof Zum Alten Reichenbach otti meid\u00e4t oikein yst\u00e4v\u00e4llisesti vastaan. Saimme yl\u00e4kerrasta piskuisen mutta viihtyis\u00e4n huoneen, jonka t\u00e4ytti iso ja upottava s\u00e4nky. Naapurihuoneen kanssa yhteinen parveke oli kolme kertaa huoneemme suuruinen ja kylpyhuone oli k\u00e4yt\u00e4v\u00e4n varrella, mutta tulimme hyvin toimeen t\u00e4ll\u00e4 varustelulla.<o:p><\/o:p><\/font><\/p>\n<\/div>\n<div class=\"MsoNormal\" style=\"font-family: 'Times New Roman'; font-size: medium; line-height: normal;\">\n<p><font data-blogger-escaped-style=\"font-family: Times, Times New Roman, serif;\" face=\"&quot;times&quot; , &quot;times new roman&quot; , serif\"><o:p>&nbsp;<\/o:p><a data-blogger-escaped-style=\"margin-left: 1em; margin-right: 1em; text-align: center;\" href=\"http:\/\/2.bp.blogspot.com\/-pNMbUKbE6cc\/VYXBD6iTHiI\/AAAAAAAAAe4\/-R8QnWfIGiI\/s1600\/Nesselwang1.jpg\" imageanchor=\"1\" style=\"margin-left: 1em; margin-right: 1em; text-align: center;\"><img loading=\"lazy\" decoding=\"async\" border=\"0\" height=\"150\" src=\"https:\/\/2.bp.blogspot.com\/-pNMbUKbE6cc\/VYXBD6iTHiI\/AAAAAAAAAe4\/-R8QnWfIGiI\/s200\/Nesselwang1.jpg\" width=\"200\" style=\"cursor: move;\"><\/a><a data-blogger-escaped-style=\"margin-left: 1em; margin-right: 1em; text-align: center;\" href=\"http:\/\/3.bp.blogspot.com\/-VT7kpqwNW5g\/VYXBEoWahhI\/AAAAAAAAAfA\/hNCxXGeVFXg\/s1600\/Nesselwang2.jpg\" imageanchor=\"1\" style=\"margin-left: 1em; margin-right: 1em; text-align: center;\"><img loading=\"lazy\" decoding=\"async\" border=\"0\" height=\"240\" src=\"https:\/\/3.bp.blogspot.com\/-VT7kpqwNW5g\/VYXBEoWahhI\/AAAAAAAAAfA\/hNCxXGeVFXg\/s320\/Nesselwang2.jpg\" width=\"320\" style=\"cursor: move;\"><\/a><\/font><\/p>\n<\/div>\n<div class=\"MsoNormal\" style=\"font-family: 'Times New Roman'; font-size: medium; line-height: normal;\">\n<p><font data-blogger-escaped-style=\"font-family: Times, Times New Roman, serif;\" face=\"&quot;times&quot; , &quot;times new roman&quot; , serif\">Erityisesti meit\u00e4 tietysti ilahdutti se, ett\u00e4 koiramme olivat tervetulleita kaikkien muiden karvaturrien joukkoon, olihan is\u00e4nt\u00e4v\u00e4ell\u00e4 itsell\u00e4\u00e4nkin jo kolme koiraa. Pihalla vuohet asuivat aitauksessa, jossa niill\u00e4 oli oma sohvaryhm\u00e4 katoksessaan. Oli hupaisaa, kun ne p\u00f6tk\u00f6tteliv\u00e4t sohvalla ja m\u00e4rehtien tarkkailivat sielt\u00e4 ohikulkijoita aivan kuin olisivat itse olleet viihtym\u00e4ss\u00e4 eiv\u00e4tk\u00e4 rekvisiittana.<o:p><\/o:p><\/font><\/p>\n<\/div>\n<div class=\"MsoNormal\" style=\"font-family: 'Times New Roman'; font-size: medium; line-height: normal;\">\n<p><\/p>\n<\/div>\n<div class=\"MsoNormal\" style=\"font-family: 'Times New Roman'; font-size: medium; line-height: normal;\">\n<p><font data-blogger-escaped-style=\"font-family: Times, Times New Roman, serif;\" face=\"&quot;times&quot; , &quot;times new roman&quot; , serif\">On se vaan hassua, ett\u00e4 vaikka ollaan samassa EU:ssa, niin t\u00e4\u00e4ll\u00e4 saivat koirat olla mukana ravintolassa ja lapset leikki\u00e4 omatoimisesti pihalle pystytetyll\u00e4 leikkialueella, jossa ei taatusti ollut huomioitu mit\u00e4\u00e4n erityisi\u00e4 turvallisuusm\u00e4\u00e4r\u00e4yksi\u00e4: melko huteran n\u00e4k\u00f6inen oli vanha ja vinksottava karuselli, jota lapset innolla py\u00f6rittiv\u00e4t. Ei siell\u00e4 silti mit\u00e4\u00e4n sattunut, vaikka trampoliinissa meno oli v\u00e4hint\u00e4\u00e4nkin melkoista. Suomessa olisi joku ilonpilaaja puuttunut \u201dep\u00e4kohtiin\u201d, jos ei viranomainen olisi enn\u00e4tt\u00e4nyt ensin. Suomi taitaa olla Euroopan niuhoin maa.<o:p><\/o:p><\/font><\/p>\n<\/div>\n<div class=\"MsoNormal\" style=\"font-family: 'Times New Roman'; font-size: medium; line-height: normal;\">\n<p><\/p>\n<\/div>\n<div class=\"MsoNormal\" style=\"font-family: 'Times New Roman'; font-size: medium; line-height: normal;\">\n<p><font data-blogger-escaped-style=\"font-family: Times, Times New Roman, serif;\" face=\"&quot;times&quot; , &quot;times new roman&quot; , serif\">Paras majoitus matkallamme oli kuitenkin pieness\u00e4 ja \u201dnuoressa\u201d, vasta toista kes\u00e4\u00e4 toimivassa italialaisessa Il Pozzo Fiorito \u2013 bed and breakfast \u2013majatalossa l\u00e4hell\u00e4 Anconaa Monte San Vitossa. Olimme torstaina ainoat asiakkaat ja saimme todella hyv\u00e4\u00e4 palvelua nuorilta omistajilta, Simonelta ja Lauralta. Talossa, joka on ollut aikoinaan Lauran isois\u00e4n, on kolme huonetta majoittujien k\u00e4yt\u00f6ss\u00e4. Is\u00e4nt\u00e4 Simone Rossi on vasta valmistunut mountainbike-ohjaaja ja j\u00e4rjest\u00e4\u00e4 asiakkaille ajoel\u00e4myksi\u00e4.<o:p><\/o:p><\/font><\/p>\n<\/div>\n<div class=\"MsoNormal\" style=\"font-family: 'Times New Roman'; font-size: medium; line-height: normal;\">\n<p><font data-blogger-escaped-style=\"font-family: Times, Times New Roman, serif;\" face=\"&quot;times&quot; , &quot;times new roman&quot; , serif\"><o:p>&nbsp;<\/o:p><a data-blogger-escaped-style=\"margin-left: 1em; margin-right: 1em; text-align: center;\" href=\"http:\/\/2.bp.blogspot.com\/-EwoAPN9WSe8\/VYXBDGlgHzI\/AAAAAAAAAe0\/Z4c02p-uRiM\/s1600\/Il%2BPozzo.JPG\" imageanchor=\"1\" style=\"margin-left: 1em; margin-right: 1em; text-align: center;\"><img loading=\"lazy\" decoding=\"async\" border=\"0\" height=\"213\" src=\"https:\/\/2.bp.blogspot.com\/-EwoAPN9WSe8\/VYXBDGlgHzI\/AAAAAAAAAe0\/Z4c02p-uRiM\/s320\/Il%2BPozzo.JPG\" width=\"320\" style=\"cursor: move;\"><\/a><\/font><\/p>\n<\/div>\n<div class=\"MsoNormal\" style=\"font-family: 'Times New Roman'; font-size: medium; line-height: normal;\">\n<p><font data-blogger-escaped-style=\"font-family: Times, Times New Roman, serif;\" face=\"&quot;times&quot; , &quot;times new roman&quot; , serif\">Meille Simone j\u00e4rjesti ex tempore -viinitilaretken, kun meill\u00e4 kaikilla sattui olemaan aikaa, l\u00e4htih\u00e4n laivamme Anconasta vasta perjantaina iltap\u00e4iv\u00e4ll\u00e4. K\u00e4vimme Podere Santa Lucia \u2013viinitilalla ja saimme jopa maistaa heid\u00e4n erinomaista sampanja-menetelm\u00e4ll\u00e4 tehty\u00e4 rose-kuohuviini\u00e4\u00e4n. Tilaa esitteli meille Stefano Balducci. Ostimme sit\u00e4 mukaan pullollisen perill\u00e4 korkattavaksi.<o:p><\/o:p><\/font><\/p>\n<\/div>\n<div class=\"MsoNormal\" style=\"font-family: 'Times New Roman'; font-size: medium; line-height: normal;\">\n<p><\/p>\n<\/div>\n<div class=\"MsoNormal\" style=\"font-family: 'Times New Roman'; font-size: medium; line-height: normal;\">\n<p><font data-blogger-escaped-style=\"font-family: Times, Times New Roman, serif;\" face=\"&quot;times&quot; , &quot;times new roman&quot; , serif\">Simone yst\u00e4vystyi Dafni-koiramme kanssa ja oppi k\u00e4skytt\u00e4m\u00e4\u00e4n sit\u00e4 suomeksi, se kun ei italiaa suostunut tottelemaan, kun leikittiin renkun heittoa. Toivomme mit\u00e4 parhainta jatkoa t\u00e4lle mukavalla nuorelle parille, jotka py\u00f6ritt\u00e4v\u00e4t toisena ty\u00f6n\u00e4\u00e4n kaunista majataloaan. Il Pozzo Fiorito tarkoittaa \u201dkukkivaa kaivoa\u201d, koska vanhan kaivon p\u00e4\u00e4lt\u00e4 tulvii nyt kukkarunsaus.<o:p><\/o:p><\/font><\/p>\n<\/div>\n<div class=\"MsoNormal\" style=\"font-family: 'Times New Roman'; font-size: medium; line-height: normal;\">\n<p><font data-blogger-escaped-style=\"font-family: Times, Times New Roman, serif;\" face=\"&quot;times&quot; , &quot;times new roman&quot; , serif\"><o:p>&nbsp;<\/o:p><a data-blogger-escaped-style=\"margin-left: 1em; margin-right: 1em; text-align: center;\" href=\"http:\/\/1.bp.blogspot.com\/--gItuAwuy0I\/VYXBEnczvSI\/AAAAAAAAAfE\/giGH_Fc21ow\/s1600\/San%2BVito1.JPG\" imageanchor=\"1\" style=\"margin-left: 1em; margin-right: 1em; text-align: center;\"><img loading=\"lazy\" decoding=\"async\" border=\"0\" height=\"212\" src=\"https:\/\/1.bp.blogspot.com\/--gItuAwuy0I\/VYXBEnczvSI\/AAAAAAAAAfE\/giGH_Fc21ow\/s320\/San%2BVito1.JPG\" width=\"320\" style=\"cursor: move;\"><\/a><\/font><\/p>\n<\/div>\n<div class=\"MsoNormal\" style=\"font-family: 'Times New Roman'; font-size: medium; line-height: normal;\">\n<p><font data-blogger-escaped-lang=\"EN-GB\"><font data-blogger-escaped-style=\"font-family: Times, Times New Roman, serif;\" face=\"&quot;times&quot; , &quot;times new roman&quot; , serif\">Many thanks for Simone and Laura for letting us to stay in Your wonderful B &amp; B Il Pozzo Fiorito in Monte San Vito! We had very nice time staying there one night on our long trip from Finland to Greece. Also our two dogs enjoyed the peaceful environment and they had fun running free in the garden. We also thank Stefanano Balducci for showing us the Podere Santa Lucia Winery. Thank you Simone for giving the change to see all that!<o:p><\/o:p><\/font><\/font><\/p>\n<\/div>\n<div class=\"MsoNormal\" style=\"font-family: 'Times New Roman'; font-size: medium; line-height: normal;\">\n<p><\/p>\n<\/div>\n<div class=\"MsoNormal\" style=\"font-family: 'Times New Roman'; font-size: medium; line-height: normal;\">\n<p><font data-blogger-escaped-style=\"font-family: Times, Times New Roman, serif;\" face=\"&quot;times&quot; , &quot;times new roman&quot; , serif\">Sellainen juttu tuli mieleen, ett\u00e4 usein moititaan Suomen teiden kuntoa ja verrataan niit\u00e4 routimattomiin Keski-E<font class=\"msoIns\"><ins data-blogger-escaped-cite=\"mailto:Liisa%20M\" data-blogger-escaped-datetime=\"2015-06-14T00:18\">u<\/ins><\/font><font class=\"msoIns\"><ins data-blogger-escaped-cite=\"mailto:Liisa%20M\" data-blogger-escaped-datetime=\"2015-06-14T00:19\">r<\/ins><\/font>oopan autobaanoihin. Mihink\u00e4h\u00e4n t\u00e4m\u00e4 pohjaa? Ainakin Saksan l\u00e4pi ajaminen oli kahdeksaakymppi\u00e4kin edett\u00e4ess\u00e4 \u00e4rsytt\u00e4v\u00e4\u00e4 lonksuttamista ja pomppimista betoniteill\u00e4, jotka olivat kuin irtolaatoista koottuja. Ei olisi kehdannut sataa kolmeakymppi\u00e4 ajaakaan.<o:p><\/o:p><\/font><\/p>\n<\/div>\n<div class=\"MsoNormal\" style=\"font-family: 'Times New Roman'; font-size: medium; line-height: normal;\">\n<p><\/p>\n<\/div>\n<div class=\"MsoNormal\" style=\"font-family: 'Times New Roman'; font-size: medium; line-height: normal;\">\n<p><font data-blogger-escaped-style=\"font-family: Times, Times New Roman, serif;\" face=\"&quot;times&quot; , &quot;times new roman&quot; , serif\">S\u00e4\u00e4 oli kotoa l\u00e4hdett\u00e4ess\u00e4 kes\u00e4inen kymmenkunta astetta, Saksaan tullessa lis\u00e4ksi sateinen vaikka viitisen astetta korkeampi. Etel\u00e4isess\u00e4 Saksassa oltiin jo parissakymmeness\u00e4, mutta Bolognan alueella Italiassa l\u00e4mp\u00f6tila pomppasi 34 asteeseen. Rannikolla s\u00e4\u00e4 viileni ihan mukavaksi reiluksi 20 asteeksi.<o:p><\/o:p><\/font><\/p>\n<\/div>\n<div class=\"MsoNormal\" style=\"font-family: 'Times New Roman'; font-size: medium; line-height: normal;\">\n<p><\/p>\n<\/div>\n<div class=\"MsoNormal\" style=\"font-family: 'Times New Roman'; font-size: medium; line-height: normal;\">\n<p><font data-blogger-escaped-style=\"font-family: Times, Times New Roman, serif;\" face=\"&quot;times&quot; , &quot;times new roman&quot; , serif\">Pohjois-Saksassa luonto n\u00e4ytti olevan pari viikkoa edell\u00e4 Suomea, hein\u00e4\u00e4 oli jo korjattu. Italiassa vilja oli jo keltaista ja Pohjois-Kreikassa oli jo puitu.<o:p><\/o:p><\/font><\/p>\n<\/div>\n<div class=\"MsoNormal\" style=\"font-family: 'Times New Roman'; font-size: medium; line-height: normal;\">\n<p><\/p>\n<\/div>\n<div class=\"MsoNormal\" style=\"font-family: 'Times New Roman'; font-size: medium; line-height: normal;\">\n<p><font data-blogger-escaped-style=\"font-family: Times, Times New Roman, serif;\" face=\"&quot;times&quot; , &quot;times new roman&quot; , serif\">T\u00e4\u00e4ll\u00e4 perill\u00e4 nautitaan n\u00e4in kes\u00e4kuun alussa n. 28 asteen p\u00e4iv\u00e4l\u00e4mp\u00f6tilasta. Talomme on rinteess\u00e4, ja vilpoinen tuuli puhaltaa sen l\u00e4vitse pit\u00e4en sen viile\u00e4n\u00e4. V\u00e4list\u00e4, esimerkiksi viime y\u00f6n\u00e4, tuuli villiintyy todella rajuiksi puuskiksi. Ovien kanssa saa olla varovainen, v\u00e4lill\u00e4 ne paukkuvat tosi kiukkuisesti.<o:p><\/o:p><\/font><\/p>\n<\/div>\n<div class=\"MsoNormal\" style=\"font-family: 'Times New Roman'; font-size: medium; line-height: normal;\">\n<p><\/p>\n<\/div>\n<div class=\"MsoNormal\" style=\"font-family: 'Times New Roman'; font-size: medium; line-height: normal;\">\n<p><font data-blogger-escaped-style=\"font-family: Times, Times New Roman, serif;\" face=\"&quot;times&quot; , &quot;times new roman&quot; , serif\">Matkalla kului 214 litraa bensaa, Jyk\u00e4 laski. Edullisinta se oli Saksassa, 1,5 e, kalleinta Kreikassa 1,8 e\/l Igumenitsassa, tosin siell\u00e4 tankattiin 100-oktaanista. Auton ajotietokoneen mukaan kilometrej\u00e4 tuli 2680 ja aikaa kului ajamiseen 39 t 30 min. Keskikulutus oli 8,4 l\/100 km 70 km\/h keskinopeudella. 380 euroa saimme sijoitettua polttoaineeseen. Auto ja traileri kestiv\u00e4t matkan hyvin.<\/font><o:p><\/o:p><\/p>\n<\/div>\n<div class=\"MsoNormal\" style=\"font-family: 'Times New Roman'; font-size: medium; line-height: normal;\">\n<p><\/p>\n<\/div>\n<div class=\"MsoNormal\" style=\"font-family: 'Times New Roman'; font-size: medium; line-height: normal;\">\n<p><\/p>\n<\/div>\n<p class=\"separator\" data-blogger-escaped-style=\"clear: both; text-align: center;\" style=\"font-family: 'Times New Roman'; font-size: medium; line-height: normal; clear: both; text-align: center;\"><a data-blogger-escaped-style=\"margin-left: 1em; margin-right: 1em;\" href=\"http:\/\/3.bp.blogspot.com\/-cHIzaXJzATE\/VYXBCpzUtqI\/AAAAAAAAAeU\/C8V49biJ1C0\/s1600\/Alpit.JPG\" imageanchor=\"1\" style=\"margin-left: 1em; margin-right: 1em;\"><img loading=\"lazy\" decoding=\"async\" border=\"0\" height=\"213\" src=\"https:\/\/3.bp.blogspot.com\/-cHIzaXJzATE\/VYXBCpzUtqI\/AAAAAAAAAeU\/C8V49biJ1C0\/s320\/Alpit.JPG\" width=\"320\" style=\"cursor: move;\"><\/a><\/p>\n<p style=\"font-family: 'Times New Roman'; font-size: medium; line-height: normal;\"><\/p>\n<p>Kreetalta: Jyk\u00e4 ja Lissu<\/p>\n<p class=\"MsoNoSpacing\"><o:p>&nbsp;<\/o:p><\/p>\n<p class=\"MsoNoSpacing\">Dafni-bokserin seikkailut Kreetalla: <a href=\"http:\/\/koiramainenkreikkakeikka.blogspot.fi\/\">http:\/\/koiramainenkreikkakeikka.blogspot.fi\/<\/a><br \/>\n<o:p><\/o:p><\/p>\n<p style=\"font-family: 'Times New Roman'; font-size: medium; line-height: normal;\">\n<p class=\"MsoNoSpacing\">Kreikan-matkailua meid\u00e4n silmin: <a href=\"http:\/\/tavernaikosi.blogspot.fi\/\">http:\/\/tavernaikosi.blogspot.fi\/<\/a> <o:p><\/o:p><\/p>\n","protected":false},"excerpt":{"rendered":"<p>T\u00e4hdet rei\u2019itt\u00e4v\u00e4t taivasta, ja katuvalojen nauhat ja ikkunoista kajastavat valopisteet t\u00e4plitt\u00e4v\u00e4t oliivipuiden lomassa vuoren rinnett\u00e4, miss\u00e4 iltaansa el\u00e4\u00e4 pieni Koutsounarin kyl\u00e4. Kyl\u00e4 ei suinkaan viel\u00e4 nuku, vaikka yhdeks\u00e4n maissa maan reunan varjo on noussut&#46;&#46;&#46;<\/p>\n","protected":false},"author":4,"featured_media":0,"comment_status":"open","ping_status":"open","sticky":false,"template":"","format":"standard","meta":{"_acf_changed":false,"footnotes":""},"categories":[1],"tags":[],"class_list":["post-57","post","type-post","status-publish","format-standard","hentry","category-yleinen"],"acf":[],"_links":{"self":[{"href":"https:\/\/blogit.kreeta.info\/vuosikreetalla\/wp-json\/wp\/v2\/posts\/57","targetHints":{"allow":["GET"]}}],"collection":[{"href":"https:\/\/blogit.kreeta.info\/vuosikreetalla\/wp-json\/wp\/v2\/posts"}],"about":[{"href":"https:\/\/blogit.kreeta.info\/vuosikreetalla\/wp-json\/wp\/v2\/types\/post"}],"author":[{"embeddable":true,"href":"https:\/\/blogit.kreeta.info\/vuosikreetalla\/wp-json\/wp\/v2\/users\/4"}],"replies":[{"embeddable":true,"href":"https:\/\/blogit.kreeta.info\/vuosikreetalla\/wp-json\/wp\/v2\/comments?post=57"}],"version-history":[{"count":0,"href":"https:\/\/blogit.kreeta.info\/vuosikreetalla\/wp-json\/wp\/v2\/posts\/57\/revisions"}],"wp:attachment":[{"href":"https:\/\/blogit.kreeta.info\/vuosikreetalla\/wp-json\/wp\/v2\/media?parent=57"}],"wp:term":[{"taxonomy":"category","embeddable":true,"href":"https:\/\/blogit.kreeta.info\/vuosikreetalla\/wp-json\/wp\/v2\/categories?post=57"},{"taxonomy":"post_tag","embeddable":true,"href":"https:\/\/blogit.kreeta.info\/vuosikreetalla\/wp-json\/wp\/v2\/tags?post=57"}],"curies":[{"name":"wp","href":"https:\/\/api.w.org\/{rel}","templated":true}]}}