{"id":65,"date":"2015-12-11T17:45:23","date_gmt":"2015-12-11T15:45:23","guid":{"rendered":"https:\/\/blogit.kreeta.info\/vuosikreetalla\/6-10-2015-on-ilimoja-pielly\/"},"modified":"2024-01-10T10:13:19","modified_gmt":"2024-01-10T08:13:19","slug":"6-10-2015-on-ilimoja-pielly","status":"publish","type":"post","link":"https:\/\/blogit.kreeta.info\/vuosikreetalla\/6-10-2015-on-ilimoja-pielly\/","title":{"rendered":"6.10.2015 On ilimoja pielly"},"content":{"rendered":"<p><\/p>\n<div><\/div>\n<div>\n<table align=\"center\" cellpadding=\"0\" cellspacing=\"0\" class=\"tr-caption-container\" data-blogger-escaped-style=\"margin-left: auto; margin-right: auto; text-align: center;\" style=\"padding: 6px;margin-bottom: 0.5em;font-family: 'Times New Roman';margin-left: auto;margin-right: auto;text-align: center\">\n<tbody>\n<tr>\n<td data-blogger-escaped-style=\"text-align: center;\">\n<p><a data-blogger-escaped-style=\"margin-left: auto; margin-right: auto; text-align: center;\" href=\"http:\/\/3.bp.blogspot.com\/-WKjA_f2TWU4\/VhQEIgHzx5I\/AAAAAAAAAzg\/9IgVDPoqCJI\/s1600\/20150921%2B%25283%2529.JPG\" style=\"margin-left: auto;margin-right: auto\"><img loading=\"lazy\" decoding=\"async\" border=\"0\" height=\"266\" src=\"https:\/\/3.bp.blogspot.com\/-WKjA_f2TWU4\/VhQEIgHzx5I\/AAAAAAAAAzg\/9IgVDPoqCJI\/s400\/20150921%2B%25283%2529.JPG\" width=\"400\" style=\"cursor: move\"><\/a><\/p>\n<\/td>\n<\/tr>\n<tr>\n<td class=\"tr-caption\" data-blogger-escaped-style=\"text-align: center;\" style=\"padding-top: 4px\">\n<p><font data-blogger-escaped-style=\"font-size: large;\" size=\"3\">Loppuuko helle ukkoseen?<br \/>Syyskuun puoliv\u00e4liss\u00e4 taivas pukeutui tummiin.<\/font><\/p>\n<\/td>\n<\/tr>\n<\/tbody>\n<\/table>\n<div class=\"MsoNormal\" style=\"font-family: 'Times New Roman';line-height: normal\">\n<p><font data-blogger-escaped-style=\"font-family: Times, Times New Roman, serif; font-size: large;\" face=\"\" size=\"3\">Sit\u00e4h\u00e4n t\u00e4nne oikeastaan l\u00e4hdettiin katsomaan, ett\u00e4 mink\u00e4moiset ovat Kreetan s\u00e4\u00e4t verrattuna is\u00e4nmaan \u00e4idillisiin kuritusotteisiin, joissa viima vihmoo ja tuuli tuivertaa. Saavuimme kes\u00e4kuussa ja nyt alkaa ovella h\u00e4\u00e4m\u00f6tt\u00e4\u00e4 syksy. Suomessa tuli ja meni jonkinlainen intiaanikes\u00e4, kun taas varsinainen suvi oli kauhean huono ilmoiltaan. S\u00e4\u00e4t ovat olleet poikkeuksetta keskustelunaihe numero ykk\u00f6nen t\u00e4\u00e4ll\u00e4 vierailleiden suomalaisten kanssa.<\/font><\/p>\n<\/div>\n<div class=\"MsoNormal\" style=\"font-family: 'Times New Roman';line-height: normal\">\n<p><font data-blogger-escaped-style=\"font-family: Times, Times New Roman, serif; font-size: large;\" face=\"\" size=\"3\"><\/font><\/p>\n<\/div>\n<div class=\"MsoNormal\" style=\"font-family: 'Times New Roman';line-height: normal\">\n<p><font size=\"3\"><br \/><\/font><\/p>\n<\/div>\n<div class=\"MsoNormal\" style=\"font-family: 'Times New Roman';line-height: normal\">\n<p><font data-blogger-escaped-style=\"font-family: Times, Times New Roman, serif; font-size: large;\" face=\"\" size=\"3\">Erityisen kiinnostuneena odotellaan tietysti tulossa olevaa talvea, mutta sen pit\u00e4isi koittaa tammikuussa ja menn\u00e4 ohitse helmikuussa, joten onhan tuonne viel\u00e4 matkaa. T\u00e4ss\u00e4 osassa Kreetaa talvil\u00e4mp\u00f6tilat ovat tilastojen mukaan alimmillaan +8 asteen luokkaa, mik\u00e4 t\u00e4ss\u00e4 vaiheessa l\u00e4hinn\u00e4 naurattaa suomalaista.<\/font><\/p>\n<\/div>\n<div class=\"MsoNormal\" style=\"font-family: 'Times New Roman';line-height: normal\">\n<p><font size=\"3\"><br \/><\/font><\/p>\n<\/div>\n<div class=\"MsoNormal\" style=\"font-family: 'Times New Roman';line-height: normal\">\n<p><font data-blogger-escaped-style=\"font-family: Times, Times New Roman, serif; font-size: large;\" face=\"\" size=\"3\">Toisaalta olemme jo huomanneet, ett\u00e4 korkeisiin l\u00e4mp\u00f6tiloihin tottuu vallan mainiosti, joten voihan olla, ett\u00e4 t\u00e4ss\u00e4 viel\u00e4 palellaan lahjakkaasti. Viime talvi oli t\u00e4\u00e4ll\u00e4 harvinaisen pitk\u00e4 ja kylm\u00e4, jopa pakkasasteita koko saarella, mutta vuodethan eiv\u00e4t ole velji\u00e4 kesken\u00e4\u00e4n. Tai jos ovat, niin seuraava talvi on toivottavasti pikkuveli.<\/font><\/p>\n<\/div>\n<div class=\"MsoNormal\" style=\"font-family: 'Times New Roman';line-height: normal\">\n<p><font size=\"3\"><br \/><\/font><\/p>\n<\/div>\n<h3 style=\"font-family: 'Times New Roman';line-height: normal\"><font data-blogger-escaped-style=\"font-family: Times, Times New Roman, serif; font-size: large;\" face=\"\" size=\"3\">Katsaus kes\u00e4n s\u00e4\u00e4h\u00e4n<\/font><\/h3>\n<div class=\"MsoNormal\" style=\"font-family: 'Times New Roman';line-height: normal\">\n<p><font size=\"3\"><br \/><\/font><\/p>\n<\/div>\n<div class=\"MsoNormal\" style=\"font-family: 'Times New Roman';line-height: normal\">\n<p><font data-blogger-escaped-style=\"font-family: Times, Times New Roman, serif; font-size: large;\" face=\"\"><font size=\"3\">Kes\u00e4kuussa saapuessamme oli alkuun aika viile\u00e4\u00e4, semmoista 24 \u2013 27 astetta, jopa yhten\u00e4 p\u00e4iv\u00e4n\u00e4 sataa ropsautti muutaman pisaran. V\u00e4list\u00e4 pilvet, jotka p\u00e4ivisin kohosivat vuoriston ylle, melkein saavuttivat auringon, joka kulki rannikon suuntaisesti. Puolipilvist\u00e4 siis: pohjoinen taivaanpuolikas pilvess\u00e4, etel\u00e4iselt\u00e4 puoliskolta aurinko r\u00e4k\u00f6tti suoraan kulkijan kasvoille.<\/font><\/font><\/p>\n<\/div>\n<div class=\"MsoNormal\" style=\"font-family: 'Times New Roman';font-size: medium;line-height: normal\">\n<p><font data-blogger-escaped-style=\"font-family: Times, Times New Roman, serif; font-size: large;\" face=\"\" size=\"5\"><br \/><\/font><\/p>\n<\/div>\n<table cellpadding=\"0\" cellspacing=\"0\" class=\"tr-caption-container\" data-blogger-escaped-style=\"float: left; margin-right: 1em; text-align: left;\" style=\"padding: 6px;margin-bottom: 0.5em;font-family: 'Times New Roman';float: left;margin-right: 1em\">\n<tbody>\n<tr>\n<td data-blogger-escaped-style=\"text-align: center;\" style=\"text-align: center\">\n<p><a data-blogger-escaped-style=\"clear: left; margin-bottom: 1em; margin-left: auto; margin-right: auto; text-align: center;\" href=\"http:\/\/4.bp.blogspot.com\/-gjTS3qy0pWI\/VhQEHz_vyQI\/AAAAAAAAAzQ\/r6dvNouYHr4\/s1600\/20150724%2B%252822%2529.JPG\" style=\"clear: left;margin-bottom: 1em;margin-left: auto;margin-right: auto\"><img loading=\"lazy\" decoding=\"async\" border=\"0\" height=\"213\" src=\"https:\/\/4.bp.blogspot.com\/-gjTS3qy0pWI\/VhQEHz_vyQI\/AAAAAAAAAzQ\/r6dvNouYHr4\/s320\/20150724%2B%252822%2529.JPG\" width=\"320\" style=\"cursor: move\"><\/a><\/p>\n<\/td>\n<\/tr>\n<tr>\n<td class=\"tr-caption\" data-blogger-escaped-style=\"text-align: center;\" style=\"padding-top: 4px;text-align: center\">\n<p><font data-blogger-escaped-style=\"font-size: large;\" size=\"3\">Auringonlasku Ier\u00e1petrassa<\/font><\/p>\n<\/td>\n<\/tr>\n<\/tbody>\n<\/table>\n<div class=\"MsoNormal\" style=\"font-family: 'Times New Roman';font-size: medium;line-height: normal\">\n<p><\/p>\n<\/div>\n<div class=\"MsoNormal\" style=\"font-family: 'Times New Roman';line-height: normal\">\n<p><font data-blogger-escaped-style=\"font-family: Times, Times New Roman, serif; font-size: large;\" face=\"\" size=\"3\">Kes\u00e4kuun lopulla alkoi tuulla. Eik\u00e4 puhuta mist\u00e4\u00e4n pikku tuulahtelusta, vaan tuuli todella kovaa, puuskissa 70 km\/h, sanoi s\u00e4\u00e4sivusto netiss\u00e4. Tuulikartta oli varsin mielenkiintoinen. Meid\u00e4n kyl\u00e4mme kohdalla ilmavirtaukset saavat vauhtia maastonmuodoista, sill\u00e4 kyl\u00e4n taustalla kohoavat vuoret ovat kuin hyppyrim\u00e4ki\u00e4. Niit\u00e4 pitkin tuulet hujeltavat vauhtiin niin ett\u00e4 viuhuu. Samaan aikaan suhteellisen l\u00e4hell\u00e4 voi olla l\u00e4hes tyynt\u00e4. Paikalliset kuulemma nimitt\u00e4v\u00e4t Koutsounaria Tuulten \u00e4idiksi.<\/font><\/p>\n<\/div>\n<div class=\"MsoNormal\" style=\"font-family: 'Times New Roman';line-height: normal\">\n<p><font size=\"3\"><br \/><\/font><\/p>\n<\/div>\n<div class=\"MsoNormal\" style=\"font-family: 'Times New Roman';line-height: normal\">\n<p><font data-blogger-escaped-style=\"font-family: Times, Times New Roman, serif; font-size: large;\" face=\"\" size=\"3\">Tuuli saa oliivimetsik\u00f6t n\u00e4ytt\u00e4m\u00e4\u00e4n hopeiselta aallokolta, kun latvat taipuvat melkein lakaisemaan maata. L\u00e4heinen voimalinja soittaa hornan urkuja eiv\u00e4tk\u00e4 kaskaatkaan kykene siritt\u00e4m\u00e4\u00e4n. Talossa ikkunat ja ovet pit\u00e4\u00e4 k\u00f6ytt\u00e4\u00e4, jotta ne eiv\u00e4t pauku kuin murrosik\u00e4isten r\u00e4yh\u00e4henkien k\u00e4sittelyss\u00e4. Mutta eip\u00e4h\u00e4n ole kuuma!<\/font><\/p>\n<\/div>\n<div class=\"MsoNormal\" style=\"font-family: 'Times New Roman';line-height: normal\">\n<p><font size=\"3\"><br \/><\/font><\/p>\n<\/div>\n<div class=\"MsoNormal\" style=\"font-family: 'Times New Roman';line-height: normal\">\n<p><font data-blogger-escaped-style=\"font-family: Times, Times New Roman, serif; font-size: large;\" face=\"\" size=\"3\">Kun l\u00e4mp\u00f6tila jo kes\u00e4kuussa muuten alkoi olla jatkuvasti yli +25 asteen, ei tuuleminen haitannut. Koirienkin oli helppo totutella l\u00e4mpimiin, kun omassa asunnossa oli aina kunnollinen \u201dilmastointi\u201d ja mukavan viile\u00e4\u00e4. Pyykit kuivuivat melkein siin\u00e4 samassa kun ne ripusti.<\/font><\/p>\n<\/div>\n<div class=\"MsoNormal\" style=\"font-family: 'Times New Roman';line-height: normal\">\n<p><font size=\"3\"><br \/><\/font><\/p>\n<\/div>\n<div class=\"MsoNormal\" style=\"font-family: 'Times New Roman';line-height: normal\">\n<p><font data-blogger-escaped-style=\"font-family: Times, Times New Roman, serif; font-size: large;\" face=\"\" size=\"3\">Toisaalta tuulen mukana lensi hienonhienoa p\u00f6ly\u00e4, joka kertyi sis\u00e4ll\u00e4kin ihan joka paikkaan, mukaan lukien j\u00e4\u00e4kaappiin ja kirjojen sivujen v\u00e4liin. Terassille lent\u00e4neit\u00e4 kuivia lehti\u00e4 ja kukkasia oli mahdoton lakaista vihurien vuoksi, ne palasivat itsep\u00e4isesti takaisin.<\/font><\/p>\n<\/div>\n<div class=\"MsoNormal\" style=\"font-family: 'Times New Roman';line-height: normal\">\n<p><font size=\"3\"><br \/><\/font><\/p>\n<\/div>\n<div class=\"MsoNormal\" style=\"font-family: 'Times New Roman';line-height: normal\">\n<p><font data-blogger-escaped-style=\"font-family: Times, Times New Roman, serif; font-size: large;\" face=\"\" size=\"3\">T\u00e4m\u00e4 kes\u00e4tuuli on nimelt\u00e4\u00e4n Meltelmi. Se puhaltaa pohjoisesta ja syntyy manteren ilmanpaine-eroista. Yleens\u00e4 Meltemi puhaltaa alku- ja loppukes\u00e4ll\u00e4. T\u00e4m\u00e4n kes\u00e4n alku-Meltemi jaksoi riehua kolmisen viikkoa yht\u00e4jaksoisesti, mutta ei toki yksitoikkoisesti. Puuskat vaihtelivat kovista k\u00e4sitt\u00e4m\u00e4tt\u00f6miin.<\/font><\/p>\n<\/div>\n<div class=\"MsoNormal\" style=\"font-family: 'Times New Roman';line-height: normal\">\n<p><font size=\"3\"><br \/><\/font><\/p>\n<\/div>\n<div class=\"MsoNormal\" style=\"font-family: 'Times New Roman';line-height: normal\">\n<p><font data-blogger-escaped-style=\"font-family: Times, Times New Roman, serif; font-size: large;\" face=\"\" size=\"3\">Muistissa on hyvin iltap\u00e4iv\u00e4, jolloin tuuli oikeastaan alkoi: olimme koirien kanssa lenkill\u00e4 kotivuoremme Rizan rinteell\u00e4, ja tuuli alkoi pikku hiljaa ylty\u00e4. Yksi puuska oli niin voimakas, ett\u00e4 se melkein l\u00f6i jalat alta meilt\u00e4 kaikilta, mutta 4,5-kiloiselta Caralta kirjaimellisesti! Oli hyv\u00e4, ett\u00e4 koira-vanhus oli remmiss\u00e4, sill\u00e4 se lensi ilmassa pari metri\u00e4 tuulenpuuskan heitt\u00e4m\u00e4n\u00e4. Onneksi flexin jarru piti.<\/font><\/p>\n<\/div>\n<div class=\"MsoNormal\" style=\"font-family: 'Times New Roman';line-height: normal\">\n<p><font size=\"3\"><br \/><\/font><\/p>\n<\/div>\n<h3 style=\"font-family: 'Times New Roman';line-height: normal\"><font data-blogger-escaped-style=\"font-family: Times, Times New Roman, serif; font-size: large;\" face=\"\" size=\"3\">Helle helli<\/font><\/h3>\n<div class=\"MsoNormal\" style=\"font-family: 'Times New Roman';line-height: normal\">\n<p><font size=\"3\"><br \/><\/font><\/p>\n<\/div>\n<div class=\"MsoNormal\" style=\"font-family: 'Times New Roman';line-height: normal\">\n<p><font data-blogger-escaped-style=\"font-family: Times, Times New Roman, serif; font-size: large;\" face=\"\" size=\"3\">Hein\u00e4kuun puoliv\u00e4list\u00e4 syyskuun puoliv\u00e4liin vallitsi hyvin kuuman ja kostean s\u00e4\u00e4n jakso. Er\u00e4\u00e4n\u00e4 hein\u00e4kuun alun aamuna naapurin Pelagia-rouva sanoi: \u201dEilen alkoi kes\u00e4\u201d. H\u00e4n tiesi, mist\u00e4 puhui. Kun l\u00e4mp\u00f6tila kiipesi kolmenkympin yl\u00e4puolelle, niin siell\u00e4 se j\u00f6k\u00f6tti. Vain \u00f6isin saattoi \u201dviilet\u00e4\u201d 27 asteeseen, ehk\u00e4 asteen sen allekin. P\u00e4ivisin nautittiin 35 asteen l\u00e4mm\u00f6st\u00e4.<\/font><\/p>\n<\/div>\n<div class=\"MsoNormal\" style=\"font-family: 'Times New Roman';line-height: normal\">\n<p><font size=\"3\"><br \/><\/font><\/p>\n<\/div>\n<div class=\"MsoNormal\" style=\"font-family: 'Times New Roman';line-height: normal\">\n<p><font data-blogger-escaped-style=\"font-family: Times, Times New Roman, serif; font-size: large;\" face=\"\" size=\"3\">Kun sanon, ett\u00e4 nautittiin, niin ainakin omalla kohdallani todella tarkoitan sit\u00e4. Onhan kuumuus tietysti tavallaan hankalaa, kun pienikin ruumiinponnistus aiheuttaa hikitulvan, ja normaaliolotilakin on v\u00e4hint\u00e4\u00e4n kostea joka kohdasta, miss\u00e4 vaatteet osuvat ihoon. Mutta toisaalta: suloinen l\u00e4mp\u00f6 ymp\u00e4r\u00f6i kehoa koko ajan olipa sitten auringossa tai varjossa, sis\u00e4ll\u00e4 tai ulkona. Ei kolota vanhoja luita! Sekin on plussaa, ett\u00e4 ulos l\u00e4hteminen ei edellyt\u00e4 erityist\u00e4 pyntt\u00e4ytymist\u00e4, sen kun kulkee sortseissa ja hihattomassa paidassa.<\/font><\/p>\n<\/div>\n<div class=\"MsoNormal\" style=\"font-family: 'Times New Roman';line-height: normal\">\n<p><font data-blogger-escaped-style=\"font-family: Times, Times New Roman, serif; font-size: large;\" face=\"\" size=\"3\"><br \/><\/font><\/p>\n<\/div>\n<table cellpadding=\"0\" cellspacing=\"0\" class=\"tr-caption-container\" data-blogger-escaped-style=\"float: right; margin-left: 1em; text-align: right;\" style=\"padding: 6px;margin-bottom: 0.5em;font-family: 'Times New Roman';float: right;margin-left: 1em;text-align: right\">\n<tbody>\n<tr>\n<td data-blogger-escaped-style=\"text-align: center;\" style=\"text-align: center\">\n<p><a data-blogger-escaped-style=\"clear: right; margin-bottom: 1em; margin-left: auto; margin-right: auto;\" href=\"http:\/\/4.bp.blogspot.com\/-fsN6-URoPR0\/VhQEHqjSgYI\/AAAAAAAAA0c\/hzqmxivWb64\/s1600\/20150701%2B%25282%2529.JPG\" style=\"clear: right;margin-bottom: 1em;margin-left: auto;margin-right: auto\"><font size=\"3\"><img loading=\"lazy\" decoding=\"async\" border=\"0\" height=\"213\" src=\"https:\/\/4.bp.blogspot.com\/-fsN6-URoPR0\/VhQEHqjSgYI\/AAAAAAAAA0c\/hzqmxivWb64\/s320\/20150701%2B%25282%2529.JPG\" width=\"320\" style=\"cursor: move\"><\/font><\/a><\/p>\n<\/td>\n<\/tr>\n<tr>\n<td class=\"tr-caption\" data-blogger-escaped-style=\"font-size: 12.8px; text-align: center;\" style=\"padding-top: 4px;text-align: center\">\n<p><font data-blogger-escaped-style=\"font-size: large;\" size=\"3\">Dafni etsii viile\u00e4t varjot<br \/><\/font><\/p>\n<\/td>\n<\/tr>\n<\/tbody>\n<\/table>\n<div class=\"MsoNormal\" style=\"font-family: 'Times New Roman';line-height: normal\">\n<p><font size=\"3\"><br \/><\/font><\/p>\n<\/div>\n<div class=\"MsoNormal\" style=\"font-family: 'Times New Roman';line-height: normal\">\n<p><font data-blogger-escaped-style=\"font-family: Times, Times New Roman, serif; font-size: large;\" face=\"\" size=\"3\">Jotkut nukkuvat helteell\u00e4 huonosti, mutta onneksi sellaista ongelmaa ei meill\u00e4 ole ollut. Tuuletin on hurissut y\u00f6t makkarin ikkunalla, p\u00e4ivisin lattialla koirien helpotuksena, mutta ilmastointia emme ole k\u00e4ytt\u00e4neet edes autossa. Niksi on nimitt\u00e4in siin\u00e4, ett\u00e4 ilmastointi ei anna kehon tottua l\u00e4mp\u00f6\u00f6n eik\u00e4 suorittaa omia s\u00e4\u00e4t\u00f6j\u00e4\u00e4n. Kun k\u00e4ytt\u00e4\u00e4 keinotekoista viilennyst\u00e4 niin v\u00e4h\u00e4n kuin mahdollista, l\u00e4mpim\u00e4\u00e4n tottuu.<\/font><\/p>\n<\/div>\n<div class=\"MsoNormal\" style=\"font-family: 'Times New Roman';line-height: normal\">\n<p><font size=\"3\"><br \/><\/font><\/p>\n<\/div>\n<div class=\"MsoNormal\" style=\"font-family: 'Times New Roman';line-height: normal\">\n<p><font data-blogger-escaped-style=\"font-family: Times, Times New Roman, serif; font-size: large;\" face=\"\" size=\"3\">Kuumalla on tietysti huono harjoittaa ruumiinkulttuuria, eiv\u00e4tk\u00e4 koiratkaan jaksa tehd\u00e4 lenkkej\u00e4 aurinkoiseen aikaan. Liikunta onkin painottunut uimiseen, johon meill\u00e4 on ollut aivan upeat mahdollisuudet l\u00e4heisell\u00e4 Megali Paralialla, Isolla Rannalla, koirinemme kaikkinemme. Vesi virkist\u00e4\u00e4, mutta kun uinnin j\u00e4lkeen on kiivett\u00e4v\u00e4 kilometri kyl\u00e4tiet\u00e4 kotiin, niin virkistys on sill\u00e4 sivuutettu. No, hyv\u00e4ll\u00e4 omallatunnolla voi korkata janojuoman, kun on uurastettu jo sen edest\u00e4.<\/font><\/p>\n<\/div>\n<div class=\"MsoNormal\" style=\"font-family: 'Times New Roman';line-height: normal\">\n<p><font data-blogger-escaped-style=\"font-family: Times, Times New Roman, serif; font-size: large;\" face=\"\" size=\"3\"><br \/><\/font><\/p>\n<\/div>\n<table align=\"center\" cellpadding=\"0\" cellspacing=\"0\" class=\"tr-caption-container\" data-blogger-escaped-style=\"margin-left: auto; margin-right: auto; text-align: center;\" style=\"padding: 6px;margin-bottom: 0.5em;font-family: 'Times New Roman';margin-left: auto;margin-right: auto;text-align: center\">\n<tbody>\n<tr>\n<td data-blogger-escaped-style=\"text-align: center;\">\n<p><a data-blogger-escaped-style=\"margin-left: auto; margin-right: auto; text-align: center;\" href=\"http:\/\/2.bp.blogspot.com\/-MdQDBE550BQ\/VhQEG8FbfMI\/AAAAAAAAAzA\/Sb5PBWqn3zc\/s1600\/20150612%2B%25285%2529.JPG\" style=\"margin-left: auto;margin-right: auto\"><font size=\"3\"><img loading=\"lazy\" decoding=\"async\" border=\"0\" height=\"266\" src=\"https:\/\/2.bp.blogspot.com\/-MdQDBE550BQ\/VhQEG8FbfMI\/AAAAAAAAAzA\/Sb5PBWqn3zc\/s400\/20150612%2B%25285%2529.JPG\" width=\"400\" style=\"cursor: move\"><\/font><\/a><\/p>\n<\/td>\n<\/tr>\n<tr>\n<td class=\"tr-caption\" data-blogger-escaped-style=\"text-align: center;\" style=\"padding-top: 4px\">\n<p><font data-blogger-escaped-style=\"font-size: large;\" size=\"3\">Megali Paralia, Koutsounari<br \/>Tilaa riitt\u00e4\u00e4!<\/font><\/p>\n<\/td>\n<\/tr>\n<\/tbody>\n<\/table>\n<div class=\"MsoNormal\" style=\"font-family: 'Times New Roman';line-height: normal\">\n<p><font size=\"3\"><br \/><\/font><\/p>\n<\/div>\n<div class=\"MsoNormal\" style=\"font-family: 'Times New Roman';line-height: normal\">\n<p><font data-blogger-escaped-style=\"font-family: Times, Times New Roman, serif; font-size: large;\" face=\"\" size=\"3\">Syyskuussa yll\u00e4ttiv\u00e4t kunnon helteet, vaikka viile\u00e4mp\u00e4\u00e4 odoteltiin. Mittarimme k\u00e4vi enn\u00e4tyslukemissa, jopa 37 terassimme varjossa, ruotsalaisilla naapureillamme 42 asteessa. T\u00e4nne saapuu ihmisi\u00e4 lomailemaan juuri syyskuussa sopivan l\u00e4mpim\u00e4n mutta ei tukalan s\u00e4\u00e4n toivossa. Nyt taidettiin kuitenkin monen mielest\u00e4 pysy\u00e4 siell\u00e4 tukalan puolella.<\/font><\/p>\n<\/div>\n<div class=\"MsoNormal\" style=\"font-family: 'Times New Roman';line-height: normal\">\n<p><font size=\"3\"><br \/><\/font><\/p>\n<\/div>\n<div class=\"MsoNormal\" style=\"font-family: 'Times New Roman';line-height: normal\">\n<p><font data-blogger-escaped-style=\"font-family: Times, Times New Roman, serif; font-size: large;\" face=\"\" size=\"3\">Kuun puoliv\u00e4liss\u00e4 oli havaittavissa, miten ilma alkoi kuivua ja tuuli her\u00e4ill\u00e4 puhaltelemaan vuoren ylitse merelle p\u00e4in. It\u00e4-Kreetan vuorten laaksoista alkoi purkautua taivaalle pilvi\u00e4 kuin h\u00f6yry\u00e4 noidankattiloista. Rannikko pysytteli aurinkoisena, pilvet haihtuivat pian kohottuaan riitt\u00e4v\u00e4n korkealle. Todella hurja n\u00e4ky!<\/font><\/p>\n<\/div>\n<div class=\"MsoNormal\" style=\"font-family: 'Times New Roman';line-height: normal\">\n<p><font size=\"3\"><br \/><\/font><\/p>\n<\/div>\n<table align=\"center\" cellpadding=\"0\" cellspacing=\"0\" class=\"tr-caption-container\" data-blogger-escaped-style=\"margin-left: auto; margin-right: auto; text-align: center;\" style=\"padding: 6px;margin-bottom: 0.5em;font-family: 'Times New Roman';margin-left: auto;margin-right: auto;text-align: center\">\n<tbody>\n<tr>\n<td data-blogger-escaped-style=\"text-align: center;\">\n<p><a data-blogger-escaped-style=\"margin-left: auto; margin-right: auto;\" href=\"http:\/\/2.bp.blogspot.com\/-OwTkF9YYSJA\/VhQEILFIzSI\/AAAAAAAAAzo\/ecpSw4j2VZ8\/s1600\/20150912%2B%25289%2529.JPG\" style=\"margin-left: auto;margin-right: auto\"><font size=\"3\"><img loading=\"lazy\" decoding=\"async\" border=\"0\" height=\"266\" src=\"https:\/\/2.bp.blogspot.com\/-OwTkF9YYSJA\/VhQEILFIzSI\/AAAAAAAAAzo\/ecpSw4j2VZ8\/s400\/20150912%2B%25289%2529.JPG\" width=\"400\" style=\"cursor: move\"><\/font><\/a><\/p>\n<\/td>\n<\/tr>\n<tr>\n<td class=\"tr-caption\" data-blogger-escaped-style=\"text-align: center;\" style=\"padding-top: 4px\">\n<p><font data-blogger-escaped-style=\"font-size: large;\" size=\"3\">Noidankattila kiehuu<\/font><\/p>\n<\/td>\n<\/tr>\n<\/tbody>\n<\/table>\n<div class=\"MsoNormal\" style=\"font-family: 'Times New Roman';line-height: normal\">\n<p><font size=\"3\"><br \/><\/font><\/p>\n<\/div>\n<h3 style=\"font-family: 'Times New Roman';line-height: normal\"><font data-blogger-escaped-style=\"font-family: Times, Times New Roman, serif; font-size: large;\" face=\"\" size=\"3\">Tuli sade rankka, puolet tiest\u00e4 vei<\/font><\/h3>\n<div class=\"MsoNormal\" style=\"font-family: 'Times New Roman';line-height: normal\">\n<p><font size=\"3\"><br \/><\/font><\/p>\n<\/div>\n<div class=\"MsoNormal\" style=\"font-family: 'Times New Roman';line-height: normal\">\n<p><font data-blogger-escaped-style=\"font-family: Times, Times New Roman, serif; font-size: large;\" face=\"\" size=\"3\">Saimme viimein kokea my\u00f6s kuuluisat rankkasateet ja tulvivat tiet, kun syyskuun lopulla saarelle iski ukkosrintama. Hirmumyrsky\u00e4kin oli luvattu, mutta meid\u00e4n kohdallamme ei tuullut juurikaan, ihme kyll\u00e4. Vett\u00e4 satoi ensin yhden iltap\u00e4iv\u00e4n pikku kuuroina, sitten ukkonen vy\u00f6ryi n\u00e4ytt\u00e4v\u00e4sti p\u00e4\u00e4lle. Hienoin spektaakkeli oli iltay\u00f6st\u00e4 meren yl\u00e4puolella, miss\u00e4 vaaleanpunaiset salamat sukkuloivat pilvipeitteess\u00e4 ja heittiv\u00e4t v\u00e4lill\u00e4 atraimiaan meren aallokkoon. My\u00f6s vuoristossa jym\u00e4hti muutaman kerran, mutta rajuilma oli enemm\u00e4n ilotulitusta kuin pommitusta.<\/font><\/p>\n<\/div>\n<div class=\"MsoNormal\" style=\"font-family: 'Times New Roman';line-height: normal\">\n<p><font data-blogger-escaped-style=\"font-family: Times, Times New Roman, serif; font-size: large;\" face=\"\" size=\"3\"><br \/><\/font><\/p>\n<\/div>\n<div class=\"MsoNormal\" style=\"font-family: 'Times New Roman';line-height: normal\">\n<p><a data-blogger-escaped-style=\"clear: left; float: left; margin-bottom: 1em; margin-right: 1em; text-align: center;\" href=\"http:\/\/1.bp.blogspot.com\/-WZK4lBBwnlE\/VhQEJDzfrJI\/AAAAAAAAAzs\/ZvIU8bP9fZ0\/s1600\/20150922%2B%25281%2529.JPG\" style=\"clear: left;float: left;margin-bottom: 1em;margin-right: 1em;text-align: center\"><font size=\"3\"><img loading=\"lazy\" decoding=\"async\" border=\"0\" height=\"213\" src=\"https:\/\/1.bp.blogspot.com\/-WZK4lBBwnlE\/VhQEJDzfrJI\/AAAAAAAAAzs\/ZvIU8bP9fZ0\/s320\/20150922%2B%25281%2529.JPG\" width=\"320\" style=\"cursor: move\"><\/font><\/a><font data-blogger-escaped-style=\"font-family: Times, Times New Roman, serif; font-size: large;\" face=\"\" size=\"3\">&nbsp;<\/font><\/p>\n<\/div>\n<div class=\"MsoNormal\" style=\"font-family: 'Times New Roman';line-height: normal\">\n<p><font data-blogger-escaped-style=\"font-family: Times, Times New Roman, serif; font-size: large;\" face=\"\" size=\"3\">Seuraavana p\u00e4iv\u00e4n\u00e4 sitten satoi. Meill\u00e4 oli juuri vieras Suomesta ja sadetta uhmaten l\u00e4hdimme ajelulle v\u00e4h\u00e4n katselemaan paikkoja. Yl\u00e4maille johtavat tiet olivat muuttuneet savista vett\u00e4 tulviviksi virroiksi, ja puronuomat, jotka olimme tottuneet n\u00e4kem\u00e4\u00e4n tyhjill\u00e4\u00e4n, tulvivat yli \u00e4yr\u00e4ittens\u00e4. Mereen p\u00e4\u00e4stess\u00e4\u00e4n makea vesi ja muta muodostivat kauniin, turkoosinvihre\u00e4n vy\u00f6hykkeen rannan tuntumaan.<\/font><\/p>\n<\/div>\n<div class=\"MsoNormal\" style=\"font-family: 'Times New Roman';line-height: normal\">\n<p><font data-blogger-escaped-style=\"font-family: Times, Times New Roman, serif; font-size: large;\" face=\"\" size=\"3\"><br \/><\/font><\/p>\n<\/div>\n<div class=\"MsoNormal\" style=\"font-family: 'Times New Roman';line-height: normal\">\n<p><a data-blogger-escaped-style=\"margin-left: 1em; margin-right: 1em; text-align: center;\" href=\"http:\/\/2.bp.blogspot.com\/-zd5WUsm5d2Q\/VhQEJ4jo3qI\/AAAAAAAAAz4\/xQduY-KXQQc\/s1600\/20150922%2B%252811%2529.JPG\" style=\"margin-left: 1em;margin-right: 1em;text-align: center\"><font size=\"3\"><img loading=\"lazy\" decoding=\"async\" border=\"0\" height=\"266\" src=\"https:\/\/2.bp.blogspot.com\/-zd5WUsm5d2Q\/VhQEJ4jo3qI\/AAAAAAAAAz4\/xQduY-KXQQc\/s400\/20150922%2B%252811%2529.JPG\" width=\"400\" style=\"cursor: move\"><\/font><\/a><\/p>\n<\/div>\n<div class=\"MsoNormal\" style=\"font-family: 'Times New Roman';line-height: normal\">\n<p><font size=\"3\"><br \/><\/font><\/p>\n<\/div>\n<div class=\"MsoNormal\" style=\"font-family: 'Times New Roman';line-height: normal\">\n<p><font data-blogger-escaped-style=\"font-family: Times, Times New Roman, serif; font-size: large;\" face=\"\" size=\"3\">Pahin rankkasade laantui, joten p\u00e4\u00e4timme ajaa pienen lenkin Dikti-vuorten reunamille. Ylh\u00e4\u00e4ll\u00e4 n\u00e4kym\u00e4t peittyiv\u00e4t kuitenkin pilveen, joka sulki huiput kokonaan sis\u00e4\u00e4ns\u00e4 ja esti n\u00e4kem\u00e4st\u00e4 alemmas. Ajoimme hernerokkasumussa pitkin mutkikkaita vuoristoteit\u00e4 l\u00e4pi Kalamafkan ja Anatolin kylien.<\/font><\/p>\n<\/div>\n<div class=\"MsoNormal\" style=\"font-family: 'Times New Roman';line-height: normal\">\n<p><font data-blogger-escaped-style=\"font-family: Times, Times New Roman, serif; font-size: large;\" face=\"\" size=\"3\"><br \/><\/font><\/p>\n<\/div>\n<div class=\"MsoNormal\" style=\"font-family: 'Times New Roman';line-height: normal\">\n<p><a data-blogger-escaped-style=\"clear: right; float: right; margin-bottom: 1em; margin-left: 1em; text-align: center;\" href=\"http:\/\/2.bp.blogspot.com\/-2dZAGcGzEnc\/VhQEKLfJ0LI\/AAAAAAAAAz8\/a4XQrvGouCk\/s1600\/20150922%2B%252817%2529.jpg\" style=\"clear: right;float: right;margin-bottom: 1em;margin-left: 1em;text-align: center\"><font size=\"3\"><img loading=\"lazy\" decoding=\"async\" border=\"0\" height=\"240\" src=\"https:\/\/2.bp.blogspot.com\/-2dZAGcGzEnc\/VhQEKLfJ0LI\/AAAAAAAAAz8\/a4XQrvGouCk\/s320\/20150922%2B%252817%2529.jpg\" width=\"320\" style=\"cursor: move\"><\/font><\/a><\/p>\n<\/div>\n<div class=\"MsoNormal\" style=\"font-family: 'Times New Roman';line-height: normal\">\n<p><font data-blogger-escaped-style=\"font-family: Times, Times New Roman, serif; font-size: large;\" face=\"\" size=\"3\">Rinteess\u00e4, pilven alapuolella saimme Ier\u00e1petran rantatasangon lopulta n\u00e4kyviimme ja pys\u00e4hdyimme valokuvaamaan. Sep\u00e4s olikin hyv\u00e4, sill\u00e4 kuulimme kummaa suhinaa auton per\u00e4p\u00e4\u00e4st\u00e4. Rengas vuoti, siihen oli mennyt ruuvi jostakin sadeveden kuljettamasta roskakasasta. Tulipahan opeteltua, miten paikkaussarjan kompressori toimii. Onneksi olimme aivan lyhyen matkan p\u00e4\u00e4ss\u00e4 korjaamolta, josta olimme hankkineet kes\u00e4kuussa uudet renkaat. Siell\u00e4 reik\u00e4 paikattiin ilmaiseksi.<\/font><\/p>\n<\/div>\n<div class=\"MsoNormal\" style=\"font-family: 'Times New Roman';line-height: normal\">\n<p><font data-blogger-escaped-style=\"font-family: Times, Times New Roman, serif; font-size: large;\" face=\"\" size=\"3\"><br \/><\/font><\/p>\n<\/div>\n<table cellpadding=\"0\" cellspacing=\"0\" class=\"tr-caption-container\" data-blogger-escaped-style=\"float: left; margin-right: 1em; text-align: left;\" style=\"padding: 6px;margin-bottom: 0.5em;font-family: 'Times New Roman';float: left;margin-right: 1em\">\n<tbody>\n<tr>\n<td data-blogger-escaped-style=\"text-align: center;\" style=\"text-align: center\">\n<p><a data-blogger-escaped-style=\"clear: left; margin-bottom: 1em; margin-left: auto; margin-right: auto; text-align: center;\" href=\"http:\/\/3.bp.blogspot.com\/-69TNvIq1DA0\/VhQEKUUvVaI\/AAAAAAAAA0E\/AxS5RiBmJAI\/s1600\/20150922%2B%25286%2529.JPG\" style=\"clear: left;margin-bottom: 1em;margin-left: auto;margin-right: auto\"><font size=\"3\"><img loading=\"lazy\" decoding=\"async\" border=\"0\" height=\"213\" src=\"https:\/\/3.bp.blogspot.com\/-69TNvIq1DA0\/VhQEKUUvVaI\/AAAAAAAAA0E\/AxS5RiBmJAI\/s320\/20150922%2B%25286%2529.JPG\" width=\"320\" style=\"cursor: move\"><\/font><\/a><\/p>\n<\/td>\n<\/tr>\n<tr>\n<td class=\"tr-caption\" data-blogger-escaped-style=\"text-align: center;\" style=\"padding-top: 4px;text-align: center\">\n<p><font data-blogger-escaped-style=\"font-size: large;\" size=\"3\">Kasvihuoneet Ier\u00e1petran&nbsp;<br \/>it\u00e4puolella<\/font><\/p>\n<\/td>\n<\/tr>\n<\/tbody>\n<\/table>\n<div class=\"MsoNormal\" style=\"font-family: 'Times New Roman';line-height: normal\">\n<p><font data-blogger-escaped-style=\"font-family: Times, 'Times New Roman', serif; font-size: large;\" face=\"\" size=\"3\">Sateen j\u00e4lkeen aurinko palasi kirkkaansiniselle taivaalle ja l\u00e4mp\u00f6tila palasi taas kolmenkympin hujakoille. Kaskaatkin palasivat \u00e4\u00e4neen, oli outoa, kun pari p\u00e4iv\u00e4\u00e4 oli niiden osalta aivan hiljaista.&nbsp;<\/font><\/p>\n<\/div>\n<div class=\"MsoNormal\" style=\"font-family: 'Times New Roman';line-height: normal\">\n<p><font data-blogger-escaped-style=\"font-family: Times, 'Times New Roman', serif; font-size: large;\" face=\"\" size=\"3\"><br \/><\/font><\/p>\n<p><font data-blogger-escaped-style=\"font-family: Times, 'Times New Roman', serif; font-size: large;\" face=\"\" size=\"3\"><br \/><\/font><\/p>\n<p><font data-blogger-escaped-style=\"font-family: Times, 'Times New Roman', serif; font-size: large;\" face=\"\" size=\"3\"><br \/><\/font><\/p>\n<\/div>\n<div class=\"MsoNormal\" style=\"font-family: 'Times New Roman';line-height: normal\">\n<p><font data-blogger-escaped-style=\"font-family: Times, 'Times New Roman', serif; font-size: large;\" face=\"\" size=\"3\">Jotakin ukkonen kuitenkin muutti. Maisema oli sen j\u00e4lkeen kuin ter\u00e4v\u00e4piirrolla esitetty, loppukes\u00e4n hellep\u00e4ivien utu oli haihtunut taivaalle pikku pilvikummuiksi, joita vuorenhuippujen v\u00e4liset laaksot tuprauttelivat.<\/font><\/p>\n<p><\/p>\n<p><\/p>\n<p><a data-blogger-escaped-style=\"clear: right; display: inline !important; float: right; margin-bottom: 1em; margin-left: 1em; text-align: center;\" href=\"http:\/\/4.bp.blogspot.com\/-uSj4kzreiZQ\/VhQEG_uE0DI\/AAAAAAAAAzE\/UU9szXe81Pg\/s1600\/20150618%2B%25284%2529.JPG\" style=\"line-height: 1.5em;font-size: 11pt;clear: right;margin-bottom: 1em;margin-left: 1em;text-align: center\"><img loading=\"lazy\" decoding=\"async\" border=\"0\" height=\"213\" src=\"https:\/\/4.bp.blogspot.com\/-uSj4kzreiZQ\/VhQEG_uE0DI\/AAAAAAAAAzE\/UU9szXe81Pg\/s320\/20150618%2B%25284%2529.JPG\" width=\"320\" style=\"cursor: move\"><\/a><\/p>\n<\/div>\n<div class=\"MsoNormal\" style=\"font-family: 'Times New Roman';font-size: medium;line-height: normal\">\n<\/div>\n<div class=\"MsoNormal\" style=\"font-family: 'Times New Roman';font-size: medium;line-height: normal\">\n<p><\/p>\n<\/div>\n<h3 style=\"font-family: 'Times New Roman';line-height: normal\"><\/h3>\n<h3 style=\"font-family: 'Times New Roman';line-height: normal\"><font size=\"3\"><font data-blogger-escaped-style=\"font-family: Times, Times New Roman, serif; font-size: large;\" face=\"\">Turistit alkavat v\u00e4het\u00e4 ja&nbsp;<\/font><font data-blogger-escaped-style=\"font-family: Times, 'Times New Roman', serif; font-size: large;\" face=\"\">muuttolinnut saapua<\/font><\/font><\/h3>\n<div class=\"MsoNormal\" style=\"font-family: 'Times New Roman';line-height: normal\">\n<p><font size=\"3\"><br \/><\/font><\/p>\n<\/div>\n<div class=\"MsoNormal\" style=\"font-family: 'Times New Roman';line-height: normal\">\n<p><font data-blogger-escaped-style=\"font-family: Times, Times New Roman, serif; font-size: large;\" face=\"\" size=\"3\">Toista Meltemi\u00e4 olemme saaneet odotella n\u00e4ihin p\u00e4iviin. Sen pit\u00e4isi puhallella hein\u00e4- ja lokakuun v\u00e4lill\u00e4, mutta se on t\u00e4n\u00e4 syksyn\u00e4 antanut vartoa itse\u00e4\u00e4n. Muutamia yritelmi\u00e4 on ollut, nyt on taas tyynt\u00e4 parin p\u00e4iv\u00e4n ja y\u00f6n hujelluksen j\u00e4lkeen.<\/font><\/p>\n<\/div>\n<div class=\"MsoNormal\" style=\"font-family: 'Times New Roman';line-height: normal\">\n<p><font size=\"3\"><br \/><\/font><\/p>\n<\/div>\n<div class=\"MsoNormal\" style=\"font-family: 'Times New Roman';line-height: normal\">\n<p><font data-blogger-escaped-style=\"font-family: Times, Times New Roman, serif; font-size: large;\" face=\"\"><font size=\"3\">Lokakuu on alkanut. Syksy alkaa tehd\u00e4 tuloaan. Sen pit\u00e4isi tarkoittaa joitakin sadekuuroja, mutta p\u00e4\u00e4osin hyvi\u00e4 ulkoiluilmoja. P\u00e4\u00e4semme retkeilem\u00e4\u00e4n vuorille, kun koirat eiv\u00e4t en\u00e4\u00e4 ole vaarassa l\u00e4k\u00e4hty\u00e4. Ihmisetkin jaksavat touhuta: kasvimaita on alettu kunnostaa pihoissa. Salaatin, kaalien ja porkkanan kasvukausi on aluillaan.<\/font><\/font><\/p>\n<\/div>\n<div class=\"MsoNormal\" style=\"font-family: 'Times New Roman';font-size: medium;line-height: normal\">\n<p><font data-blogger-escaped-style=\"font-family: Times, Times New Roman, serif; font-size: large;\" face=\"\" size=\"5\"><br \/><\/font><\/p>\n<\/div>\n<table cellpadding=\"0\" cellspacing=\"0\" class=\"tr-caption-container\" data-blogger-escaped-style=\"float: left; margin-right: 1em; text-align: left;\" style=\"padding: 6px;margin-bottom: 0.5em;font-family: 'Times New Roman';float: left;margin-right: 1em\">\n<tbody>\n<tr>\n<td data-blogger-escaped-style=\"text-align: center;\" style=\"text-align: center\">\n<p><a data-blogger-escaped-style=\"clear: left; margin-bottom: 1em; margin-left: auto; margin-right: auto; text-align: center;\" href=\"http:\/\/4.bp.blogspot.com\/-MOczO5-HsSA\/VhQEISkgecI\/AAAAAAAAAzk\/60qDr6MjAMc\/s1600\/20150913%2B%252818%2529.jpg\" style=\"clear: left;margin-bottom: 1em;margin-left: auto;margin-right: auto\"><img loading=\"lazy\" decoding=\"async\" border=\"0\" height=\"240\" src=\"https:\/\/4.bp.blogspot.com\/-MOczO5-HsSA\/VhQEISkgecI\/AAAAAAAAAzk\/60qDr6MjAMc\/s320\/20150913%2B%252818%2529.jpg\" width=\"320\" style=\"cursor: move\"><\/a><\/p>\n<\/td>\n<\/tr>\n<tr>\n<td class=\"tr-caption\" data-blogger-escaped-style=\"text-align: center;\" style=\"padding-top: 4px;text-align: center\">\n<p><font data-blogger-escaped-style=\"font-size: large;\" size=\"3\">Laaksossa paistaa,&nbsp;<br \/>vuorilla on pilvist\u00e4.<br \/>Ha&#8217;n rotko&nbsp;<br \/>Vassilikista katsottuna.<\/font><\/p>\n<\/td>\n<\/tr>\n<\/tbody>\n<\/table>\n<div class=\"MsoNormal\" style=\"font-family: 'Times New Roman';line-height: normal\">\n<p><font data-blogger-escaped-style=\"font-family: Times, 'Times New Roman', serif; font-size: large;\" face=\"\" size=\"3\">Aurinko on selv\u00e4sti alentunut, sen kaari kulkee hitusen l\u00e4hemp\u00e4n\u00e4 merta. V\u00e4h\u00e4n samoin kuin Suomen keskikes\u00e4ll\u00e4. Yll\u00e4tt\u00e4en se on vaikuttanut meid\u00e4n asunnollamme siten, ett\u00e4 terassilla on nyt kuuma, kun aurinko paistaa siihen osan p\u00e4iv\u00e4\u00e4 katon reunan alitse.<\/font><\/p>\n<\/div>\n<div class=\"MsoNormal\" style=\"font-family: 'Times New Roman';line-height: normal\">\n<p><font size=\"3\"><br \/><\/font><\/p>\n<\/div>\n<div class=\"MsoNormal\" style=\"font-family: 'Times New Roman';line-height: normal\">\n<p><font data-blogger-escaped-style=\"font-family: Times, Times New Roman, serif; font-size: large;\" face=\"\" size=\"3\">Illalla on pit\u00e4nyt varata pitk\u00e4\u00e4 vaatetta p\u00e4\u00e4lle, ainakin jos l\u00e4htee liikkeelle moottoripy\u00f6r\u00e4ll\u00e4. Palella ei ole kuitenkaan viel\u00e4 tarvinnut, tuntuma on, ett\u00e4 l\u00e4mm\u00f6t ovat pysyneet \u00f6isinkin yli 23 \u2013 24 asteen. Kaskaat eiv\u00e4t en\u00e4\u00e4 johda konserttia, vaan jopa laululintujen \u00e4\u00e4nt\u00e4 on alkanut kuulua ihan kuin Suomessa kev\u00e4isin, kun muuttolinnut saapuvat.<\/font><\/p>\n<\/div>\n<div class=\"MsoNormal\" style=\"font-family: 'Times New Roman';line-height: normal\">\n<p><font size=\"3\"><br \/><\/font><\/p>\n<\/div>\n<p style=\"font-family: 'Times New Roman';line-height: normal\"><font size=\"3\"><br \/><\/font><\/p>\n<div class=\"MsoNormal\" style=\"font-family: 'Times New Roman';line-height: normal\">\n<p><font data-blogger-escaped-style=\"font-family: Times, Times New Roman, serif; font-size: large;\" face=\"\" size=\"3\">Suurin osa turisteista on l\u00e4htenyt, mutta uimista ei tarvitse lopettaa, suuri meri ei ihan heti j\u00e4\u00e4hdy. On aika makeaa k\u00f6ll\u00f6tt\u00e4\u00e4 autioituneella hiekkarannalla ja uida ilman kanssa melkein saman l\u00e4mp\u00f6isen\u00e4 tyrskiv\u00e4ss\u00e4 meress\u00e4, kun tiet\u00e4\u00e4, ett\u00e4 kotimaassa aletaan odotella ensilumia.<\/font><font size=\"3\"><\/font><\/p>\n<\/div>\n<div class=\"MsoNormal\" style=\"font-family: 'Times New Roman';font-size: medium;line-height: normal\">\n<p><font data-blogger-escaped-style=\"font-family: Times, Times New Roman, serif; font-size: large;\" face=\"\" size=\"5\"><br \/><\/font><\/p>\n<\/div>\n<div class=\"MsoNormal\" style=\"font-family: 'Times New Roman';font-size: medium;line-height: normal\">\n<p><a data-blogger-escaped-style=\"margin-left: 1em; margin-right: 1em; text-align: center;\" href=\"http:\/\/1.bp.blogspot.com\/-7nJCybpE24Q\/VhQEJfABQzI\/AAAAAAAAAzw\/OOv6FKSDh5s\/s1600\/20150922%2B%252810%2529.JPG\" style=\"margin-left: 1em;margin-right: 1em;text-align: center\"><img loading=\"lazy\" decoding=\"async\" border=\"0\" height=\"266\" src=\"https:\/\/1.bp.blogspot.com\/-7nJCybpE24Q\/VhQEJfABQzI\/AAAAAAAAAzw\/OOv6FKSDh5s\/s400\/20150922%2B%252810%2529.JPG\" width=\"400\" style=\"cursor: move\"><\/a><\/p>\n<\/div>\n<p class=\"separator\" data-blogger-escaped-style=\"clear: both; text-align: center;\" style=\"font-family: 'Times New Roman';font-size: medium;line-height: normal;clear: both;text-align: center\"><\/p>\n<p style=\"font-family: 'Times New Roman';font-size: medium;line-height: normal\"><\/p>\n<p style=\"font-family: 'Times New Roman';font-size: medium;line-height: normal\">Kreetalta: Jyk\u00e4 ja Lissu<\/p>\n<p style=\"font-family: 'Times New Roman';font-size: medium;line-height: normal\"><\/p>\n<\/div>\n<div>\n<p class=\"MsoNoSpacing\">Dafni-bokserin seikkailut Kreetalla: <a href=\"http:\/\/koiramainenkreikkakeikka.blogspot.fi\/\">http:\/\/koiramainenkreikkakeikka.blogspot.fi\/<\/a>\n<\/p>\n<p class=\"MsoNoSpacing\">Kreikan-matkailua meid\u00e4n silmin: <a href=\"http:\/\/tavernaikosi.blogspot.fi\/\">http:\/\/tavernaikosi.blogspot.fi\/<\/a> <\/p>\n<\/div>\n","protected":false},"excerpt":{"rendered":"<p>Loppuuko helle ukkoseen?Syyskuun puoliv\u00e4liss\u00e4 taivas pukeutui tummiin. Sit\u00e4h\u00e4n t\u00e4nne oikeastaan l\u00e4hdettiin katsomaan, ett\u00e4 mink\u00e4moiset ovat Kreetan s\u00e4\u00e4t verrattuna is\u00e4nmaan \u00e4idillisiin kuritusotteisiin, joissa viima vihmoo ja tuuli tuivertaa. Saavuimme kes\u00e4kuussa ja nyt alkaa ovella h\u00e4\u00e4m\u00f6tt\u00e4\u00e4&#46;&#46;&#46;<\/p>\n","protected":false},"author":4,"featured_media":0,"comment_status":"closed","ping_status":"closed","sticky":false,"template":"","format":"standard","meta":{"_acf_changed":false,"footnotes":""},"categories":[1],"tags":[],"class_list":["post-65","post","type-post","status-publish","format-standard","hentry","category-yleinen"],"acf":[],"_links":{"self":[{"href":"https:\/\/blogit.kreeta.info\/vuosikreetalla\/wp-json\/wp\/v2\/posts\/65","targetHints":{"allow":["GET"]}}],"collection":[{"href":"https:\/\/blogit.kreeta.info\/vuosikreetalla\/wp-json\/wp\/v2\/posts"}],"about":[{"href":"https:\/\/blogit.kreeta.info\/vuosikreetalla\/wp-json\/wp\/v2\/types\/post"}],"author":[{"embeddable":true,"href":"https:\/\/blogit.kreeta.info\/vuosikreetalla\/wp-json\/wp\/v2\/users\/4"}],"replies":[{"embeddable":true,"href":"https:\/\/blogit.kreeta.info\/vuosikreetalla\/wp-json\/wp\/v2\/comments?post=65"}],"version-history":[{"count":1,"href":"https:\/\/blogit.kreeta.info\/vuosikreetalla\/wp-json\/wp\/v2\/posts\/65\/revisions"}],"predecessor-version":[{"id":107,"href":"https:\/\/blogit.kreeta.info\/vuosikreetalla\/wp-json\/wp\/v2\/posts\/65\/revisions\/107"}],"wp:attachment":[{"href":"https:\/\/blogit.kreeta.info\/vuosikreetalla\/wp-json\/wp\/v2\/media?parent=65"}],"wp:term":[{"taxonomy":"category","embeddable":true,"href":"https:\/\/blogit.kreeta.info\/vuosikreetalla\/wp-json\/wp\/v2\/categories?post=65"},{"taxonomy":"post_tag","embeddable":true,"href":"https:\/\/blogit.kreeta.info\/vuosikreetalla\/wp-json\/wp\/v2\/tags?post=65"}],"curies":[{"name":"wp","href":"https:\/\/api.w.org\/{rel}","templated":true}]}}