{"id":68,"date":"2015-12-23T14:13:15","date_gmt":"2015-12-23T12:13:15","guid":{"rendered":"https:\/\/blogit.kreeta.info\/vuosikreetalla\/hyvaa-joulua\/"},"modified":"2024-01-10T10:11:06","modified_gmt":"2024-01-10T08:11:06","slug":"hyvaa-joulua","status":"publish","type":"post","link":"https:\/\/blogit.kreeta.info\/vuosikreetalla\/hyvaa-joulua\/","title":{"rendered":"Hyv\u00e4\u00e4 joulua!"},"content":{"rendered":"<p style=\"font-family: 'Times New Roman';font-size: medium;line-height: normal\"><font face=\"Times, Times New Roman, serif\" size=\"5\">&#8221;K\u00e4y l\u00e4mmin henk\u00e4ys talvis\u00e4\u00e4ss\u00e4&#8221;<\/font><\/p>\n<p style=\"font-family: 'Times New Roman';font-size: medium;line-height: normal\"><font face=\"Times, Times New Roman, serif\" size=\"5\">&#8221;No onkos tullut kes\u00e4 nyt talven keskelle&#8221;<\/font><\/p>\n<p style=\"font-family: 'Times New Roman';font-size: medium;line-height: normal\"><font face=\"Times, Times New Roman, serif\" size=\"5\">&#8221;Mis&#8217; sypressit tuoksuvat talvellakin&#8221;<\/font><\/p>\n<p style=\"font-family: 'Times New Roman';font-size: medium;line-height: normal\"><font face=\"Times, Times New Roman, serif\" size=\"5\">&#8221;Arkihuolesi kaikki heit\u00e4&#8221;<\/font><\/p>\n<p style=\"font-family: 'Times New Roman';font-size: medium;line-height: normal\"><font face=\"Times, Times New Roman, serif\" size=\"5\"><br \/><\/font><font face=\"Times, 'Times New Roman', serif\" size=\"5\">Moni suomalainen joululaulu sopii t\u00e4m\u00e4n kuvan tunnelmaan!<\/font><\/p>\n<p style=\"font-family: 'Times New Roman';font-size: medium;line-height: normal\"><\/p>\n<p class=\"separator\" style=\"font-family: 'Times New Roman';font-size: medium;line-height: normal;clear: both;text-align: center\"><a href=\"http:\/\/4.bp.blogspot.com\/-Tf62qOSm2nw\/Vnqph6GJxLI\/AAAAAAAAA5o\/1nCs-7wr6wo\/s1600\/Joulu2%2B2015.jpg\" style=\"margin-left: 1em;margin-right: 1em\"><img loading=\"lazy\" decoding=\"async\" border=\"0\" height=\"425\" src=\"https:\/\/4.bp.blogspot.com\/-Tf62qOSm2nw\/Vnqph6GJxLI\/AAAAAAAAA5o\/1nCs-7wr6wo\/s640\/Joulu2%2B2015.jpg\" width=\"640\" style=\"cursor: move\"><\/a><\/p>\n<p style=\"font-family: 'Times New Roman';font-size: medium;line-height: normal\"><\/p>\n<p style=\"font-family: 'Times New Roman';font-size: medium;line-height: normal\"><\/p>\n<p style=\"font-family: 'Times New Roman';font-size: medium;line-height: normal\"><font face=\"Times, Times New Roman, serif\" size=\"5\">&nbsp;Haluamme toivottaa kaikille lukijoille l\u00e4mmint\u00e4 joulumielt\u00e4 ja mielenkiintoista uutta vuotta 2016!&nbsp;<\/font><\/p>\n<p style=\"font-family: 'Times New Roman';font-size: medium;line-height: normal\"><font face=\"Times, Times New Roman, serif\" size=\"5\"><br \/><\/font><font face=\"Times, Times New Roman, serif\" size=\"5\">Meid\u00e4n reissumme on nyt puoliv\u00e4liss\u00e4. Palataan pian uusin jutuin ja kuvin muistelemaan vuotta 2015.<\/font><\/p>\n","protected":false},"excerpt":{"rendered":"<p>&#8221;K\u00e4y l\u00e4mmin henk\u00e4ys talvis\u00e4\u00e4ss\u00e4&#8221; &#8221;No onkos tullut kes\u00e4 nyt talven keskelle&#8221; &#8221;Mis&#8217; sypressit tuoksuvat talvellakin&#8221; &#8221;Arkihuolesi kaikki heit\u00e4&#8221; Moni suomalainen joululaulu sopii t\u00e4m\u00e4n kuvan tunnelmaan! &nbsp;Haluamme toivottaa kaikille lukijoille l\u00e4mmint\u00e4 joulumielt\u00e4 ja mielenkiintoista uutta&#46;&#46;&#46;<\/p>\n","protected":false},"author":4,"featured_media":0,"comment_status":"closed","ping_status":"closed","sticky":false,"template":"","format":"standard","meta":{"_acf_changed":false,"footnotes":""},"categories":[1],"tags":[],"class_list":["post-68","post","type-post","status-publish","format-standard","hentry","category-yleinen"],"acf":[],"_links":{"self":[{"href":"https:\/\/blogit.kreeta.info\/vuosikreetalla\/wp-json\/wp\/v2\/posts\/68","targetHints":{"allow":["GET"]}}],"collection":[{"href":"https:\/\/blogit.kreeta.info\/vuosikreetalla\/wp-json\/wp\/v2\/posts"}],"about":[{"href":"https:\/\/blogit.kreeta.info\/vuosikreetalla\/wp-json\/wp\/v2\/types\/post"}],"author":[{"embeddable":true,"href":"https:\/\/blogit.kreeta.info\/vuosikreetalla\/wp-json\/wp\/v2\/users\/4"}],"replies":[{"embeddable":true,"href":"https:\/\/blogit.kreeta.info\/vuosikreetalla\/wp-json\/wp\/v2\/comments?post=68"}],"version-history":[{"count":1,"href":"https:\/\/blogit.kreeta.info\/vuosikreetalla\/wp-json\/wp\/v2\/posts\/68\/revisions"}],"predecessor-version":[{"id":104,"href":"https:\/\/blogit.kreeta.info\/vuosikreetalla\/wp-json\/wp\/v2\/posts\/68\/revisions\/104"}],"wp:attachment":[{"href":"https:\/\/blogit.kreeta.info\/vuosikreetalla\/wp-json\/wp\/v2\/media?parent=68"}],"wp:term":[{"taxonomy":"category","embeddable":true,"href":"https:\/\/blogit.kreeta.info\/vuosikreetalla\/wp-json\/wp\/v2\/categories?post=68"},{"taxonomy":"post_tag","embeddable":true,"href":"https:\/\/blogit.kreeta.info\/vuosikreetalla\/wp-json\/wp\/v2\/tags?post=68"}],"curies":[{"name":"wp","href":"https:\/\/api.w.org\/{rel}","templated":true}]}}