{"id":69,"date":"2016-01-02T16:57:26","date_gmt":"2016-01-02T14:57:26","guid":{"rendered":"https:\/\/blogit.kreeta.info\/vuosikreetalla\/hyvaa-uutta-vuotta\/"},"modified":"2024-01-10T10:10:24","modified_gmt":"2024-01-10T08:10:24","slug":"hyvaa-uutta-vuotta","status":"publish","type":"post","link":"https:\/\/blogit.kreeta.info\/vuosikreetalla\/hyvaa-uutta-vuotta\/","title":{"rendered":"Hyv\u00e4\u00e4 Uutta Vuotta"},"content":{"rendered":"<p><\/p>\n<div>\n<div class=\"MsoNormal\" style=\"line-height: normal\">\n<p><a href=\"http:\/\/2.bp.blogspot.com\/-22_n-liLldE\/VofmlTkkQMI\/AAAAAAAAA6U\/QY_jP1g1wa8\/s1600\/20151118%2B%252812%2529.JPG\" style=\"font-family: 'Times New Roman';font-size: medium;text-align: center;clear: left;margin-bottom: 1em;float: left;margin-right: 1em\"><img loading=\"lazy\" decoding=\"async\" border=\"0\" height=\"132\" src=\"https:\/\/2.bp.blogspot.com\/-22_n-liLldE\/VofmlTkkQMI\/AAAAAAAAA6U\/QY_jP1g1wa8\/s200\/20151118%2B%252812%2529.JPG\" width=\"200\" style=\"cursor: move\"><\/a><font size=\"3\" face=\"arial\">Ja niin joulu joutui my\u00f6s t\u00e4nne etel\u00e4\u00e4n! Reissu on puoliv\u00e4liss\u00e4 ja monta uutta asiaa on koettu ja n\u00e4hty. Saldo ehdottomasti positiivisen puolella. Nyt on aika tehd\u00e4 uuden vuoden lupaus: jatketaan t\u00e4ytt\u00e4 el\u00e4m\u00e4\u00e4 tulevakin vuosi.<\/font><\/p>\n<\/div>\n<div class=\"MsoNormal\" style=\"line-height: normal\">\n<p><font size=\"3\" face=\"arial\"><\/font><\/p>\n<\/div>\n<div class=\"MsoNormal\" style=\"line-height: normal\">\n<p><font size=\"3\" face=\"arial\"><br \/><\/font><\/p>\n<\/div>\n<h3 style=\"line-height: normal\"><font size=\"3\" face=\"arial\">Marraskuu<\/font><\/h3>\n<div class=\"MsoNormal\" style=\"line-height: normal\">\n<p><font size=\"3\" face=\"arial\"><br \/><\/font><\/p>\n<\/div>\n<div class=\"MsoNormal\" style=\"line-height: normal\">\n<p><font size=\"3\" face=\"arial\">Syksy tuli varkain, oikeastaan sen merkkej\u00e4 saattoi lukea enemm\u00e4n ihmisten toimien muutoksista kuin s\u00e4\u00e4st\u00e4. Me suomalaiset kuljeksimme viel\u00e4 sujuvasti sortseissa, mutta kaupunkikuvassa rupesi n\u00e4kym\u00e4\u00e4n talvivaatetusta. Voi kai se kreetalaiselle tarkoittaa syksy\u00e4, jos l\u00e4mp\u00f6tila tipahtaa melkein kymmenen astetta viikossa, parissa.<\/font><\/p>\n<\/div>\n<div class=\"MsoNormal\" style=\"line-height: normal\">\n<p><font size=\"3\" face=\"arial\"><br \/><\/font><\/p>\n<\/div>\n<div class=\"MsoNormal\" style=\"line-height: normal\">\n<p><font size=\"3\" face=\"arial\">Meid\u00e4n n\u00e4k\u00f6kulmastamme s\u00e4\u00e4t alkoivat muistuttaa Suomen kes\u00e4n parhaita kelej\u00e4. Nautimme t\u00e4ysill\u00e4 hyvist\u00e4 ulkoilus\u00e4ist\u00e4. Aurinko paistoi, l\u00e4mp\u00f6tilat asettuivat plus-miinus kahteenkymmeneen viiteen, merivesi oli varmaan yht\u00e4 l\u00e4mmint\u00e4 kuin ilma. Yksi tai kaksi pilvisemp\u00e4\u00e4 p\u00e4iv\u00e4\u00e4 purjehti saaren ylitse, nek\u00e4\u00e4n eiv\u00e4t menneet l\u00e4mp\u00f6tiloiltaan alle siedett\u00e4v\u00e4n.<\/font><\/p>\n<\/div>\n<div class=\"MsoNormal\" style=\"line-height: normal\">\n<p><font size=\"3\" face=\"arial\"><br \/><\/font><\/p>\n<\/div>\n<table align=\"center\" cellpadding=\"0\" cellspacing=\"0\" class=\"tr-caption-container\" style=\"padding: 6px;margin-bottom: 0.5em;margin-left: auto;margin-right: auto;text-align: center\">\n<tbody>\n<tr>\n<td>\n<p><a href=\"http:\/\/4.bp.blogspot.com\/-A0b6j8iSgvU\/Vofmmz47quI\/AAAAAAAAA60\/fh2K2sTYw7M\/s1600\/20151128.jpg\" style=\"margin-left: auto;margin-right: auto\"><font size=\"3\" face=\"arial\"><img loading=\"lazy\" decoding=\"async\" border=\"0\" height=\"240\" src=\"https:\/\/4.bp.blogspot.com\/-A0b6j8iSgvU\/Vofmmz47quI\/AAAAAAAAA60\/fh2K2sTYw7M\/s320\/20151128.jpg\" width=\"320\" style=\"cursor: move\"><\/font><\/a><\/p>\n<\/td>\n<\/tr>\n<tr>\n<td class=\"tr-caption\" style=\"padding-top: 4px\">\n<p><font size=\"3\" face=\"arial\">Ierapetran rantabasaarit ovat&nbsp;<br \/>v\u00e4istyneet talven tyrskyjen tielt\u00e4<\/font><\/p>\n<\/td>\n<\/tr>\n<\/tbody>\n<\/table>\n<div class=\"MsoNormal\" style=\"line-height: normal\">\n<p><font size=\"3\" face=\"arial\"><\/font><\/p>\n<\/div>\n<div class=\"MsoNormal\" style=\"line-height: normal\">\n<p><font size=\"3\" face=\"arial\">Marraskuun alussa kyl\u00e4mme hiljeni. Useimmat tavernat, minimarketit ja turistirihkamakaupat sulkivat ovensa. Hotellit tyhjeniv\u00e4t, uima-altaat samoin. Oli suorastaan pikkuisen haikeaa, kun usean naapurin valot eiv\u00e4t en\u00e4\u00e4 iltaisin syttyneet. Tunnelma oli levoton kuin loman viimeisin\u00e4 p\u00e4ivin\u00e4. Piti ihan tsempata toinen toistamme, ett\u00e4 hei: me j\u00e4\u00e4d\u00e4\u00e4n t\u00e4nne, tyhjentyk\u00f6\u00f6t vaikka koko saari! Muutamana helteisen\u00e4 p\u00e4iv\u00e4n\u00e4 olikin komiaa omistaa ihan koko ranta.<\/font><\/p>\n<\/div>\n<div class=\"MsoNormal\" style=\"line-height: normal\">\n<p><font size=\"3\" face=\"arial\"><br \/><\/font><\/p>\n<\/div>\n<div class=\"MsoNormal\" style=\"line-height: normal\">\n<p><font size=\"3\" face=\"arial\">Omakotitaloissa jo aiemmin alkanut nurkkien pakkelointi ja rappaaminen tarttui matkailualan yrityksiin. Paikkoja korjailtiin, siistittiin ja maalattiin tulevaa kautta varten. Optimismia on ilmassa, p\u00e4\u00e4kadun varrella kunnostetaan liiketiloja, jotka ovat olleet koko kes\u00e4n kiinni. Toisaalta pieni neuleliike piti loppuunmyynnin, koska lokakuussa asiakkaita oli k\u00e4ynyt vain kolme. Myynti siirtyi nettiin, joten onneksi ihan konkurssi ei yritt\u00e4j\u00e4\u00e4 selk\u00e4\u00e4n koputtele.<\/font><\/p>\n<\/div>\n<div class=\"MsoNormal\" style=\"line-height: normal\">\n<p><font size=\"3\" face=\"arial\"><br \/><\/font><\/p>\n<\/div>\n<table cellpadding=\"0\" cellspacing=\"0\" class=\"tr-caption-container\" style=\"padding: 6px;margin-bottom: 0.5em;float: left;margin-right: 1em\">\n<tbody>\n<tr>\n<td style=\"text-align: center\">\n<p><a href=\"http:\/\/4.bp.blogspot.com\/-cbADoqFRWVw\/VofmqdNns6I\/AAAAAAAAA8I\/jgHIFolIdko\/s1600\/20151222%2B%252812%2529.JPG\" style=\"clear: left;margin-bottom: 1em;margin-left: auto;margin-right: auto\"><font size=\"3\" face=\"arial\"><img loading=\"lazy\" decoding=\"async\" border=\"0\" height=\"240\" src=\"https:\/\/4.bp.blogspot.com\/-cbADoqFRWVw\/VofmqdNns6I\/AAAAAAAAA8I\/jgHIFolIdko\/s320\/20151222%2B%252812%2529.JPG\" width=\"320\" style=\"cursor: move\"><\/font><\/a><\/p>\n<\/td>\n<\/tr>\n<tr>\n<td class=\"tr-caption\" style=\"padding-top: 4px;text-align: center\">\n<p><font size=\"3\" face=\"arial\">Oliivipuristamojen pihat&nbsp;<br \/>t\u00e4yttyv\u00e4t t\u00e4ysist\u00e4 oliivis\u00e4keist\u00e4<\/font><\/p>\n<\/td>\n<\/tr>\n<\/tbody>\n<\/table>\n<div class=\"MsoNormal\" style=\"line-height: normal\">\n<p><font size=\"3\" face=\"arial\"><\/font><\/p>\n<\/div>\n<div class=\"MsoNormal\" style=\"line-height: normal\">\n<p><font size=\"3\" face=\"arial\">Oliivipuristamot k\u00e4ynnistettiin marraskuun alkup\u00e4ivin\u00e4. Ty\u00f6t alkavat \u00f6ljytehtaissa varhain aamusella ja jatkuvat iltamy\u00f6h\u00e4\u00e4n. H\u00f6yrypilvet p\u00f6ll\u00e4htelev\u00e4t ja koneiden jumputus kuuluu it\u00e4tuulella kotiimme saakka. Avolava-autot kuljettavat t\u00e4p\u00f6t\u00e4ysi\u00e4 oliivis\u00e4kkej\u00e4. Joka puolella oliivitarhoissa aggregaatit p\u00f6rr\u00e4\u00e4v\u00e4t ja poimintajoukot riipiv\u00e4t satoa verkkoihin puiden alle.&nbsp;<\/font><\/p>\n<\/div>\n<div class=\"MsoNormal\" style=\"line-height: normal\">\n<p><font size=\"3\" face=\"arial\"><br \/><\/font><\/p>\n<\/div>\n<div class=\"MsoNormal\" style=\"line-height: normal\">\n<p><font size=\"3\" face=\"arial\"><br \/><\/font><\/p>\n<\/div>\n<h4 style=\"line-height: normal\"><font size=\"3\" face=\"arial\">Parasta patikointiaikaa<\/font><\/h4>\n<div class=\"MsoNormal\" style=\"line-height: normal\">\n<p><font size=\"3\" face=\"arial\"><br \/><\/font><\/p>\n<\/div>\n<div class=\"MsoNormal\" style=\"line-height: normal\">\n<p><font size=\"3\" face=\"arial\">Jonkin verran vaellusvarusteisia matkailijoita saapui lomailemaan saarelle marraskuussa, ja s\u00e4\u00e4t olivatkin luonnossa liikkumiseen oivalliset. Teimme mukavia patikkaretki\u00e4 vuoristoon, sill\u00e4 vihdoin saattoi taivaltaa l\u00e4k\u00e4htym\u00e4tt\u00e4.<\/font><\/p>\n<\/div>\n<div class=\"MsoNormal\" style=\"line-height: normal\">\n<p><font size=\"3\" face=\"arial\"><br \/><\/font><\/p>\n<\/div>\n<table cellpadding=\"0\" cellspacing=\"0\" class=\"tr-caption-container\" style=\"padding: 6px;margin-bottom: 0.5em;float: left;margin-right: 1em\">\n<tbody>\n<tr>\n<td style=\"text-align: center\">\n<p><a href=\"http:\/\/3.bp.blogspot.com\/-eQ6mXVlhZ7U\/VofmkKYO3DI\/AAAAAAAAA6A\/v7PmBw-jd0o\/s1600\/20151104%2B%25282%2529.jpg\" style=\"clear: left;margin-bottom: 1em;margin-left: auto;margin-right: auto\"><font size=\"3\" face=\"arial\"><img loading=\"lazy\" decoding=\"async\" border=\"0\" height=\"320\" src=\"https:\/\/3.bp.blogspot.com\/-eQ6mXVlhZ7U\/VofmkKYO3DI\/AAAAAAAAA6A\/v7PmBw-jd0o\/s320\/20151104%2B%25282%2529.jpg\" width=\"240\" style=\"cursor: move\"><\/font><\/a><\/p>\n<\/td>\n<\/tr>\n<tr>\n<td class=\"tr-caption\" style=\"padding-top: 4px;text-align: center\">\n<p><font size=\"3\" face=\"arial\">Milatoksen putous<\/font><\/p>\n<\/td>\n<\/tr>\n<\/tbody>\n<\/table>\n<div class=\"MsoNormal\" style=\"line-height: normal\">\n<p><font size=\"3\" face=\"arial\"><\/font><\/p>\n<\/div>\n<div class=\"MsoNormal\" style=\"line-height: normal\">\n<p><font size=\"3\" face=\"arial\">Etsimme l\u00e4hell\u00e4 sijaitsevan Milatoksen vesiputouksen, joka on saaren toiseksi korkein koko vuoden virtaava putous. Kolusimme kymmenen kilometri\u00e4 meilt\u00e4 it\u00e4\u00e4n sijaitsevan Koutsourasin rotkon ja kuljeksimme muuten vain Rizan rinteill\u00e4.<\/font><\/p>\n<\/div>\n<div class=\"MsoNormal\" style=\"line-height: normal\">\n<p><font size=\"3\" face=\"arial\"><br \/><\/font><\/p>\n<\/div>\n<table align=\"center\" cellpadding=\"0\" cellspacing=\"0\" class=\"tr-caption-container\" style=\"padding: 6px;margin-bottom: 0.5em;margin-left: auto;margin-right: auto;text-align: center\">\n<tbody>\n<tr>\n<td>\n<p><a href=\"http:\/\/3.bp.blogspot.com\/-cQuKrMxoagA\/Vofmk7M9I7I\/AAAAAAAAA6E\/Qm5zuv2fH8k\/s1600\/20151106%2B%25283%2529.jpg\" style=\"margin-left: auto;margin-right: auto\"><font size=\"3\" face=\"arial\"><img loading=\"lazy\" decoding=\"async\" border=\"0\" height=\"150\" src=\"https:\/\/3.bp.blogspot.com\/-cQuKrMxoagA\/Vofmk7M9I7I\/AAAAAAAAA6E\/Qm5zuv2fH8k\/s200\/20151106%2B%25283%2529.jpg\" width=\"200\" style=\"cursor: move\"><\/font><\/a><\/p>\n<\/td>\n<\/tr>\n<tr>\n<td class=\"tr-caption\" style=\"padding-top: 4px\">\n<p><font size=\"3\" face=\"arial\">T\u00e4m\u00e4 ei ole uima-allas vaan<br \/>&nbsp;kasteluvesis\u00e4ili\u00f6 kyl\u00e4mme yl\u00e4puolella<\/font><\/p>\n<\/td>\n<\/tr>\n<\/tbody>\n<\/table>\n<table align=\"center\" cellpadding=\"0\" cellspacing=\"0\" class=\"tr-caption-container\" style=\"padding: 6px;margin-bottom: 0.5em;margin-left: auto;margin-right: auto;text-align: center\">\n<tbody>\n<tr>\n<td>\n<p><font size=\"3\" face=\"arial\"><img loading=\"lazy\" decoding=\"async\" border=\"0\" height=\"400\" src=\"https:\/\/4.bp.blogspot.com\/-RndI9IpJoaU\/VofmmFsbrUI\/AAAAAAAAA6c\/gBz5sbm1p64\/s400\/20151118%2B%25287%2529.JPG\" width=\"265\" style=\"cursor: move;margin-left: auto;margin-right: auto\"><\/font><\/p>\n<\/td>\n<\/tr>\n<tr>\n<td class=\"tr-caption\" style=\"padding-top: 4px\">\n<p><font size=\"3\" face=\"arial\">Koutsurasin rotkossa<\/font><\/p>\n<\/td>\n<\/tr>\n<\/tbody>\n<\/table>\n<div class=\"MsoNormal\" style=\"line-height: normal\">\n<p><font size=\"3\" face=\"arial\"><a href=\"http:\/\/4.bp.blogspot.com\/-RndI9IpJoaU\/VofmmFsbrUI\/AAAAAAAAA6c\/gBz5sbm1p64\/s1600\/20151118%2B%25287%2529.JPG\" style=\"margin-left: 1em;margin-right: 1em;text-align: center\"><\/a><br \/><\/font><\/p>\n<p><font size=\"3\" face=\"arial\"><a href=\"http:\/\/4.bp.blogspot.com\/-RndI9IpJoaU\/VofmmFsbrUI\/AAAAAAAAA6c\/gBz5sbm1p64\/s1600\/20151118%2B%25287%2529.JPG\" style=\"margin-left: 1em;margin-right: 1em;text-align: center\"><\/a><\/font><\/p>\n<\/div>\n<div class=\"MsoNormal\" style=\"line-height: normal\">\n<p><font size=\"3\" face=\"arial\">Minolainen polku Mithin (?????) yl\u00e4puolella johdatteli uskomattomiin n\u00e4k\u00f6aloihin. Polkua jatkuu useita kilometrej\u00e4 ja se noudattelee muinaisia reittej\u00e4 muun muassa &#8221;paimenten j\u00e4\u00e4kaapille&#8221;, kes\u00e4ll\u00e4kin viile\u00e4n\u00e4 pysyv\u00e4lle luolalle. Me nousimme vain Lepakkoluolalle saakka.<\/font><\/p>\n<\/div>\n<div class=\"MsoNormal\" style=\"line-height: normal\">\n<p><font size=\"3\" face=\"arial\"><br \/><\/font><\/p>\n<\/div>\n<div class=\"MsoNormal\" style=\"line-height: normal\">\n<p><a href=\"http:\/\/4.bp.blogspot.com\/-wKx4mB5mpgU\/VofmoGCpP_I\/AAAAAAAAA7Q\/XWkZGTR8LaA\/s1600\/20151216%2B%25283%2529.JPG\" style=\"clear: left;float: left;margin-bottom: 1em;margin-right: 1em;text-align: center\"><font size=\"3\" face=\"arial\"><img loading=\"lazy\" decoding=\"async\" border=\"0\" height=\"320\" src=\"https:\/\/4.bp.blogspot.com\/-wKx4mB5mpgU\/VofmoGCpP_I\/AAAAAAAAA7Q\/XWkZGTR8LaA\/s320\/20151216%2B%25283%2529.JPG\" width=\"213\" style=\"cursor: move\"><\/font><\/a><\/p>\n<\/div>\n<div class=\"MsoNormal\" style=\"line-height: normal\">\n<p><font size=\"3\" face=\"arial\">&nbsp;<a href=\"http:\/\/1.bp.blogspot.com\/-7_4NxdWyfOE\/Vofmone51OI\/AAAAAAAAA7g\/VEaf4c78MMY\/s1600\/20151216_150256.jpg\" style=\"margin-left: 1em;margin-right: 1em;text-align: center\"><img loading=\"lazy\" decoding=\"async\" border=\"0\" height=\"240\" src=\"https:\/\/1.bp.blogspot.com\/-7_4NxdWyfOE\/Vofmone51OI\/AAAAAAAAA7g\/VEaf4c78MMY\/s320\/20151216_150256.jpg\" width=\"320\" style=\"cursor: move\"><\/a><\/font><\/p>\n<\/div>\n<div class=\"MsoNormal\" style=\"line-height: normal\">\n<p><font size=\"3\" face=\"arial\"><br \/><\/font><\/p>\n<\/div>\n<div class=\"MsoNormal\" style=\"line-height: normal\">\n<p><span style=\"font-family: arial;font-size: medium;line-height: 1.5em\">Retki\u00e4 tehtiin rannoille v\u00e4lill\u00e4 my\u00f6s tuulipuvussa, ihan joka p\u00e4iv\u00e4lle ei uimakelej\u00e4 riitt\u00e4nyt. Karut rantat\u00f6rm\u00e4t tarjosivat sopukoita, jotka eiv\u00e4t ohikulkijoille n\u00e4y.<\/span><\/p>\n<\/div>\n<div class=\"MsoNormal\" style=\"line-height: normal\">\n<p><font size=\"3\" face=\"arial\"><br \/><\/font><\/p>\n<\/div>\n<div class=\"MsoNormal\" style=\"line-height: normal\">\n<p><a href=\"http:\/\/1.bp.blogspot.com\/-9KJ5JikqUtk\/VofmqD1fSoI\/AAAAAAAAA8E\/740Uugmj7wY\/s1600\/20151220%2B%252824%2529.JPG\" style=\"margin-left: 1em;margin-right: 1em;text-align: center\"><font size=\"3\" face=\"arial\"><img loading=\"lazy\" decoding=\"async\" border=\"0\" height=\"213\" src=\"https:\/\/1.bp.blogspot.com\/-9KJ5JikqUtk\/VofmqD1fSoI\/AAAAAAAAA8E\/740Uugmj7wY\/s320\/20151220%2B%252824%2529.JPG\" width=\"320\" style=\"cursor: move\"><\/font><\/a><\/p>\n<\/div>\n<div class=\"MsoNormal\" style=\"line-height: normal\">\n<p><font size=\"3\" face=\"arial\"><br \/><\/font><\/p>\n<\/div>\n<div class=\"MsoNormal\" style=\"line-height: normal\">\n<p><font size=\"3\" face=\"arial\">Autoillen k\u00e4ytiin ihmettelem\u00e4ss\u00e4 ruskaa vuorilla. Meren tuntumassa oli edelleen rantsukelit, mutta vuorilla oli selv\u00e4 syksy. Dikti-vuorten syliss\u00e4 uinuu Selakanon laakso, jonne johtaa huima tie pitkin jyrk\u00e4nteen reunaa ja kapeiden, jyrkkien solien l\u00e4vitse. Perill\u00e4 odottaa kaksikilometristen huippujen v\u00e4liss\u00e4 m\u00e4nnikk\u00f6inen laakso. Seitsenkymppinen Stella-rouva pit\u00e4\u00e4 siell\u00e4 kes\u00e4isin tavernaa, joka oli auki viel\u00e4 viimeisi\u00e4 p\u00e4ivi\u00e4 ennen talvilomaa.<\/font><\/p>\n<\/div>\n<div class=\"MsoNormal\" style=\"line-height: normal\">\n<p><font size=\"3\" face=\"arial\"><br \/><\/font><\/p>\n<\/div>\n<table align=\"center\" cellpadding=\"0\" cellspacing=\"0\" class=\"tr-caption-container\" style=\"padding: 6px;margin-bottom: 0.5em;margin-left: auto;margin-right: auto;text-align: center\">\n<tbody>\n<tr>\n<td>\n<p><a href=\"http:\/\/1.bp.blogspot.com\/-vf74yjxj34U\/VofmlJMB9TI\/AAAAAAAAA6M\/rPSwclZMdD4\/s1600\/20151113%2B%25281%2529.JPG\" style=\"margin-left: auto;margin-right: auto\"><font size=\"3\" face=\"arial\"><img loading=\"lazy\" decoding=\"async\" border=\"0\" height=\"212\" src=\"https:\/\/1.bp.blogspot.com\/-vf74yjxj34U\/VofmlJMB9TI\/AAAAAAAAA6M\/rPSwclZMdD4\/s320\/20151113%2B%25281%2529.JPG\" width=\"320\" style=\"cursor: move\"><\/font><\/a><\/p>\n<\/td>\n<\/tr>\n<tr>\n<td class=\"tr-caption\" style=\"padding-top: 4px\">\n<p><font size=\"3\" face=\"arial\">Ruskaa Kato Simill\u00e4<\/font><\/p>\n<\/td>\n<\/tr>\n<\/tbody>\n<\/table>\n<div class=\"MsoNormal\" style=\"line-height: normal\">\n<p><font size=\"3\" face=\"arial\"><\/font><\/p>\n<\/div>\n<div class=\"MsoNormal\" style=\"line-height: normal\">\n<p><font size=\"3\" face=\"arial\">Sateisena p\u00e4iv\u00e4n\u00e4 ajelimme Kritsan turistikohteen l\u00e4pi yl\u00f6s Katharoon katsomaan aitoa Kreetaa. Ohitimme rakipannun \u00e4\u00e4ress\u00e4 istuvan hilpe\u00e4n joukon ja ihailimme huippujen ymp\u00e4rille kiertyvi\u00e4 pilvenliepeit\u00e4. Seurueessamme oli 93-vuotias Angeliki, joka halusi n\u00e4hd\u00e4 Katharon. H\u00e4nen muistonsa paikasta olivat toisen maailmansodan ajoilta, 40-luvulta, eiv\u00e4tk\u00e4 mukavimpia mahdollisia. Oli syd\u00e4nt\u00e4 riipaisevaa kuunnella h\u00e4nen muisteluaan, vaikka ymm\u00e4rsimme vain murto-osan sanoista. Sanaton kieli ja vanhuksen kyynelet kertoivat olennaisen.<\/font><\/p>\n<\/div>\n<div class=\"MsoNormal\" style=\"line-height: normal\">\n<p><font size=\"3\" face=\"arial\"><br \/><\/font><\/p>\n<\/div>\n<table align=\"center\" cellpadding=\"0\" cellspacing=\"0\" class=\"tr-caption-container\" style=\"padding: 6px;margin-bottom: 0.5em;margin-left: auto;margin-right: auto;text-align: center\">\n<tbody>\n<tr>\n<td>\n<p><a href=\"http:\/\/3.bp.blogspot.com\/-onaSl0oh788\/VofmmkoHUyI\/AAAAAAAAA6o\/-Y8CJ__NFKc\/s1600\/20151122%2B%25286%2529.JPG\" style=\"margin-left: auto;margin-right: auto\"><font size=\"3\" face=\"arial\"><img loading=\"lazy\" decoding=\"async\" border=\"0\" height=\"212\" src=\"https:\/\/3.bp.blogspot.com\/-onaSl0oh788\/VofmmkoHUyI\/AAAAAAAAA6o\/-Y8CJ__NFKc\/s320\/20151122%2B%25286%2529.JPG\" width=\"320\" style=\"cursor: move\"><\/font><\/a><\/p>\n<\/td>\n<\/tr>\n<tr>\n<td class=\"tr-caption\" style=\"padding-top: 4px\">\n<p><font size=\"3\" face=\"arial\">Sadepilvet kietovat huippuja&nbsp;<br \/>mutta vuohet eiv\u00e4t s\u00e4\u00e4st\u00e4 piittaa<\/font><\/p>\n<\/td>\n<\/tr>\n<\/tbody>\n<\/table>\n<div class=\"MsoNormal\" style=\"line-height: normal\">\n<p><font size=\"3\" face=\"arial\">Toisen kerran Angeliki oli seurassamme paikassa nimelt\u00e4\u00e4n Timios Stavros, 900 metri\u00e4 merenpinnasta, jossa suuri risti valvoo n\u00e4kymi\u00e4 yli koko Kreetan kapeikon. N\u00e4k\u00f6ala ulottuu rannikolta rannikolle. Ter\u00e4smummo kielt\u00e4ytyi tarjotusta avusta pienen kirkon jyrkiss\u00e4 portaissa. Viittasi vain ristiin ja sanoi, ett\u00e4 h\u00e4nen apunsa on tuolla noin.<\/font><\/p>\n<\/div>\n<div class=\"MsoNormal\" style=\"line-height: normal\">\n<p><font size=\"3\" face=\"arial\"><br \/><\/font><\/p>\n<\/div>\n<div class=\"MsoNormal\" style=\"line-height: normal\">\n<p><font size=\"3\" face=\"arial\">Marraskuun s\u00e4\u00e4 oli p\u00e4\u00e4osin aurinkoista, pilvisi\u00e4 p\u00e4ivi\u00e4 oli pari \u2013 kolme. K\u00e4vimme uimassa ja kuljimme p\u00e4iv\u00e4t sortseissa, mutta iltaisin teki jo mieli laittaa pitk\u00e4\u00e4 housua jalkaan. Moottoripy\u00f6r\u00e4ll\u00e4 nahkatakki farkkuihin yhdistettyn\u00e4 oli juuri sopiva ajoasu.<\/font><\/p>\n<\/div>\n<div class=\"MsoNormal\" style=\"line-height: normal\">\n<p><font size=\"3\" face=\"arial\"><br \/><\/font><\/p>\n<\/div>\n<div class=\"MsoNormal\" style=\"line-height: normal\">\n<p><font size=\"3\" face=\"arial\">&nbsp;<a href=\"http:\/\/2.bp.blogspot.com\/-cGRrPWJHov8\/VofwVJKk2HI\/AAAAAAAAA9c\/PUadbKLlQpg\/s1600\/20151129_152042.jpg\" style=\"margin-left: 1em;margin-right: 1em;text-align: center\"><img loading=\"lazy\" decoding=\"async\" border=\"0\" height=\"240\" src=\"https:\/\/2.bp.blogspot.com\/-cGRrPWJHov8\/VofwVJKk2HI\/AAAAAAAAA9c\/PUadbKLlQpg\/s320\/20151129_152042.jpg\" width=\"320\" style=\"cursor: move\"><\/a><\/font><\/p>\n<\/div>\n<h3 style=\"line-height: normal\"><font size=\"3\" face=\"arial\"><br \/><\/font><\/h3>\n<h3 style=\"line-height: normal\"><font size=\"3\" face=\"arial\">Joulukuu<\/font><\/h3>\n<div class=\"MsoNormal\" style=\"line-height: normal\">\n<p><font size=\"3\" face=\"arial\"><br \/><\/font><\/p>\n<\/div>\n<div class=\"MsoNormal\" style=\"line-height: normal\">\n<p><font size=\"3\" face=\"arial\">Tuntui utopistiselle edes ajatella joulua, kun ymp\u00e4rill\u00e4 siritti t\u00e4ysi kes\u00e4 kalenterin k\u00e4\u00e4ntyess\u00e4 joulukuulle. Hein\u00e4sirkat eliv\u00e4t jonkinlaista sesonkiaan, sill\u00e4 niit\u00e4 hyppi vastaan ihan joka polulla. My\u00f6s rukoilijasirkkoja tapasimme. Otus on t\u00e4\u00e4ll\u00e4 nimetty Neitsyt Marian hevoseksi, koska se koukistaa etujalkansa yl\u00f6s hieman hevosmaisesti. Avaruushirvi\u00f6lt\u00e4 mokoma monsteri enemm\u00e4n n\u00e4ytt\u00e4\u00e4.<\/font><\/p>\n<\/div>\n<div class=\"MsoNormal\" style=\"line-height: normal\">\n<p><a href=\"http:\/\/2.bp.blogspot.com\/-g8PG0uDrr9E\/Vofmq1ZR7OI\/AAAAAAAAA8Q\/LnWG3nv6c2Y\/s1600\/20151224%2B%25283%2529.JPG\" style=\"clear: right;float: right;margin-bottom: 1em;margin-left: 1em;text-align: center\"><font size=\"3\" face=\"arial\"><img loading=\"lazy\" decoding=\"async\" border=\"0\" height=\"212\" src=\"https:\/\/2.bp.blogspot.com\/-g8PG0uDrr9E\/Vofmq1ZR7OI\/AAAAAAAAA8Q\/LnWG3nv6c2Y\/s320\/20151224%2B%25283%2529.JPG\" width=\"320\" style=\"cursor: move\"><\/font><\/a><\/p>\n<\/div>\n<div class=\"MsoNormal\" style=\"line-height: normal\">\n<p><font size=\"3\" face=\"arial\"><br \/><\/font><\/p>\n<\/div>\n<div class=\"MsoNormal\" style=\"line-height: normal\">\n<p><a href=\"http:\/\/4.bp.blogspot.com\/-Utn6VT0CuHU\/VofmnrsNoYI\/AAAAAAAAA7I\/LFzDd809PZU\/s1600\/20151214%2B%252815%2529.jpg\" style=\"clear: left;float: left;margin-bottom: 1em;margin-right: 1em;text-align: center\"><font size=\"3\" face=\"arial\"><img loading=\"lazy\" decoding=\"async\" border=\"0\" height=\"150\" src=\"https:\/\/4.bp.blogspot.com\/-Utn6VT0CuHU\/VofmnrsNoYI\/AAAAAAAAA7I\/LFzDd809PZU\/s200\/20151214%2B%252815%2529.jpg\" width=\"200\" style=\"cursor: move\"><\/font><\/a><\/p>\n<\/div>\n<div class=\"MsoNormal\" style=\"line-height: normal\">\n<p><font size=\"3\" face=\"arial\"><br \/><\/font><\/p>\n<\/div>\n<div class=\"MsoNormal\" style=\"line-height: normal\">\n<p><font size=\"3\" face=\"arial\"><br \/><\/font><\/p>\n<\/div>\n<div class=\"MsoNormal\" style=\"line-height: normal\">\n<p><font size=\"3\" face=\"arial\"><br \/><\/font><\/p>\n<\/div>\n<div class=\"MsoNormal\" style=\"line-height: normal\">\n<p><font size=\"3\" face=\"arial\"><br \/><\/font><\/p>\n<\/div>\n<div class=\"MsoNormal\" style=\"line-height: normal\">\n<p><font size=\"3\" face=\"arial\"><br \/><\/font><\/p>\n<\/div>\n<div class=\"MsoNormal\" style=\"line-height: normal\">\n<p><font size=\"3\" face=\"arial\"><br \/><\/font><\/p>\n<\/div>\n<div class=\"MsoNormal\" style=\"line-height: normal\">\n<p><font size=\"3\" face=\"arial\"><br \/><\/font><\/p>\n<\/div>\n<div class=\"MsoNormal\" style=\"line-height: normal\">\n<p><font size=\"3\" face=\"arial\"><br \/><\/font><\/p>\n<\/div>\n<div class=\"MsoNormal\" style=\"line-height: normal\">\n<p><font size=\"3\" face=\"arial\">Marraskuun alun muutama vesisade oli tuonut vihreyden maastoon, ja pikku hiljaa jokapaikan rikkaruohona rehottava k\u00e4enkaali alkoi avata kirkkaan sitruunankeltaisia kukintojaan.&nbsp;<\/font><\/p>\n<\/div>\n<div class=\"MsoNormal\" style=\"line-height: normal\">\n<p><font size=\"3\" face=\"arial\"><br \/><\/font><\/p>\n<\/div>\n<div class=\"MsoNormal\" style=\"line-height: normal\">\n<p><a href=\"http:\/\/1.bp.blogspot.com\/-WUHLAROvd2Q\/Vofmri1rcrI\/AAAAAAAAA8k\/xN0f7dPpI0Q\/s1600\/20151229%2B%252819%2529.JPG\" style=\"margin-left: 1em;margin-right: 1em;text-align: center\"><font size=\"3\" face=\"arial\"><img loading=\"lazy\" decoding=\"async\" border=\"0\" height=\"213\" src=\"https:\/\/1.bp.blogspot.com\/-WUHLAROvd2Q\/Vofmri1rcrI\/AAAAAAAAA8k\/xN0f7dPpI0Q\/s320\/20151229%2B%252819%2529.JPG\" width=\"320\" style=\"cursor: move\"><\/font><\/a><\/p>\n<\/div>\n<div class=\"MsoNormal\" style=\"line-height: normal\">\n<p><font size=\"3\" face=\"arial\"><br \/><\/font><\/p>\n<\/div>\n<div class=\"MsoNormal\" style=\"line-height: normal\">\n<p><font size=\"3\" face=\"arial\">Pelargonia, hibiskus ja bougainvillea eiv\u00e4t miss\u00e4\u00e4n vaiheessa ole lopettaneet kukintaansa. Linnutkin sirkuttivat, sill\u00e4 kaiketi muuttolintuparvia lenteli Kreetan kautta. Mahtoivatko jatkaa matkaansa, kuukauden edetess\u00e4 yhteislaulu vaimeni. Jokunen lurittaja silti helskytt\u00e4\u00e4 edelleen laaksojen lehdoissa auringon laskiessa.<\/font><\/p>\n<\/div>\n<div class=\"MsoNormal\" style=\"line-height: normal\">\n<p><font size=\"3\" face=\"arial\"><br \/><\/font><\/p>\n<\/div>\n<div class=\"MsoNormal\" style=\"line-height: normal\">\n<p><a href=\"http:\/\/1.bp.blogspot.com\/-_RnuuiN6PfI\/VofmnVb8oyI\/AAAAAAAAA68\/ZqXl37B7y4I\/s1600\/20151201_141749.jpg\" style=\"clear: left;float: left;margin-bottom: 1em;margin-right: 1em;text-align: center\"><font size=\"3\" face=\"arial\"><img loading=\"lazy\" decoding=\"async\" border=\"0\" height=\"240\" src=\"https:\/\/1.bp.blogspot.com\/-_RnuuiN6PfI\/VofmnVb8oyI\/AAAAAAAAA68\/ZqXl37B7y4I\/s320\/20151201_141749.jpg\" width=\"320\" style=\"cursor: move\"><\/font><\/a><\/p>\n<\/div>\n<div class=\"MsoNormal\" style=\"line-height: normal\">\n<p><span style=\"font-family: arial;font-size: medium;line-height: 1.5em\">Puissa kypsyv\u00e4t sitrukset. Ei tule puute C-vitamiinista. Mirtoksen kyl\u00e4nraitin varrella jopa papaija n\u00e4kyy saaneen v\u00e4ri\u00e4 hedelmiins\u00e4. Torilla myyd\u00e4\u00e4n taas vilkkaasti kurkkua ja tomaattia, koska kasvihuoneiden uusi satokausi on k\u00e4ynnistynyt. My\u00f6s banaani on paikallista! Sienet, p\u00e4hkin\u00e4t ja kastanjat on jo helpompi mielt\u00e4\u00e4 talviherkuiksi.<\/span><\/p>\n<\/div>\n<div class=\"MsoNormal\" style=\"line-height: normal\">\n<p><font size=\"3\" face=\"arial\"><br \/><\/font><\/p>\n<\/div>\n<div class=\"MsoNormal\" style=\"line-height: normal\">\n<p><a href=\"http:\/\/4.bp.blogspot.com\/-0XHhbSXs8Do\/VofmkJC8oaI\/AAAAAAAAA54\/m5ZRmXjAPnI\/s1600\/20151101%2B%252821%2529.JPG\" style=\"clear: right;float: right;margin-bottom: 1em;margin-left: 1em;text-align: center\"><font size=\"3\" face=\"arial\"><img loading=\"lazy\" decoding=\"async\" border=\"0\" height=\"212\" src=\"https:\/\/4.bp.blogspot.com\/-0XHhbSXs8Do\/VofmkJC8oaI\/AAAAAAAAA54\/m5ZRmXjAPnI\/s320\/20151101%2B%252821%2529.JPG\" width=\"320\" style=\"cursor: move\"><\/font><\/a><\/p>\n<\/div>\n<div class=\"MsoNormal\" style=\"line-height: normal\">\n<p><font size=\"3\" face=\"arial\">Ei sen puoleen tule uupelo vitamiini D:st\u00e4k\u00e4\u00e4n. Aurinko kyll\u00e4kin kulkee matalalla, aivan kuin Suomessa touko- ja syyskuussa. Meille sen l\u00e4mp\u00f6 riitti pariin joulukuiseen uimareissuun, kun hieman tuulisempien p\u00e4ivien v\u00e4liin sattui muutama tyyni jakso. Vesi lienee j\u00e4\u00e4htynyt jo pariinkymmeneen asteeseen, joten uiminen oli kuin pulahdus suomalaiseen j\u00e4rveen alkukes\u00e4ll\u00e4.<\/font><\/p>\n<\/div>\n<div class=\"MsoNormal\" style=\"line-height: normal\">\n<p><font size=\"3\" face=\"arial\"><br \/><\/font><\/p>\n<\/div>\n<table align=\"center\" cellpadding=\"0\" cellspacing=\"0\" class=\"tr-caption-container\" style=\"padding: 6px;margin-bottom: 0.5em;margin-left: auto;margin-right: auto;text-align: center\">\n<tbody>\n<tr>\n<td>\n<p><a href=\"http:\/\/2.bp.blogspot.com\/-kVlnPYBgas8\/Vof10KZfGkI\/AAAAAAAAA-A\/Uy-lGnLXMf0\/s1600\/20151222_105015.jpg\" style=\"margin-left: auto;margin-right: auto\"><font size=\"3\" face=\"arial\"><img loading=\"lazy\" decoding=\"async\" border=\"0\" height=\"240\" src=\"https:\/\/2.bp.blogspot.com\/-kVlnPYBgas8\/Vof10KZfGkI\/AAAAAAAAA-A\/Uy-lGnLXMf0\/s320\/20151222_105015.jpg\" width=\"320\" style=\"cursor: move\"><\/font><\/a><\/p>\n<\/td>\n<\/tr>\n<tr>\n<td class=\"tr-caption\" style=\"padding-top: 4px\">\n<p><font size=\"3\" face=\"arial\">Talvip\u00e4iv\u00e4n seisauksen uimareissu<\/font><\/p>\n<\/td>\n<\/tr>\n<\/tbody>\n<\/table>\n<div class=\"MsoNormal\" style=\"line-height: normal\">\n<p><font size=\"3\" face=\"arial\"><br \/><\/font><\/p>\n<\/div>\n<div class=\"MsoNormal\" style=\"line-height: normal\">\n<p><font size=\"3\" face=\"arial\">Vuoden lyhyimp\u00e4n\u00e4 p\u00e4iv\u00e4n\u00e4, 22.12. Jyk\u00e4 ja Dafni polskivat, Lissu tarkeni kastautua. P\u00e4iv\u00e4n pituus oli talvip\u00e4iv\u00e4n seisauksen aikoihin kahdeksan tunnin luokkaa. Valo on uskomattoman ihana asia. Kuinkahan sit\u00e4 ikin\u00e4 en\u00e4\u00e4 sopeutuu Suomen pime\u00e4\u00e4n vuodenaikaan?<\/font><\/p>\n<\/div>\n<div class=\"MsoNormal\" style=\"line-height: normal\">\n<p><font size=\"3\" face=\"arial\"><br \/><\/font><\/p>\n<\/div>\n<table cellpadding=\"0\" cellspacing=\"0\" class=\"tr-caption-container\" style=\"padding: 6px;margin-bottom: 0.5em;float: left;margin-right: 1em\">\n<tbody>\n<tr>\n<td style=\"text-align: center\">\n<p><a href=\"http:\/\/2.bp.blogspot.com\/-K5cSTt7FDz4\/VofmpIXrmsI\/AAAAAAAAA7o\/rQukRibDzsc\/s1600\/20151217%2B%252817%2529.JPG\" style=\"clear: left;margin-bottom: 1em;margin-left: auto;margin-right: auto\"><font size=\"3\" face=\"arial\"><img loading=\"lazy\" decoding=\"async\" border=\"0\" height=\"213\" src=\"https:\/\/2.bp.blogspot.com\/-K5cSTt7FDz4\/VofmpIXrmsI\/AAAAAAAAA7o\/rQukRibDzsc\/s320\/20151217%2B%252817%2529.JPG\" width=\"320\" style=\"cursor: move\"><\/font><\/a><\/p>\n<\/td>\n<\/tr>\n<tr>\n<td class=\"tr-caption\" style=\"padding-top: 4px;text-align: center\">\n<p><font size=\"3\" face=\"arial\">Konevitsa soi!<\/font><\/p>\n<\/td>\n<\/tr>\n<\/tbody>\n<\/table>\n<div class=\"MsoNormal\" style=\"line-height: normal\">\n<p><font size=\"3\" face=\"arial\">Joulun alla p\u00e4\u00e4simme mukaan oliivinkeruuseen. Pitk\u00e4n, raikkaassa ulkoilmassa vietetyn p\u00e4iv\u00e4n j\u00e4lkeen uni maittoi. Silmiss\u00e4 vilisiv\u00e4t oliivit viel\u00e4 suljettujen luomien takanakin.<\/font><\/p>\n<\/div>\n<div class=\"MsoNormal\" style=\"line-height: normal\">\n<p><font size=\"3\" face=\"arial\"><br \/><\/font><\/p>\n<\/div>\n<table align=\"center\" cellpadding=\"0\" cellspacing=\"0\" class=\"tr-caption-container\" style=\"padding: 6px;margin-bottom: 0.5em;margin-left: auto;margin-right: auto;text-align: center\">\n<tbody>\n<tr>\n<td>\n<p><a href=\"http:\/\/3.bp.blogspot.com\/-7RK4qkHa1wo\/Vofmp4EZKsI\/AAAAAAAAA8A\/p0A9uAV3ly0\/s1600\/20151219%2B%252821%2529.JPG\" style=\"margin-left: auto;margin-right: auto\"><font size=\"3\" face=\"arial\"><img loading=\"lazy\" decoding=\"async\" border=\"0\" height=\"213\" src=\"https:\/\/3.bp.blogspot.com\/-7RK4qkHa1wo\/Vofmp4EZKsI\/AAAAAAAAA8A\/p0A9uAV3ly0\/s320\/20151219%2B%252821%2529.JPG\" width=\"320\" style=\"cursor: move\"><\/font><\/a><\/p>\n<\/td>\n<\/tr>\n<tr>\n<td class=\"tr-caption\" style=\"padding-top: 4px\">\n<p><font size=\"3\" face=\"arial\">Oliivit putoavat verkkoihin<\/font><\/p>\n<\/td>\n<\/tr>\n<\/tbody>\n<\/table>\n<div class=\"MsoNormal\" style=\"line-height: normal\">\n<p><font size=\"3\" face=\"arial\">Usein moottoriharavan kalkatuksen lis\u00e4ksi kuului lampaankellojen \u00e4\u00e4nt\u00e4, kun katras paimenineen kulki ohitse vuoripolkujaan pitkin. T\u00e4h\u00e4n aikaan vuodesta lampaat saavat j\u00e4lkikasvua. Vuoden viimeisell\u00e4 moottoripy\u00f6r\u00e4reissulla, jouluaattona, n\u00e4htiin vuohia suloisine kileineen ja lampaita karitsoineen.<\/font><\/p>\n<\/div>\n<div class=\"MsoNormal\" style=\"line-height: normal\">\n<p><font size=\"3\" face=\"arial\"><br \/><\/font><\/p>\n<\/div>\n<h4 style=\"line-height: normal\"><font size=\"3\" face=\"arial\">Koristevarustelua<\/font><\/h4>\n<div style=\"line-height: normal\">\n<p><font size=\"3\" face=\"arial\"><br \/><\/font><\/p>\n<\/div>\n<div class=\"MsoNormal\" style=\"line-height: normal\">\n<p><a href=\"http:\/\/1.bp.blogspot.com\/-akRjleorwYA\/VofwUWri2RI\/AAAAAAAAA9Y\/xdYxO5kR6ds\/s1600\/20151124_135652.jpg\" style=\"clear: left;float: left;margin-bottom: 1em;margin-right: 1em;text-align: center\"><font size=\"3\" face=\"arial\"><img loading=\"lazy\" decoding=\"async\" border=\"0\" height=\"240\" src=\"https:\/\/1.bp.blogspot.com\/-akRjleorwYA\/VofwUWri2RI\/AAAAAAAAA9Y\/xdYxO5kR6ds\/s320\/20151124_135652.jpg\" width=\"320\" style=\"cursor: move\"><\/font><\/a><font size=\"3\" face=\"arial\">Joulun l\u00e4hestyminen alkoi n\u00e4ky\u00e4 katukuvassa kuun alkup\u00e4ivin\u00e4, ja valokoristeiden r\u00e4iske levisi Ierapetran yli kuin kulovalkea. Lumeton pime\u00e4 tarjoaa aivan eri puitteet valo-ilottelulle kuin pohjoinen harmaus, ja kansojen luonne-ero tulee selv\u00e4ksi. T\u00e4\u00e4ll\u00e4 ei hillitty\u00e4 kimallusta tunneta, r\u00e4iskett\u00e4 ja r\u00e4tin\u00e4\u00e4 sen olla pit\u00e4\u00e4!<\/font><\/p>\n<\/div>\n<div class=\"MsoNormal\" style=\"line-height: normal\">\n<p><font size=\"3\" face=\"arial\"><br \/><\/font><\/p>\n<\/div>\n<div class=\"MsoNormal\" style=\"line-height: normal\">\n<p><font size=\"3\" face=\"arial\">Diskotahtiin v\u00e4lkkyv\u00e4t valokaapelit ja erilaiset koristekuviot sytkytt\u00e4v\u00e4t niin liikkeiden kuin yksityisasuntojen ikkunoilla ja parvekkeilla. Onneksi vain yksi marketti soitti joulumusiikkia.<\/font><\/p>\n<\/div>\n<div class=\"MsoNormal\" style=\"line-height: normal\">\n<p><font size=\"3\" face=\"arial\"><br \/><\/font><\/p>\n<\/div>\n<table align=\"center\" cellpadding=\"0\" cellspacing=\"0\" class=\"tr-caption-container\" style=\"padding: 6px;margin-bottom: 0.5em;margin-left: auto;margin-right: auto;text-align: center\">\n<tbody>\n<tr>\n<td>\n<p><a href=\"http:\/\/1.bp.blogspot.com\/-DUOQQw6VE60\/VofmmnLNWbI\/AAAAAAAAA6s\/rOQynyVLfmg\/s1600\/20151124%2B%25281%2529.jpg\" style=\"margin-left: auto;margin-right: auto\"><font size=\"3\" face=\"arial\"><img loading=\"lazy\" decoding=\"async\" border=\"0\" height=\"320\" src=\"https:\/\/1.bp.blogspot.com\/-DUOQQw6VE60\/VofmmnLNWbI\/AAAAAAAAA6s\/rOQynyVLfmg\/s320\/20151124%2B%25281%2529.jpg\" width=\"240\" style=\"cursor: move\"><\/font><\/a><\/p>\n<\/td>\n<\/tr>\n<tr>\n<td class=\"tr-caption\" style=\"padding-top: 4px\">\n<p><font size=\"3\" face=\"arial\">Iraklionin kuusi<\/font><\/p>\n<\/td>\n<\/tr>\n<\/tbody>\n<\/table>\n<div class=\"MsoNormal\" style=\"line-height: normal\">\n<p><font size=\"3\" face=\"arial\">Joulupukkihahmoja, lumiukkoja ja poroja n\u00e4kee joka puolella. Ne tuntuvat v\u00e4h\u00e4n hassuilta t\u00e4ss\u00e4 kes\u00e4isess\u00e4 ymp\u00e4rist\u00f6ss\u00e4, miss\u00e4 palmut huojuvat ja sypressit tuoksuvat. Joulupukit ovat py\u00f6reit\u00e4, amerikkalaismallisia. Pukkinukkeja n\u00e4kee \u201dkiipe\u00e4m\u00e4ss\u00e4\u201d asuntojen parvekkeille, ja ilmalla t\u00e4ytettyj\u00e4 virkavelji\u00e4 p\u00f6n\u00f6tt\u00e4\u00e4 joka marketin ovella. Paremmin milj\u00f6\u00f6seen sopivat seimikuvaelmat, joita on esill\u00e4 varsinkin kirkkojen l\u00e4hist\u00f6ll\u00e4. Sis\u00e4lt\u00e4p\u00e4in valaistuneet joosefit, mariat ja paimenet ihailevat seimess\u00e4 hehkuvaa lapsosta. Ihme kyll\u00e4, se ei syki eik\u00e4 soi.<\/font><\/p>\n<\/div>\n<div class=\"MsoNormal\" style=\"line-height: normal\">\n<p><font size=\"3\" face=\"arial\"><br \/><\/font><\/p>\n<\/div>\n<table align=\"center\" cellpadding=\"0\" cellspacing=\"0\" class=\"tr-caption-container\" style=\"padding: 6px;margin-bottom: 0.5em;margin-left: auto;margin-right: auto;text-align: center\">\n<tbody>\n<tr>\n<td>\n<p><a href=\"http:\/\/3.bp.blogspot.com\/-I8dD9lXtw0E\/VofwVL2I_wI\/AAAAAAAAA9k\/hDSwelJQQZI\/s1600\/20151208_131800.jpg\" style=\"margin-left: auto;margin-right: auto\"><font size=\"3\" face=\"arial\"><img loading=\"lazy\" decoding=\"async\" border=\"0\" height=\"240\" src=\"https:\/\/3.bp.blogspot.com\/-I8dD9lXtw0E\/VofwVL2I_wI\/AAAAAAAAA9k\/hDSwelJQQZI\/s320\/20151208_131800.jpg\" width=\"320\" style=\"cursor: move\"><\/font><\/a><\/p>\n<\/td>\n<\/tr>\n<tr>\n<td class=\"tr-caption\" style=\"padding-top: 4px\">\n<p><font size=\"3\" face=\"arial\">Kuusen korvike Agios Nikolaoksessa<\/font><\/p>\n<\/td>\n<\/tr>\n<\/tbody>\n<\/table>\n<div class=\"MsoNormal\" style=\"line-height: normal\">\n<p><font size=\"3\" face=\"arial\">Toisaalta koristelu on my\u00f6s taidokasta: \u201djoulukuusia\u201d rakennellaan mit\u00e4 ihmeellisimmist\u00e4 aineksista. Rengasliike on pinonnut vihre\u00e4ksi maalattuja renkaita pyramidiksi, p\u00e4\u00e4llimm\u00e4isen\u00e4 trukin pieni py\u00f6r\u00e4. Komeutta koristavat punaiset rusetit. Viereisell\u00e4 tontilla marmoria ja muuta kivitavaraa myyv\u00e4 yritys on tehnyt joulupuun valkeista kivilaatoista ja valaissut sen sis\u00e4puolelta.<\/font><\/p>\n<\/div>\n<div class=\"MsoNormal\" style=\"line-height: normal\">\n<p><font size=\"3\" face=\"arial\"><br \/><\/font><\/p>\n<\/div>\n<div class=\"MsoNormal\" style=\"line-height: normal\">\n<p><font size=\"3\" face=\"arial\"><\/font><\/p>\n<\/div>\n<h4 style=\"line-height: normal\"><font size=\"3\" face=\"arial\">Suomi-joulu<\/font><\/h4>\n<div class=\"MsoNormal\" style=\"line-height: normal\">\n<p><font size=\"3\" face=\"arial\"><br \/><\/font><\/p>\n<\/div>\n<table align=\"center\" cellpadding=\"0\" cellspacing=\"0\" class=\"tr-caption-container\" style=\"padding: 6px;margin-bottom: 0.5em;margin-left: auto;margin-right: auto;text-align: center\">\n<tbody>\n<tr>\n<td>\n<p><a href=\"http:\/\/3.bp.blogspot.com\/-jsBrbs6rP68\/VofmnlBrS-I\/AAAAAAAAA7A\/hthWHqXdIU0\/s1600\/20151206%2B%25281%2529.JPG\" style=\"margin-left: auto;margin-right: auto\"><font size=\"3\" face=\"arial\"><img loading=\"lazy\" decoding=\"async\" border=\"0\" height=\"213\" src=\"https:\/\/3.bp.blogspot.com\/-jsBrbs6rP68\/VofmnlBrS-I\/AAAAAAAAA7A\/hthWHqXdIU0\/s320\/20151206%2B%25281%2529.JPG\" width=\"320\" style=\"cursor: move\"><\/font><\/a><\/p>\n<\/td>\n<\/tr>\n<tr>\n<td class=\"tr-caption\" style=\"padding-top: 4px\">\n<p><font size=\"3\" face=\"arial\">Itsen\u00e4isyysp\u00e4iv\u00e4n juhlakoristelut<\/font><\/p>\n<\/td>\n<\/tr>\n<\/tbody>\n<\/table>\n<div class=\"MsoNormal\" style=\"line-height: normal\">\n<p><font size=\"3\" face=\"arial\"><br \/><\/font><\/p>\n<\/div>\n<div class=\"MsoNormal\" style=\"line-height: normal\">\n<p><font size=\"3\" face=\"arial\">Jouluaattona juhlimme suomalaisvoimin, ja tulihan itsen\u00e4isyysp\u00e4iv\u00e4 ja pikkujoulutkin tietysti vietetty\u00e4. T\u00e4k\u00e4l\u00e4iset eiv\u00e4t juhlista joulua aattona vaan 25. p\u00e4iv\u00e4n\u00e4. Lapset l\u00f6yt\u00e4v\u00e4t lahjoja takan luota joulup\u00e4iv\u00e4n aamuna, jos Pyh\u00e4 Vasilis, sama tyyppi, jota me joulupukittelemme, on y\u00f6ll\u00e4 k\u00e4ynyt niit\u00e4 tuomassa. Toinen toisilleen kreikkalaiset antavat lahjat vasta uutena vuotena. Joulu ei ole ortodokseille kirkkovuoden p\u00e4\u00e4juhla, vaan p\u00e4\u00e4si\u00e4inen on t\u00e4\u00e4ll\u00e4 huomattavasti suurempi tapahtuma.<\/font><\/p>\n<\/div>\n<div class=\"MsoNormal\" style=\"line-height: normal\">\n<p><font size=\"3\" face=\"arial\"><br \/><\/font><\/p>\n<\/div>\n<table cellpadding=\"0\" cellspacing=\"0\" class=\"tr-caption-container\" style=\"padding: 6px;margin-bottom: 0.5em;float: left;margin-right: 1em\">\n<tbody>\n<tr>\n<td style=\"text-align: center\">\n<p><a href=\"http:\/\/3.bp.blogspot.com\/-dtwwWtvWWSk\/VofmplSte_I\/AAAAAAAAA70\/eEXRT_fNcIw\/s1600\/20151219%2B%252817%2529.JPG\" style=\"clear: left;margin-bottom: 1em;margin-left: auto;margin-right: auto\"><font size=\"3\" face=\"arial\"><img loading=\"lazy\" decoding=\"async\" border=\"0\" height=\"213\" src=\"https:\/\/3.bp.blogspot.com\/-dtwwWtvWWSk\/VofmplSte_I\/AAAAAAAAA70\/eEXRT_fNcIw\/s320\/20151219%2B%252817%2529.JPG\" width=\"320\" style=\"cursor: move\"><\/font><\/a><\/p>\n<\/td>\n<\/tr>\n<tr>\n<td class=\"tr-caption\" style=\"padding-top: 4px;text-align: center\">\n<p><font size=\"3\" face=\"arial\">Pohjoistuulen tuomat pilvet<br \/>&nbsp;hajoavat ennen etel\u00e4rannikkoa<\/font><\/p>\n<\/td>\n<\/tr>\n<\/tbody>\n<\/table>\n<div class=\"MsoNormal\" style=\"line-height: normal\">\n<p><font size=\"3\" face=\"arial\">Joulua edelt\u00e4v\u00e4n viikon tuuli pohjoisesta. Saaren yll\u00e4 asui raskas pilvimatto ja pohjoisrannikolta n\u00e4kyi mediassa sateisia ja myrskyisi\u00e4 kuvia, luntakin ilmaantui Valkoisten vuorten harjoille. Vain etel\u00e4rannikko, meid\u00e4n alueemme, s\u00e4ilyi aurinkoisena.<\/font><\/p>\n<\/div>\n<div class=\"MsoNormal\" style=\"line-height: normal\">\n<p><font size=\"3\" face=\"arial\"><br \/><\/font><\/p>\n<\/div>\n<div class=\"MsoNormal\" style=\"line-height: normal\">\n<p><font size=\"3\" face=\"arial\"><br \/><\/font><\/p>\n<\/div>\n<div class=\"MsoNormal\" style=\"line-height: normal\">\n<p><font size=\"3\" face=\"arial\"><br \/><\/font><\/p>\n<\/div>\n<div style=\"line-height: normal;text-align: right\">\n<p><a href=\"http:\/\/3.bp.blogspot.com\/-BHduIP_qZHc\/VofmrAvvdyI\/AAAAAAAAA8Y\/8fua-KpP3mQ\/s1600\/20151224%2B%25286%2529.JPG\" style=\"clear: right;float: right;margin-bottom: 1em;margin-left: 1em;text-align: center\"><font size=\"3\" face=\"arial\"><img loading=\"lazy\" decoding=\"async\" border=\"0\" height=\"213\" src=\"https:\/\/3.bp.blogspot.com\/-BHduIP_qZHc\/VofmrAvvdyI\/AAAAAAAAA8Y\/8fua-KpP3mQ\/s320\/20151224%2B%25286%2529.JPG\" width=\"320\" style=\"cursor: move\"><\/font><\/a><\/p>\n<\/div>\n<div class=\"MsoNormal\" style=\"line-height: normal\">\n<p><font size=\"3\" face=\"arial\"><br \/><\/font><\/p>\n<\/div>\n<div class=\"MsoNormal\" style=\"line-height: normal\">\n<p><font size=\"3\" face=\"arial\"><br \/><\/font><\/p>\n<\/div>\n<div class=\"MsoNormal\" style=\"line-height: normal\">\n<p><font size=\"3\" face=\"arial\">Aatoksi s\u00e4\u00e4 poutaantui. Saimme tehty\u00e4 jopa moottoripy\u00f6r\u00e4kierroksen vuorilla. Kaste oli tehnyt tiet kosteiksi, joten ajelimme rauhallisesti, kuten juhlaan kuuluu.<\/font><\/p>\n<\/div>\n<div class=\"MsoNormal\" style=\"line-height: normal\">\n<p><a href=\"http:\/\/3.bp.blogspot.com\/-BHduIP_qZHc\/VofmrAvvdyI\/AAAAAAAAA8Y\/8fua-KpP3mQ\/s1600\/20151224%2B%25286%2529.JPG\" style=\"clear: right;float: right;margin-bottom: 1em;margin-left: 1em;text-align: center\"><font size=\"3\" face=\"arial\"><br \/><\/font><\/a><\/p>\n<\/div>\n<div class=\"MsoNormal\" style=\"line-height: normal\">\n<p><font size=\"3\" face=\"arial\"><br \/><\/font><\/p>\n<\/div>\n<div class=\"MsoNormal\" style=\"line-height: normal\">\n<p><font size=\"3\" face=\"arial\"><br \/><\/font><\/p>\n<\/div>\n<div class=\"MsoNormal\" style=\"line-height: normal\">\n<p><font size=\"3\" face=\"arial\"><br \/><\/font><\/p>\n<p><font size=\"3\" face=\"arial\"><br \/><\/font><\/p>\n<p><font size=\"3\" face=\"arial\">Kokoonnuimme muutaman perheen voimin Mirtokseen ravintola Katerinaan sy\u00f6m\u00e4\u00e4n laatikoita ja kinkkua sek\u00e4 tietysti laulamaan joululauluja.<\/font><\/p>\n<\/div>\n<div class=\"MsoNormal\" style=\"line-height: normal\">\n<p><font size=\"3\" face=\"arial\"><br \/><\/font><\/p>\n<\/div>\n<div class=\"MsoNormal\" style=\"line-height: normal\">\n<p><a href=\"http:\/\/4.bp.blogspot.com\/-ThExfIp1GaE\/VofmpgX9M-I\/AAAAAAAAA74\/AnrBy2-XSZM\/s1600\/20151219%2B%2528101%2529.JPG\" style=\"clear: left;float: left;margin-bottom: 1em;margin-right: 1em;text-align: center\"><font size=\"3\" face=\"arial\"><img loading=\"lazy\" decoding=\"async\" border=\"0\" height=\"240\" src=\"https:\/\/4.bp.blogspot.com\/-ThExfIp1GaE\/VofmpgX9M-I\/AAAAAAAAA74\/AnrBy2-XSZM\/s320\/20151219%2B%2528101%2529.JPG\" width=\"320\" style=\"cursor: move\"><\/font><\/a><\/p>\n<\/div>\n<div class=\"MsoNormal\" style=\"line-height: normal\">\n<p><font size=\"3\" face=\"arial\">&nbsp;<a data-blogger-escaped-style=\"clear: right; display: inline !important; margin-bottom: 1em; margin-left: 1em; text-align: center;\" href=\"http:\/\/4.bp.blogspot.com\/-ATvJ7tmpxhw\/VofmquPEVpI\/AAAAAAAAA8U\/EDYC9GdM-mQ\/s1600\/20151224%2B%252825%2529.JPG\"><img loading=\"lazy\" decoding=\"async\" border=\"0\" height=\"320\" src=\"https:\/\/4.bp.blogspot.com\/-ATvJ7tmpxhw\/VofmquPEVpI\/AAAAAAAAA8U\/EDYC9GdM-mQ\/s320\/20151224%2B%252825%2529.JPG\" width=\"213\" style=\"cursor: move\"><\/a><\/font><\/p>\n<\/div>\n<div class=\"MsoNormal\" style=\"line-height: normal\"><\/div>\n<div class=\"MsoNormal\" style=\"line-height: normal\">\n<p><font size=\"3\" face=\"arial\"><br \/><\/font><\/p>\n<\/div>\n<div class=\"MsoNormal\" style=\"line-height: normal\">\n<p><font size=\"3\" face=\"arial\">Joulup\u00e4iv\u00e4n\u00e4 s\u00e4\u00e4 oli kirkas ja kaunis koko Kreetalla, ja p\u00e4\u00e4timme tehd\u00e4 retken Triptiin, vuoristoon. Triptin pikkukyl\u00e4 on talvisin l\u00e4hes tyhj\u00e4, mutta juhlapyh\u00e4 oli t\u00e4ytt\u00e4nyt tavernan. Sis\u00e4puolelta kantautui kodikas puheensorina, mutta my\u00f6s sakea tupakank\u00e4ry, joten ulkop\u00f6yd\u00e4n \u00e4\u00e4ress\u00e4 oli oikein hyv\u00e4t oltavat. Terassilla oli yht\u00e4 l\u00e4mmint\u00e4 kuin kes\u00e4ll\u00e4 koti-Suomessa, vaikka oltiin 800 metrin yl\u00e4puolella.<\/font><\/p>\n<\/div>\n<div class=\"MsoNormal\" style=\"line-height: normal\">\n<p><font size=\"3\" face=\"arial\"><br \/><\/font><\/p>\n<\/div>\n<div class=\"MsoNormal\" style=\"line-height: normal\">\n<p><font size=\"3\" face=\"arial\">Uudenvuoden aattoiltana s\u00e4\u00e4 ei juuri naurattanut. Tuuli ujelsi suoraan pohjoisesta ja l\u00e4mp\u00f6tila vajosi alle kymmenen asteen. Iltakuudelta auton ikkunalle oli kertynyt kunnon kerros sohjoa, kun Riza-vuoren yli kurkotteleva pilven lonka ropsautteli raekuuroja rinteeseen. Lohduton n\u00e4ky suoraan sanottuna!&nbsp;<\/font><\/p>\n<\/div>\n<div class=\"MsoNormal\" style=\"line-height: normal\">\n<p><font size=\"3\" face=\"arial\"><br \/><\/font><\/p>\n<\/div>\n<table align=\"center\" cellpadding=\"0\" cellspacing=\"0\" class=\"tr-caption-container\" style=\"padding: 6px;margin-bottom: 0.5em;margin-left: auto;margin-right: auto;text-align: center\">\n<tbody>\n<tr>\n<td>\n<p><a href=\"http:\/\/3.bp.blogspot.com\/-XlwRACFgoyg\/VofwVXjhexI\/AAAAAAAAA9o\/f7zcVGBFEU4\/s1600\/20151231%2B%25282%2529.JPG\" style=\"margin-left: auto;margin-right: auto\"><font size=\"3\" face=\"arial\"><img loading=\"lazy\" decoding=\"async\" border=\"0\" height=\"213\" src=\"https:\/\/3.bp.blogspot.com\/-XlwRACFgoyg\/VofwVXjhexI\/AAAAAAAAA9o\/f7zcVGBFEU4\/s320\/20151231%2B%25282%2529.JPG\" width=\"320\" style=\"cursor: move\"><\/font><\/a><\/p>\n<\/td>\n<\/tr>\n<tr>\n<td class=\"tr-caption\" style=\"padding-top: 4px\">\n<p><font size=\"3\" face=\"arial\">&#8221;Jos m\u00e4 n\u00e4en lunta,<br \/>niin sen on oltava unta!&#8221;<\/font><\/p>\n<\/td>\n<\/tr>\n<\/tbody>\n<\/table>\n<div class=\"MsoNormal\" style=\"line-height: normal\">\n<p><font size=\"3\" face=\"arial\">Sade piiskasi seutua ja v\u00e4ke\u00e4 oli liikkeell\u00e4 tuskin kourallista. Kirkon luona kuvaelman tiet\u00e4j\u00e4tkin olivat sammuneet seimen \u00e4\u00e4reen ja n\u00f6k\u00f6ttiv\u00e4t kyll\u00e4styneen n\u00e4k\u00f6isin\u00e4 sateessa.<\/font><\/p>\n<\/div>\n<div style=\"line-height: normal\">\n<p><font size=\"3\" face=\"arial\"><br \/><\/font><\/p>\n<\/div>\n<div class=\"MsoNormal\" style=\"line-height: normal\">\n<p><font size=\"3\" face=\"arial\">Vuoden vaihtuminen tapahtui rauhallisesti. Ierapetrasta kuului iltaseitsem\u00e4lt\u00e4 jonkinlaista raketin pauketta, mutta kylill\u00e4 oli aivan hiljaista. P\u00e4\u00e4si\u00e4inen on t\u00e4\u00e4ll\u00e4 se juhla, jolloin ilotulitetaan.&nbsp;<\/font><\/p>\n<\/div>\n<div class=\"MsoNormal\" style=\"line-height: normal\">\n<p><font size=\"3\" face=\"arial\"><br \/><\/font><\/p>\n<\/div>\n<div class=\"MsoNormal\" style=\"line-height: normal\">\n<p><font size=\"3\" face=\"arial\">Yst\u00e4vien kesken poksautimme pullon kuohuvaa ja totesimme, ett\u00e4 mennyt vuosi on ollut hieno eik\u00e4 tuleva n\u00e4yt\u00e4 yht\u00e4\u00e4n huonommalta. S\u00e4\u00e4kin taitaa olla kenkku vain v\u00e4liaikaisesti: parin p\u00e4iv\u00e4n p\u00e4\u00e4st\u00e4 pit\u00e4isi olla taas ennustusten mukaan 18 astetta l\u00e4mmint\u00e4.<\/font><font size=\"3\" style=\"font-family: 'Times New Roman'\"><\/font><\/p>\n<p><font size=\"3\" face=\"arial\"><br \/><\/font><\/p>\n<div style=\"font-size: 14.6667px;line-height: 22px\">Kreetalta: Jyk\u00e4 ja Lissu<\/div>\n<div style=\"font-size: 14.6667px;line-height: 22px\"><\/div>\n<div style=\"font-size: 14.6667px;line-height: 22px\">\n<p class=\"MsoNoSpacing\">Dafni-bokserin seikkailut Kreetalla:&nbsp;<a href=\"http:\/\/koiramainenkreikkakeikka.blogspot.fi\/\">http:\/\/koiramainenkreikkakeikka.blogspot.fi\/<\/a><\/p>\n<p class=\"MsoNoSpacing\">Kreikan-matkailua meid\u00e4n silmin:&nbsp;<a href=\"http:\/\/tavernaikosi.blogspot.fi\/\" style=\"text-decoration: underline\">http:\/\/tavernaikosi.blogspot.fi\/<\/a>&nbsp;<\/p>\n<\/div>\n<\/div>\n<div class=\"MsoNormal\" style=\"font-family: 'Times New Roman';font-size: medium;line-height: normal\">\n<p><font face=\"Times, Times New Roman, serif\" size=\"5\"><br \/><\/font><\/p>\n<\/div>\n<\/div>\n","protected":false},"excerpt":{"rendered":"<p>Ja niin joulu joutui my\u00f6s t\u00e4nne etel\u00e4\u00e4n! Reissu on puoliv\u00e4liss\u00e4 ja monta uutta asiaa on koettu ja n\u00e4hty. Saldo ehdottomasti positiivisen puolella. Nyt on aika tehd\u00e4 uuden vuoden lupaus: jatketaan t\u00e4ytt\u00e4 el\u00e4m\u00e4\u00e4 tulevakin vuosi.&#46;&#46;&#46;<\/p>\n","protected":false},"author":4,"featured_media":0,"comment_status":"closed","ping_status":"closed","sticky":false,"template":"","format":"standard","meta":{"_acf_changed":false,"footnotes":""},"categories":[1],"tags":[],"class_list":["post-69","post","type-post","status-publish","format-standard","hentry","category-yleinen"],"acf":[],"_links":{"self":[{"href":"https:\/\/blogit.kreeta.info\/vuosikreetalla\/wp-json\/wp\/v2\/posts\/69","targetHints":{"allow":["GET"]}}],"collection":[{"href":"https:\/\/blogit.kreeta.info\/vuosikreetalla\/wp-json\/wp\/v2\/posts"}],"about":[{"href":"https:\/\/blogit.kreeta.info\/vuosikreetalla\/wp-json\/wp\/v2\/types\/post"}],"author":[{"embeddable":true,"href":"https:\/\/blogit.kreeta.info\/vuosikreetalla\/wp-json\/wp\/v2\/users\/4"}],"replies":[{"embeddable":true,"href":"https:\/\/blogit.kreeta.info\/vuosikreetalla\/wp-json\/wp\/v2\/comments?post=69"}],"version-history":[{"count":1,"href":"https:\/\/blogit.kreeta.info\/vuosikreetalla\/wp-json\/wp\/v2\/posts\/69\/revisions"}],"predecessor-version":[{"id":103,"href":"https:\/\/blogit.kreeta.info\/vuosikreetalla\/wp-json\/wp\/v2\/posts\/69\/revisions\/103"}],"wp:attachment":[{"href":"https:\/\/blogit.kreeta.info\/vuosikreetalla\/wp-json\/wp\/v2\/media?parent=69"}],"wp:term":[{"taxonomy":"category","embeddable":true,"href":"https:\/\/blogit.kreeta.info\/vuosikreetalla\/wp-json\/wp\/v2\/categories?post=69"},{"taxonomy":"post_tag","embeddable":true,"href":"https:\/\/blogit.kreeta.info\/vuosikreetalla\/wp-json\/wp\/v2\/tags?post=69"}],"curies":[{"name":"wp","href":"https:\/\/api.w.org\/{rel}","templated":true}]}}