{"id":73,"date":"2016-03-30T20:41:23","date_gmt":"2016-03-30T17:41:23","guid":{"rendered":"https:\/\/blogit.kreeta.info\/vuosikreetalla\/mita-kreetalla-voi-tehda-talvella-2\/"},"modified":"2024-01-10T10:08:37","modified_gmt":"2024-01-10T08:08:37","slug":"mita-kreetalla-voi-tehda-talvella-2","status":"publish","type":"post","link":"https:\/\/blogit.kreeta.info\/vuosikreetalla\/mita-kreetalla-voi-tehda-talvella-2\/","title":{"rendered":"Mit\u00e4 Kreetalla voi tehd\u00e4 talvella 2"},"content":{"rendered":"<div class=\"MsoNormal\">\n<table align=\"center\" cellpadding=\"0\" cellspacing=\"0\" class=\"tr-caption-container\" data-blogger-escaped-style=\"float: left; margin-right: 1em; text-align: left;\" style=\"padding: 6px;margin-bottom: 0.5em;float: left;margin-right: 1em\">\n<tbody>\n<tr>\n<td data-blogger-escaped-style=\"text-align: center;\" style=\"text-align: center\">\n<p><font face=\"times new roman\" size=\"3\"><img loading=\"lazy\" decoding=\"async\" border=\"0\" data-blogger-escaped-style=\"margin-left: auto; margin-right: auto;\" height=\"213\" src=\"https:\/\/3.bp.blogspot.com\/-J-et3bfdYfk\/Vvk6t6GopJI\/AAAAAAAABLg\/dfNUp4FxsKceimawxcJ1c2bVdHyIy8G-A\/s320\/kansallisparaati.JPG\" width=\"320\" style=\"cursor: move;margin-left: auto;margin-right: auto\"><\/font><\/p>\n<\/td>\n<\/tr>\n<tr>\n<td class=\"tr-caption\" data-blogger-escaped-style=\"text-align: center;\" style=\"padding-top: 4px;text-align: center\">\n<p><font data-blogger-escaped-style=\"font-family: Times, Times New Roman, serif; font-size: small;\" size=\"3\" face=\"times new roman\">Kansallisp\u00e4iv\u00e4n paraati 25.3.<\/font><\/p>\n<\/td>\n<\/tr>\n<\/tbody>\n<\/table>\n<p><font data-blogger-escaped-style=\"clear: left; float: left; font-family: \" style=\"clear: left;float: left;margin-bottom: 1em;margin-right: 1em\"><\/font><font face=\"times new roman\" size=\"3\"><br \/><\/font><\/p>\n<p><font data-blogger-escaped-style=\"font-family: \" face=\"times new roman\" size=\"3\">Kev\u00e4ttalvi on&nbsp;Kreetalla&nbsp;tietysti ennen kaikkea p\u00e4\u00e4si\u00e4isen aikaa. Palataan sen juhlintaan my\u00f6hemmin. Karnevaalikulkue oli upea, mutta paraateja on toki muitakin: syksyll\u00e4 ohi-p\u00e4iv\u00e4 ja 25. maaliskuuta Kreikan kansallisp\u00e4iv\u00e4.<\/font><\/p>\n<p><font face=\"times new roman\" size=\"3\"><br \/><\/font><\/p>\n<p><font face=\"times new roman\" size=\"3\"><font data-blogger-escaped-style=\"font-family: \"><br \/><\/font><font data-blogger-escaped-style=\"font-family: \">Sotilasparaati j\u00e4rjestet\u00e4\u00e4n p\u00e4\u00e4kaupungissa, mutta kyliss\u00e4 ja kaupungeissa on omat kulkueensa ja rituaalinsa. Ierapetrassa marssittiin koululaisten, partiolaisten, urheiluseurojen, poliisin ja palokunnan voimin.&nbsp;<\/font><\/font><\/p>\n<p><font data-blogger-escaped-style=\"font-size: large;\"><font data-blogger-escaped-style=\"font-family: \" face=\"times new roman\" size=\"3\"><br \/><\/font><\/font><\/p>\n<\/div>\n<div class=\"MsoNormal\">\n<p><font data-blogger-escaped-style=\"font-family: \" face=\"times new roman\" size=\"3\">Sitten olikin taas aihetta kokoontua tavernaan istumaan yst\u00e4vien kanssa. Jorgos ja Nikos Stratakis esiintyiv\u00e4t La Strada -pizzatavernassa. Seurueemme juhli paitsi itsen\u00e4isyysp\u00e4iv\u00e4\u00e4, my\u00f6s vanhimman osallistujan, Agelikin, &nbsp;94. syntym\u00e4p\u00e4iv\u00e4\u00e4.<\/font><\/p>\n<\/div>\n<div class=\"MsoNormal\">\n<p><font data-blogger-escaped-style=\"font-family: \" face=\"times new roman\" size=\"3\"><br \/><\/font><\/p>\n<\/div>\n<div class=\"MsoNormal\">\n<p><font data-blogger-escaped-style=\"font-family: \" style=\"margin-left: 1em;margin-right: 1em;text-align: center\" face=\"times new roman\" size=\"3\"><a data-blogger-escaped-style=\"margin-left: 1em; margin-right: 1em; text-align: center;\" href=\"https:\/\/4.bp.blogspot.com\/-Leo1y5zGMOU\/Vvk64VoQMWI\/AAAAAAAABN4\/G2RUBMXmrF4622BDHEpJ43WRNrTDUaM5w\/s1600\/stratakis.JPG\" style=\"margin-left: 1em;margin-right: 1em\"><img loading=\"lazy\" decoding=\"async\" border=\"0\" height=\"266\" src=\"https:\/\/4.bp.blogspot.com\/-Leo1y5zGMOU\/Vvk64VoQMWI\/AAAAAAAABN4\/G2RUBMXmrF4622BDHEpJ43WRNrTDUaM5w\/s400\/stratakis.JPG\" width=\"400\" style=\"cursor: move\"><\/a><\/font><\/p>\n<p><font face=\"times new roman\" size=\"3\"><br \/><\/font><\/p>\n<p><font face=\"times new roman\" size=\"3\"><br \/><\/font><\/p>\n<\/div>\n<div class=\"MsoNormal\">\n<h3><font data-blogger-escaped-style=\"font-family: \" face=\"times new roman\" size=\"3\">Kukkia, myrsky\u00e4 ja maanj\u00e4ristyksi\u00e4<\/font><\/h3>\n<\/div>\n<div class=\"MsoNormal\">\n<p><font data-blogger-escaped-style=\"font-family: \" face=\"times new roman\" size=\"3\"><br \/><\/font><\/p>\n<\/div>\n<div class=\"MsoNormal\">\n<p><font data-blogger-escaped-style=\"font-family: \" face=\"times new roman\" size=\"3\">Olemme l\u00e4hes p\u00e4ivitt\u00e4in seuranneet Suomen uutisia netist\u00e4, joten s\u00e4ist\u00e4kin olemme pysyneet k\u00e4rryill\u00e4. Tietysti olemme ottaneet kaiken ilon irti paukkupakkasista ja r\u00e4nt\u00e4sateista, kun ei ole tarvinnut tehd\u00e4 ensimm\u00e4isi\u00e4k\u00e4\u00e4n lumit\u00f6it\u00e4 eik\u00e4 rapata j\u00e4\u00e4t\u00e4 auton ikkunoista! Enimm\u00e4kseen on aamuisin voinut todeta, ett\u00e4 aurinko paistaa. Viimeisen kerran uimme joulup\u00e4iv\u00e4n\u00e4. Aurinko l\u00e4mmitti mukavasti, mutta vesi oli aikamoisen vilpoista.<\/font><\/p>\n<p><font data-blogger-escaped-style=\"font-family: \" face=\"times new roman\" size=\"3\"><br \/><\/font><\/p>\n<\/div>\n<div class=\"MsoNormal\">\n<table align=\"center\" cellpadding=\"0\" cellspacing=\"0\" class=\"tr-caption-container\" data-blogger-escaped-style=\"margin-left: auto; margin-right: auto; text-align: center;\" style=\"padding: 6px;margin-bottom: 0.5em;margin-left: auto;margin-right: auto;text-align: center\">\n<tbody>\n<tr>\n<td data-blogger-escaped-style=\"text-align: center;\">\n<p><a data-blogger-escaped-style=\"margin-left: auto; margin-right: auto; text-align: center;\" href=\"https:\/\/1.bp.blogspot.com\/-B3c38vJUyyY\/Vvk6wI2yeGI\/AAAAAAAABME\/E4H0noNcq1c5m6EtjJc-iAwDBUudL0r0w\/s1600\/lunta1.JPG\" style=\"margin-left: auto;margin-right: auto\"><font face=\"times new roman\" size=\"3\"><img loading=\"lazy\" decoding=\"async\" border=\"0\" height=\"266\" src=\"https:\/\/1.bp.blogspot.com\/-B3c38vJUyyY\/Vvk6wI2yeGI\/AAAAAAAABME\/E4H0noNcq1c5m6EtjJc-iAwDBUudL0r0w\/s400\/lunta1.JPG\" width=\"400\" style=\"cursor: move\"><\/font><\/a><\/p>\n<\/td>\n<\/tr>\n<tr>\n<td class=\"tr-caption\" data-blogger-escaped-style=\"text-align: center;\" style=\"padding-top: 4px\">\n<p><font data-blogger-escaped-style=\"font-family: Times, Times New Roman, serif; font-size: small;\" size=\"3\" face=\"times new roman\">Anatolin kyl\u00e4 ja<br \/>lumiset Dikti-vuoret<\/font><\/p>\n<\/td>\n<\/tr>\n<\/tbody>\n<\/table>\n<p><font data-blogger-escaped-style=\"font-family: \" face=\"times new roman\" size=\"3\"><\/font><\/p>\n<\/div>\n<div class=\"MsoNormal\">\n<p><font data-blogger-escaped-style=\"font-family: \" face=\"times new roman\" size=\"3\">L\u00e4mp\u00f6tila taisi jonakin tammikuisena y\u00f6n\u00e4 k\u00e4v\u00e4ist\u00e4 kuuden asteen tuntumassa, ja pari alle kymmenen asteen p\u00e4iv\u00e4\u00e4 oli. Silloin t\u00e4ll\u00f6in taivas on ollut pilvess\u00e4, enimm\u00e4kseen kuitenkin niin, ett\u00e4 rannikolla t\u00e4ss\u00e4 Ier\u00e1petran tuntumassa oli aurinkoinen kaistale. Jos pilvet ovat py\u00f6rineet vuorten yll\u00e4 pohjoistuulella, olemme niiden h\u00e4lvetty\u00e4 p\u00e4\u00e4sset ihastelemaan Dikti- ja Ida-vuoriston valkoisia lumihuippuja. Kaunistahan se lumi on, kun ei tunge liian l\u00e4helle!<\/font><\/p>\n<p><font data-blogger-escaped-style=\"font-size: large;\"><font data-blogger-escaped-style=\"font-family: \" face=\"times new roman\" size=\"3\"><br \/><\/font><\/font><\/p>\n<\/div>\n<div class=\"MsoNormal\">\n<p><a data-blogger-escaped-style=\"clear: left; float: left; margin-bottom: 1em; margin-right: 1em; text-align: center;\" href=\"https:\/\/3.bp.blogspot.com\/-_Vq_RJ2DCQc\/Vvk6wZrLimI\/AAAAAAAABMI\/41t2qXmGfEUoUuSD4eEZR-3-HlIvJ-ErQ\/s1600\/lunta2.JPG\" style=\"clear: left;float: left;margin-bottom: 1em;margin-right: 1em;text-align: center\"><font face=\"times new roman\" size=\"3\"><img loading=\"lazy\" decoding=\"async\" border=\"0\" height=\"213\" src=\"https:\/\/3.bp.blogspot.com\/-_Vq_RJ2DCQc\/Vvk6wZrLimI\/AAAAAAAABMI\/41t2qXmGfEUoUuSD4eEZR-3-HlIvJ-ErQ\/s320\/lunta2.JPG\" width=\"320\" style=\"cursor: move\"><\/font><\/a><font data-blogger-escaped-style=\"font-family: \" face=\"times new roman\" size=\"3\"><\/font><\/p>\n<\/div>\n<div class=\"MsoNormal\">\n<p><font data-blogger-escaped-style=\"font-family: \" face=\"times new roman\" size=\"3\">Valitettavasti on kyll\u00e4 viluttanutkin, vaikka l\u00e4mp\u00f6tilat ovat koko ajan olleet Suomen kes\u00e4lukemissa. Tottumiskysymys kai se on. Talot eiv\u00e4t ole eristettyj\u00e4 niin kuin Suomessa, ja sis\u00e4tiloja l\u00e4mmitet\u00e4\u00e4n &#8221;t\u00e4sm\u00e4tyylill\u00e4&#8221; takoilla ja pattereilla, ei koko rakennusta kerralla ja jatkuvasti.<\/font><\/p>\n<p><font data-blogger-escaped-style=\"font-family: \" face=\"times new roman\" size=\"3\"><br \/><\/font><\/p>\n<\/div>\n<div class=\"MsoNormal\">\n<p><font data-blogger-escaped-style=\"font-family: \" face=\"times new roman\" size=\"3\">Kotimainen tuulipuku, jopa ajoittain kevyttoppapuku, on koiralenkeill\u00e4 ollut aivan tarpeen. Muutenkin ylle on valikoitunut villatakkia ja toppaliivi\u00e4 sek\u00e4 pitk\u00e4\u00e4 housua. Tosin nyt maaliskuussa alkaa jo aurinko l\u00e4mmitt\u00e4\u00e4 riitt\u00e4v\u00e4sti, niin ett\u00e4 sortsit voi kaivaa esiin vaatekaapin pohjalta.<\/font><\/p>\n<p><font data-blogger-escaped-style=\"clear: right; float: right; font-family: \" style=\"clear: right;float: right;margin-bottom: 1em;margin-left: 1em\"><\/font><\/p>\n<\/div>\n<div class=\"MsoNormal\">\n<p class=\"separator\" data-blogger-escaped-style=\"clear: both; text-align: center;\" style=\"clear: both;text-align: center\"><a data-blogger-escaped-style=\"clear: left; float: left; margin-bottom: 1em; margin-right: 1em;\" href=\"https:\/\/1.bp.blogspot.com\/-dNtNFF0CTxg\/VvwTSgKjP7I\/AAAAAAAABPQ\/vztd4LtVwy8vMqnjYKh_89xM7kAjjh5eQ\/s1600\/margaritat.JPG\" style=\"clear: left;float: left;margin-bottom: 1em;margin-right: 1em\"><font face=\"times new roman\" size=\"3\"><img loading=\"lazy\" decoding=\"async\" border=\"0\" height=\"213\" src=\"https:\/\/1.bp.blogspot.com\/-dNtNFF0CTxg\/VvwTSgKjP7I\/AAAAAAAABPQ\/vztd4LtVwy8vMqnjYKh_89xM7kAjjh5eQ\/s320\/margaritat.JPG\" width=\"320\" style=\"cursor: move\"><\/font><\/a><\/p>\n<p><font data-blogger-escaped-style=\"font-family: \" face=\"times new roman\" size=\"3\">Luonto on n\u00e4ytt\u00e4nyt talven aikana meille kauneimmat kasvonsa ja pelottavimmat puolensa.&nbsp;<\/font><\/p>\n<p><font face=\"times new roman\" size=\"3\"><font data-blogger-escaped-style=\"font-family: \"><br \/><\/font><font data-blogger-escaped-style=\"font-family: \">Ei ikin\u00e4 uskoisi, miten vihre\u00e4\u00e4 ja kukkivaa t\u00e4\u00e4ll\u00e4 voi n\u00e4in kev\u00e4\u00e4ll\u00e4 olla!&nbsp;<\/font><font data-blogger-escaped-style=\"font-family: \">P\u00e4iv\u00e4nkakkaramaiset margaritat ovat kasvattaneet valtavia puskia katujen varsiin, violetit malvikit tuovat joukkoon oman s\u00e4rm\u00e4ns\u00e4, ja tietysti pelargoniat jaksavat kukkia aina vaan.&nbsp;<\/font><font data-blogger-escaped-style=\"font-family: \">Appelsiinipuut lemuavat kuin hajuvesitehdas. Mimosaksi kutsutut pajumaiset akasiat ovat ihan t\u00e4p\u00f6t\u00e4ynn\u00e4 pieni\u00e4, py\u00f6reit\u00e4, keltaisia tupsukukkasia.<\/font><\/font><\/p>\n<\/div>\n<div class=\"MsoNormal\">\n<p><font data-blogger-escaped-style=\"font-family: \" face=\"times new roman\" size=\"3\"><br \/><\/font><\/p>\n<\/div>\n<div class=\"MsoNormal\">\n<p class=\"separator\" data-blogger-escaped-style=\"clear: both; text-align: center;\" style=\"clear: both;text-align: center\"><a data-blogger-escaped-style=\"text-align: center;\" href=\"https:\/\/1.bp.blogspot.com\/-J1MU-kYrxIw\/Vvk6xYSfaFI\/AAAAAAAABMU\/cgqPY-3fDwgdoQVvOKvjrI037wkHGR1MA\/s1600\/mimosa.JPG\"><font face=\"times new roman\" size=\"3\"><img loading=\"lazy\" decoding=\"async\" border=\"0\" height=\"266\" src=\"https:\/\/1.bp.blogspot.com\/-J1MU-kYrxIw\/Vvk6xYSfaFI\/AAAAAAAABMU\/cgqPY-3fDwgdoQVvOKvjrI037wkHGR1MA\/s400\/mimosa.JPG\" width=\"400\" style=\"cursor: move\"><\/font><\/a><\/p>\n<p><font data-blogger-escaped-style=\"font-family: \" face=\"times new roman\" size=\"3\"><\/font><\/p>\n<\/div>\n<div class=\"MsoNormal\">\n<p><font face=\"times new roman\" size=\"3\"><font data-blogger-escaped-style=\"font-family: \"><br \/><\/font><font data-blogger-escaped-style=\"font-family: \">Yhten\u00e4 p\u00e4iv\u00e4n\u00e4 maaliskuun puoliv\u00e4liss\u00e4 ilmavirtaus tuli voimakkaana etel\u00e4st\u00e4, ja olemme kokeneet ensimm\u00e4isen hiekkasateemme. Maisema oli kellanpunaisen udun peitossa, olisimme voineet olla Marsissa. Aamulla piti auto pest\u00e4, se kun oli y\u00f6llisen saderipsauksen j\u00e4ljilt\u00e4 muuttunut pantterikuviolliseksi.<\/font><\/font><\/p>\n<p><font face=\"times new roman\" size=\"3\"><font data-blogger-escaped-style=\"font-family: \"><br \/><\/font><font data-blogger-escaped-style=\"font-family: \" style=\"margin-left: 1em;margin-right: 1em;text-align: center\"><a data-blogger-escaped-style=\"margin-left: 1em; margin-right: 1em; text-align: center;\" href=\"https:\/\/1.bp.blogspot.com\/-tRj-fwPtfcI\/Vvk6tC3HqLI\/AAAAAAAABLU\/NsbyUYtupmM81qzaXer_sXcBFTT7KR65w\/s1600\/hiekkamyrsky.JPG\" style=\"margin-left: 1em;margin-right: 1em\"><img loading=\"lazy\" decoding=\"async\" border=\"0\" height=\"213\" src=\"https:\/\/1.bp.blogspot.com\/-tRj-fwPtfcI\/Vvk6tC3HqLI\/AAAAAAAABLU\/NsbyUYtupmM81qzaXer_sXcBFTT7KR65w\/s320\/hiekkamyrsky.JPG\" width=\"320\" style=\"cursor: move\"><\/a><\/font><\/font><\/p>\n<p><font face=\"times new roman\" size=\"3\"><br \/><\/font><\/p>\n<p><font face=\"times new roman\" size=\"3\"><br \/><\/font><\/p>\n<p><font face=\"times new roman\" size=\"3\"><br \/><\/font><\/p>\n<\/div>\n<div class=\"MsoNormal\">\n<table align=\"center\" cellpadding=\"0\" cellspacing=\"0\" class=\"tr-caption-container\" data-blogger-escaped-style=\"float: left; margin-right: 1em; text-align: left;\" style=\"padding: 6px;margin-bottom: 0.5em;float: left;margin-right: 1em\">\n<tbody>\n<tr>\n<td data-blogger-escaped-style=\"text-align: center;\" style=\"text-align: center\">\n<p><font face=\"times new roman\" size=\"3\"><img loading=\"lazy\" decoding=\"async\" border=\"0\" data-blogger-escaped-style=\"margin-left: auto; margin-right: auto;\" height=\"240\" src=\"https:\/\/1.bp.blogspot.com\/-XVWSHu7Vn2Q\/Vvk6qX-e5zI\/AAAAAAAABKo\/cAz-uT6xcXMfYfukMiNIBsQWOIW9h3obQ\/s320\/aallotierassa4.jpg\" width=\"320\" style=\"cursor: move;margin-left: auto;margin-right: auto\"><\/font><\/p>\n<\/td>\n<\/tr>\n<tr>\n<td class=\"tr-caption\" data-blogger-escaped-style=\"text-align: center;\" style=\"padding-top: 4px;text-align: center\">\n<p><font data-blogger-escaped-style=\"font-family: Times, Times New Roman, serif; font-size: small;\" size=\"3\" face=\"times new roman\">Aallot ly\u00f6v\u00e4t Ierapetran rantaraitille<\/font><\/p>\n<\/td>\n<\/tr>\n<\/tbody>\n<\/table>\n<p><font data-blogger-escaped-style=\"clear: left; float: left; font-family: \" style=\"clear: left;float: left;margin-bottom: 1em;margin-right: 1em\"><\/font><\/p>\n<\/div>\n<div class=\"MsoNormal\">\n<p><font data-blogger-escaped-style=\"font-family: \" face=\"times new roman\" size=\"3\">Helmikuun kahdeksantena saarellamme myrskysi kunnolla. Aamulla tuuli kovaa, joten k\u00e4ytimme koirat lyhyell\u00e4 lenkill\u00e4. Jo silloin tuuli oli kaatanut vanhan antennin talon katolla ja irrottanut muutamia kattotiili\u00e4.&nbsp;<\/font><\/p>\n<p><font face=\"times new roman\" size=\"3\"><font data-blogger-escaped-style=\"font-family: \"><br \/><\/font><font data-blogger-escaped-style=\"font-family: \"><br \/><\/font><font data-blogger-escaped-style=\"font-family: \"><br \/><\/font><font data-blogger-escaped-style=\"font-family: \">Jyk\u00e4 k\u00e4vi varmistamassa, ett\u00e4 trailerimme hieman konstikas kuomu on kunnolla lukituksissa.&nbsp;<\/font><font data-blogger-escaped-style=\"font-family: \">Lenkilt\u00e4 palatessa siirsimme auton pois talon edustalta, sill\u00e4 n\u00e4ytti silt\u00e4 ett\u00e4 tiili\u00e4 tulee alas lis\u00e4\u00e4.&nbsp;<\/font><\/font><\/p>\n<p><font face=\"times new roman\" size=\"3\"><font data-blogger-escaped-style=\"font-family: \"><br \/><\/font><font data-blogger-escaped-style=\"font-family: \">Enn\u00e4timme keitt\u00e4\u00e4 h\u00e4din tuskin kahvit, kun Jyk\u00e4 ponkaisi yl\u00f6s: \u201dMik\u00e4 siell\u00e4 kolisee?\u201d Traileri oli l\u00e4htenyt omille teilleen.&nbsp;<\/font><font data-blogger-escaped-style=\"font-family: \">Kuomun-pahus oli kuitenkin auennut ja noussut purjeeksi, jonka avulla k\u00e4rry oli loikannut yli renkaiden edess\u00e4 olevien kiilojen. Se oli runtannut ruotsalaisten naapuriemme Renaultin apukuskin oven sis\u00e4\u00e4n, sitten \u00e4nkeytynyt sen ja viereisen aidan v\u00e4list\u00e4 auton kylke\u00e4 raapien. Juuri, kun Jyk\u00e4 kerkesi rappusille, k\u00e4rry t\u00f6m\u00e4hti oman automme per\u00e4\u00e4n. Onneksi niin, eik\u00e4 jatkanut kadulle ja m\u00e4ke\u00e4 alas!<\/font><\/font><\/p>\n<\/div>\n<div class=\"MsoNormal\">\n<p><font data-blogger-escaped-style=\"font-size: large;\"><font data-blogger-escaped-style=\"font-family: \" face=\"times new roman\" size=\"3\"><br \/><\/font><\/font><\/p>\n<table align=\"center\" cellpadding=\"0\" cellspacing=\"0\" class=\"tr-caption-container\" data-blogger-escaped-style=\"margin-left: auto; margin-right: auto; text-align: center;\" style=\"padding: 6px;margin-bottom: 0.5em;margin-left: auto;margin-right: auto;text-align: center\">\n<tbody>\n<tr>\n<td data-blogger-escaped-style=\"text-align: center;\">\n<p><a data-blogger-escaped-style=\"margin-left: auto; margin-right: auto; text-align: center;\" href=\"https:\/\/4.bp.blogspot.com\/-RbM93oxAAFc\/Vvk66dwDSuI\/AAAAAAAABOU\/aDQ5VrOTnZ4mbSfKAUNXWf5eFd0op7eUg\/s1600\/traileri.JPG\" style=\"margin-left: auto;margin-right: auto\"><font data-blogger-escaped-style=\"font-family: \" face=\"times new roman\" size=\"3\"><img loading=\"lazy\" decoding=\"async\" border=\"0\" height=\"213\" src=\"https:\/\/4.bp.blogspot.com\/-RbM93oxAAFc\/Vvk66dwDSuI\/AAAAAAAABOU\/aDQ5VrOTnZ4mbSfKAUNXWf5eFd0op7eUg\/s320\/traileri.JPG\" width=\"320\" style=\"cursor: move\"><\/font><\/a><\/p>\n<\/td>\n<\/tr>\n<tr>\n<td class=\"tr-caption\" data-blogger-escaped-style=\"text-align: center;\" style=\"padding-top: 4px\">\n<p><font data-blogger-escaped-style=\"font-family: Times, Times New Roman, serif; font-size: small;\" size=\"3\" face=\"times new roman\">Traileri piti hilata paikoilleen varovasti,<\/font><\/p>\n<p><font data-blogger-escaped-style=\"font-family: Times, Times New Roman, serif; font-size: small;\" size=\"3\" face=\"times new roman\">mutta t\u00e4st\u00e4 raosta se oli \u00e4ngennyt karkuteille!<\/font><\/p>\n<\/td>\n<\/tr>\n<\/tbody>\n<\/table>\n<\/div>\n<div class=\"MsoNormal\">\n<p><font data-blogger-escaped-style=\"font-family: \" face=\"times new roman\" size=\"3\">Saimme villiintyneen vaunun kiinni viime hetkell\u00e4 ja kuomun kiskottua alas ennen kuin se ehti kolhia autoamme pahemmin. Ymp\u00e4rill\u00e4 pauhasi 10 boforin myrskytuuli. Ei auttanut kuin k\u00f6ytt\u00e4\u00e4 k\u00e4rry niille sijoilleen ja odottaa. Onneksi onnettomuudessa meill\u00e4 on k\u00e4rryss\u00e4 suomalainen vakuutus, joka ymm\u00e4rsi meit\u00e4 h\u00e4d\u00e4ss\u00e4 ja korvasi vahingot.<\/font><\/p>\n<\/div>\n<div class=\"MsoNormal\">\n<p><font data-blogger-escaped-style=\"font-family: \" face=\"times new roman\" size=\"3\"><br \/><\/font><\/p>\n<\/div>\n<div class=\"MsoNormal\">\n<p><font face=\"times new roman\" size=\"3\"><br \/><\/font><\/p>\n<\/div>\n<div class=\"MsoNormal\">\n<p><font data-blogger-escaped-style=\"font-size: large;\"><a data-blogger-escaped-style=\"margin-left: 1em; margin-right: 1em; text-align: center;\" href=\"https:\/\/1.bp.blogspot.com\/-TKUuaSyICcE\/Vvk6qX7awLI\/AAAAAAAABKw\/HweA1rUyDk4mKL-RX6UIb_MsXZdgtUoFQ\/s1600\/aallotierassa.JPG\" style=\"margin-left: 1em;margin-right: 1em;text-align: center\"><font data-blogger-escaped-style=\"font-family: \" face=\"times new roman\" size=\"3\"><img loading=\"lazy\" decoding=\"async\" border=\"0\" height=\"266\" src=\"https:\/\/1.bp.blogspot.com\/-TKUuaSyICcE\/Vvk6qX7awLI\/AAAAAAAABKw\/HweA1rUyDk4mKL-RX6UIb_MsXZdgtUoFQ\/s400\/aallotierassa.JPG\" width=\"400\" style=\"cursor: move\"><\/font><\/a><\/font><\/p>\n<\/div>\n<div class=\"MsoNormal\">\n<p><font face=\"times new roman\" size=\"3\"><font data-blogger-escaped-style=\"font-family: \"><br \/><\/font><font data-blogger-escaped-style=\"font-family: \">Toinen j\u00e4nnitt\u00e4v\u00e4 luonnonmullistus meni osaltamme ohi ilman vaurioita. Myrsky\u00e4 edelt\u00e4v\u00e4n\u00e4 y\u00f6n\u00e4 oli alueellamme useita maanj\u00e4ristyksi\u00e4. Voimakkain, 4,6 Richterin t\u00e4rin\u00e4, her\u00e4tti meid\u00e4t keskell\u00e4 y\u00f6t\u00e4. Vaatekaapin ovet kolisivat voimakkaasti, juuri muuta emme ehtineet havaita ennen kuin j\u00e4ristys oli jo ohi.<\/font><\/font><\/p>\n<\/div>\n<div class=\"MsoNormal\">\n<p><font data-blogger-escaped-style=\"font-family: \" face=\"times new roman\" size=\"3\"><br \/><\/font><\/p>\n<\/div>\n<div class=\"MsoNormal\">\n<p><font data-blogger-escaped-style=\"font-family: \" face=\"times new roman\" size=\"3\">Aamulla netist\u00e4 tutkailimme, ett\u00e4 j\u00e4ristyskeskus oli vain muutaman kilometrin p\u00e4\u00e4ss\u00e4 meilt\u00e4, etel\u00e4ss\u00e4, meren alla. Useita pieni\u00e4 j\u00e4lkij\u00e4ristyksi\u00e4 oli my\u00f6s mitattu eri puolilta ymp\u00e4rist\u00f6ss\u00e4. J\u00e4ristykset ovat t\u00e4\u00e4ll\u00e4 tavallisia, kuten voi huomata, jos vilkaisee netist\u00e4 vaikkapa sivua&nbsp;<a href=\"http:\/\/seismoi-live.gr\/\">seismoi-live.gr<\/a>&nbsp;. Meid\u00e4n jytin\u00e4mme oli luokiteltu viiden kohdan asteikolla keskimm\u00e4iseen kategoriaan.<\/font><\/p>\n<p><font data-blogger-escaped-style=\"font-family: \" face=\"times new roman\" size=\"3\"><br \/><\/font><\/p>\n<\/div>\n<div class=\"MsoNormal\">\n<p><font face=\"times new roman\" size=\"3\"><a data-blogger-escaped-style=\"margin-left: 1em; margin-right: 1em; text-align: center;\" href=\"https:\/\/2.bp.blogspot.com\/-cC9Lnv39_Lc\/Vvk6qZ5TRYI\/AAAAAAAABKs\/XvjwCFGN890XG6aS2pEZRvWAUXQR4It8A\/s1600\/aallotierassa2.JPG\" style=\"margin-left: 1em;margin-right: 1em;text-align: center\"><font data-blogger-escaped-style=\"font-family: \"><\/font><\/a><br \/><\/font><\/p>\n<p><font data-blogger-escaped-style=\"font-family: \" face=\"times new roman\" size=\"3\">Nyt, kun kev\u00e4tp\u00e4iv\u00e4n tasaus on jo takana ja kes\u00e4aikakin vaihtunut, alamme odottaa helteit\u00e4 ja turisteja! Ennen kuin n\u00e4m\u00e4 kes\u00e4n merkit ilmaantuvat, nautiskelemme vilpoisista tuulista, mukavista k\u00e4velykeleist\u00e4 ja kukkivasta luonnosta.<\/font><\/p>\n<\/div>\n<div class=\"MsoNormal\">\n<p class=\"separator\" data-blogger-escaped-style=\"clear: both; text-align: center;\" style=\"line-height: normal;clear: both;text-align: center\"><font face=\"times new roman\" size=\"3\"><br \/><\/font><\/p>\n<p style=\"line-height: normal\"><font data-blogger-escaped-style=\"font-size: large;\" face=\"times new roman\" size=\"3\"><\/font><\/p>\n<table align=\"center\" cellpadding=\"0\" cellspacing=\"0\" class=\"tr-caption-container\" data-blogger-escaped-style=\"margin-left: auto; margin-right: auto; text-align: center;\" style=\"padding: 6px;margin-bottom: 0.5em;margin-left: auto;margin-right: auto;text-align: center\">\n<tbody>\n<tr>\n<td data-blogger-escaped-style=\"text-align: center;\">\n<p><a data-blogger-escaped-style=\"margin-left: auto; margin-right: auto;\" href=\"https:\/\/1.bp.blogspot.com\/-e-ynoZLFe8E\/Vvk6zyaSZSI\/AAAAAAAABM4\/EKzhA9mafPsR79cakG9B3ig374dYfwCiw\/s1600\/oliivinkukka.jpg\" style=\"margin-left: auto;margin-right: auto\"><font data-blogger-escaped-style=\"font-family: \" face=\"times new roman\" size=\"3\"><img loading=\"lazy\" decoding=\"async\" border=\"0\" height=\"240\" src=\"https:\/\/1.bp.blogspot.com\/-e-ynoZLFe8E\/Vvk6zyaSZSI\/AAAAAAAABM4\/EKzhA9mafPsR79cakG9B3ig374dYfwCiw\/s320\/oliivinkukka.jpg\" width=\"320\" style=\"cursor: move\"><\/font><\/a><\/p>\n<\/td>\n<\/tr>\n<tr>\n<td class=\"tr-caption\" data-blogger-escaped-style=\"text-align: center;\" style=\"padding-top: 4px\">\n<p><font data-blogger-escaped-style=\"font-family: Times, Times New Roman, serif; font-size: small;\" size=\"3\" face=\"times new roman\">Oliivipuukin kukkii kohta!<\/font><\/p>\n<\/td>\n<\/tr>\n<\/tbody>\n<\/table>\n<p style=\"line-height: normal\"><font data-blogger-escaped-style=\"font-size: large;\"><font data-blogger-escaped-style=\"font-family: \" face=\"times new roman\" size=\"3\"><br \/><\/font><\/font><\/p>\n<p class=\"separator\" data-blogger-escaped-style=\"clear: both; text-align: center;\" style=\"line-height: normal;clear: both;text-align: center\"><font data-blogger-escaped-style=\"font-family: \" face=\"times new roman\" size=\"3\"><br \/><\/font><\/p>\n<p style=\"line-height: normal\"><font data-blogger-escaped-style=\"font-size: large;\"><font data-blogger-escaped-style=\"font-family: \" face=\"times new roman\" size=\"3\"><br \/><\/font><\/font><\/p>\n<p class=\"separator\" data-blogger-escaped-style=\"clear: both; text-align: center;\" style=\"line-height: normal;clear: both;text-align: center\"><font data-blogger-escaped-style=\"font-family: \" face=\"times new roman\" size=\"3\">Piikkipensaan muodonmuutos<\/font><\/p>\n<p class=\"separator\" data-blogger-escaped-style=\"clear: both; text-align: center;\" style=\"line-height: normal;clear: both;text-align: center\"><font data-blogger-escaped-style=\"font-family: \" face=\"times new roman\" size=\"3\"><i>karvapiikkivihma<\/i><\/font><\/p>\n<p style=\"line-height: normal\"><font data-blogger-escaped-style=\"font-size: large;\"><font data-blogger-escaped-style=\"font-family: \" face=\"times new roman\" size=\"3\"><br \/><\/font><\/font><\/p>\n<table align=\"center\" cellpadding=\"0\" cellspacing=\"0\" class=\"tr-caption-container\" data-blogger-escaped-style=\"margin-left: auto; margin-right: auto; text-align: center;\" style=\"padding: 6px;margin-bottom: 0.5em;margin-left: auto;margin-right: auto;text-align: center\">\n<tbody>\n<tr>\n<td data-blogger-escaped-style=\"text-align: center;\">\n<p><a data-blogger-escaped-style=\"margin-left: auto; margin-right: auto;\" href=\"https:\/\/4.bp.blogspot.com\/-mv6eL8h9RIs\/Vvk62Vj-bQI\/AAAAAAAABNc\/KhCJCO9Vso8dS58oW4o7FuGs_CAbZhlAw\/s1600\/piikkipensas1.JPG\" style=\"margin-left: auto;margin-right: auto\"><font data-blogger-escaped-style=\"font-family: \" face=\"times new roman\" size=\"3\"><img loading=\"lazy\" decoding=\"async\" border=\"0\" height=\"213\" src=\"https:\/\/4.bp.blogspot.com\/-mv6eL8h9RIs\/Vvk62Vj-bQI\/AAAAAAAABNc\/KhCJCO9Vso8dS58oW4o7FuGs_CAbZhlAw\/s320\/piikkipensas1.JPG\" width=\"320\" style=\"cursor: move\"><\/font><\/a><\/p>\n<\/td>\n<\/tr>\n<tr>\n<td class=\"tr-caption\" data-blogger-escaped-style=\"text-align: center;\" style=\"padding-top: 4px\">\n<p><font data-blogger-escaped-style=\"font-family: \" face=\"times new roman\" size=\"3\">T\u00e4llainen se on kes\u00e4isin:<\/font><\/p>\n<p><font data-blogger-escaped-style=\"font-family: \" face=\"times new roman\" size=\"3\">ei mit\u00e4\u00e4n asiaa pensaikkoon!<\/font><\/p>\n<\/td>\n<\/tr>\n<\/tbody>\n<\/table>\n<p style=\"line-height: normal\"><font data-blogger-escaped-style=\"font-size: large;\"><font data-blogger-escaped-style=\"font-family: \" face=\"times new roman\" size=\"3\"><br \/><\/font><\/font><\/p>\n<table align=\"center\" cellpadding=\"0\" cellspacing=\"0\" class=\"tr-caption-container\" data-blogger-escaped-style=\"margin-left: auto; margin-right: auto; text-align: center;\" style=\"padding: 6px;margin-bottom: 0.5em;margin-left: auto;margin-right: auto;text-align: center\">\n<tbody>\n<tr>\n<td data-blogger-escaped-style=\"text-align: center;\">\n<p><a data-blogger-escaped-style=\"margin-left: auto; margin-right: auto;\" href=\"https:\/\/3.bp.blogspot.com\/-tR8UVX4MVT8\/Vvk62k3rmfI\/AAAAAAAABNg\/AgpMSysQIuMB93C9c3rycC2Z7ggxhLO1w\/s1600\/piikkipensas2.JPG\" style=\"margin-left: auto;margin-right: auto\"><font data-blogger-escaped-style=\"font-family: \" face=\"times new roman\" size=\"3\"><img loading=\"lazy\" decoding=\"async\" border=\"0\" height=\"213\" src=\"https:\/\/3.bp.blogspot.com\/-tR8UVX4MVT8\/Vvk62k3rmfI\/AAAAAAAABNg\/AgpMSysQIuMB93C9c3rycC2Z7ggxhLO1w\/s320\/piikkipensas2.JPG\" width=\"320\" style=\"cursor: move\"><\/font><\/a><\/p>\n<\/td>\n<\/tr>\n<tr>\n<td class=\"tr-caption\" data-blogger-escaped-style=\"text-align: center;\" style=\"padding-top: 4px\">\n<p><font data-blogger-escaped-style=\"font-family: \" face=\"times new roman\" size=\"3\">Pient\u00e4 vihertymist\u00e4 havaittavissa<\/font><\/p>\n<\/td>\n<\/tr>\n<\/tbody>\n<\/table>\n<p style=\"line-height: normal\"><font data-blogger-escaped-style=\"font-size: large;\"><font data-blogger-escaped-style=\"font-family: \" face=\"times new roman\" size=\"3\"><br \/><\/font><\/font><\/p>\n<table align=\"center\" cellpadding=\"0\" cellspacing=\"0\" class=\"tr-caption-container\" data-blogger-escaped-style=\"margin-left: auto; margin-right: auto; text-align: center;\" style=\"padding: 6px;margin-bottom: 0.5em;margin-left: auto;margin-right: auto;text-align: center\">\n<tbody>\n<tr>\n<td data-blogger-escaped-style=\"text-align: center;\">\n<p><a data-blogger-escaped-style=\"margin-left: auto; margin-right: auto;\" href=\"https:\/\/4.bp.blogspot.com\/-xfVmepYa5ag\/Vvk620mxOLI\/AAAAAAAABNk\/DbixoBXL-Bs0QFXt_kYa-s0_rLuI9wZ4Q\/s1600\/piikkipensas3.JPG\" style=\"margin-left: auto;margin-right: auto\"><font data-blogger-escaped-style=\"font-family: \" face=\"times new roman\" size=\"3\"><img loading=\"lazy\" decoding=\"async\" border=\"0\" height=\"213\" src=\"https:\/\/4.bp.blogspot.com\/-xfVmepYa5ag\/Vvk620mxOLI\/AAAAAAAABNk\/DbixoBXL-Bs0QFXt_kYa-s0_rLuI9wZ4Q\/s320\/piikkipensas3.JPG\" width=\"320\" style=\"cursor: move\"><\/font><\/a><\/p>\n<\/td>\n<\/tr>\n<tr>\n<td class=\"tr-caption\" data-blogger-escaped-style=\"text-align: center;\" style=\"font-size: 12.8px;padding-top: 4px\">\n<p><font data-blogger-escaped-style=\"font-family: \" face=\"times new roman\" size=\"3\">Pian kukkia tulvillaan!<\/font><\/p>\n<div style=\"text-align: left\"><font data-blogger-escaped-style=\"font-family: \" face=\"times new roman\" size=\"3\"><\/p>\n<div style=\"font-family: Tahoma;font-size: 14.6667px\"><\/div>\n<div style=\"font-family: Tahoma;font-size: 14.6667px\"><\/div>\n<div style=\"font-family: Tahoma;font-size: 14.6667px\">Kreetalta: Jyk\u00e4 ja Lissu<\/div>\n<div style=\"font-family: Tahoma;font-size: 14.6667px\"><\/div>\n<div style=\"font-family: Tahoma;font-size: 14.6667px\">\n<p class=\"MsoNoSpacing\">Dafni-bokserin seikkailut Kreetalla:&nbsp;<a href=\"http:\/\/koiramainenkreikkakeikka.blogspot.fi\/\">http:\/\/koiramainenkreikkakeikka.blogspot.fi\/<\/a><\/p>\n<p class=\"MsoNoSpacing\">Kreikan-matkailua meid\u00e4n silmin:&nbsp;<a href=\"http:\/\/tavernaikosi.blogspot.fi\/\" style=\"text-decoration: underline\">http:\/\/tavernaikosi.blogspot.fi\/<\/a>&nbsp;<\/p>\n<\/div>\n<p><\/font><\/div>\n<\/td>\n<\/tr>\n<\/tbody>\n<\/table>\n<\/div>\n","protected":false},"excerpt":{"rendered":"<p>Kansallisp\u00e4iv\u00e4n paraati 25.3. Kev\u00e4ttalvi on&nbsp;Kreetalla&nbsp;tietysti ennen kaikkea p\u00e4\u00e4si\u00e4isen aikaa. Palataan sen juhlintaan my\u00f6hemmin. Karnevaalikulkue oli upea, mutta paraateja on toki muitakin: syksyll\u00e4 ohi-p\u00e4iv\u00e4 ja 25. maaliskuuta Kreikan kansallisp\u00e4iv\u00e4. Sotilasparaati j\u00e4rjestet\u00e4\u00e4n p\u00e4\u00e4kaupungissa, mutta kyliss\u00e4 ja&#46;&#46;&#46;<\/p>\n","protected":false},"author":4,"featured_media":0,"comment_status":"closed","ping_status":"closed","sticky":false,"template":"","format":"standard","meta":{"_acf_changed":false,"footnotes":""},"categories":[1],"tags":[],"class_list":["post-73","post","type-post","status-publish","format-standard","hentry","category-yleinen"],"acf":[],"_links":{"self":[{"href":"https:\/\/blogit.kreeta.info\/vuosikreetalla\/wp-json\/wp\/v2\/posts\/73","targetHints":{"allow":["GET"]}}],"collection":[{"href":"https:\/\/blogit.kreeta.info\/vuosikreetalla\/wp-json\/wp\/v2\/posts"}],"about":[{"href":"https:\/\/blogit.kreeta.info\/vuosikreetalla\/wp-json\/wp\/v2\/types\/post"}],"author":[{"embeddable":true,"href":"https:\/\/blogit.kreeta.info\/vuosikreetalla\/wp-json\/wp\/v2\/users\/4"}],"replies":[{"embeddable":true,"href":"https:\/\/blogit.kreeta.info\/vuosikreetalla\/wp-json\/wp\/v2\/comments?post=73"}],"version-history":[{"count":1,"href":"https:\/\/blogit.kreeta.info\/vuosikreetalla\/wp-json\/wp\/v2\/posts\/73\/revisions"}],"predecessor-version":[{"id":99,"href":"https:\/\/blogit.kreeta.info\/vuosikreetalla\/wp-json\/wp\/v2\/posts\/73\/revisions\/99"}],"wp:attachment":[{"href":"https:\/\/blogit.kreeta.info\/vuosikreetalla\/wp-json\/wp\/v2\/media?parent=73"}],"wp:term":[{"taxonomy":"category","embeddable":true,"href":"https:\/\/blogit.kreeta.info\/vuosikreetalla\/wp-json\/wp\/v2\/categories?post=73"},{"taxonomy":"post_tag","embeddable":true,"href":"https:\/\/blogit.kreeta.info\/vuosikreetalla\/wp-json\/wp\/v2\/tags?post=73"}],"curies":[{"name":"wp","href":"https:\/\/api.w.org\/{rel}","templated":true}]}}