{"id":77,"date":"2016-07-28T10:49:39","date_gmt":"2016-07-28T07:49:39","guid":{"rendered":"https:\/\/blogit.kreeta.info\/vuosikreetalla\/koti-ikava-%c2%96-kreetalle\/"},"modified":"2024-01-10T10:06:41","modified_gmt":"2024-01-10T08:06:41","slug":"koti-ikava-%c2%96-kreetalle","status":"publish","type":"post","link":"https:\/\/blogit.kreeta.info\/vuosikreetalla\/koti-ikava-%c2%96-kreetalle\/","title":{"rendered":"Koti-ik\u00e4v\u00e4 \u0096 Kreetalle!"},"content":{"rendered":"<p><font data-blogger-escaped-style=\"font-family: Times, &quot;Times New Roman&quot;, serif; font-size: large;\" face=\"&quot;times&quot; , &quot;times new roman&quot; , serif\" size=\"3\">Suunnilleen huhtikuusta l\u00e4htien on takaraivoa raaputellut j\u00e4\u00e4puikko. T\u00e4m\u00e4 ihanuus loppuu joskus, t\u00e4t\u00e4 ei kest\u00e4k\u00e4\u00e4n loputtomiin. T\u00e4ytyy palata Suomeen ja kohdata talvi. Pime\u00e4. Lumi ja pakkanen. Liukkaat. Onko pakko??!!<\/font><\/p>\n<div class=\"MsoNormal\">\n<p class=\"separator\" data-blogger-escaped-style=\"clear: both; text-align: center;\" style=\"clear: both;text-align: center\"><font data-blogger-escaped-style=\"font-family: Times, Times New Roman, serif; font-size: large;\" face=\"&quot;times&quot; , &quot;times new roman&quot; , serif\" size=\"3\"><br \/><\/font><\/p>\n<p><font data-blogger-escaped-style=\"font-family: Times, Times New Roman, serif; font-size: large;\" face=\"&quot;times&quot; , &quot;times new roman&quot; , serif\" size=\"3\">&nbsp;<a data-blogger-escaped-style=\"margin-left: 1em; margin-right: 1em; text-align: center;\" href=\"https:\/\/4.bp.blogspot.com\/-NOtP4uWv5nM\/V5m20Z9cFOI\/AAAAAAAABcs\/olL5mzzTR-wEGPwxZKgqbjTD4gnjwHJSQCLcB\/s1600\/auringonlasku.jpg\" style=\"margin-left: 1em;margin-right: 1em;text-align: center\"><img loading=\"lazy\" decoding=\"async\" border=\"0\" height=\"300\" src=\"https:\/\/4.bp.blogspot.com\/-NOtP4uWv5nM\/V5m20Z9cFOI\/AAAAAAAABcs\/olL5mzzTR-wEGPwxZKgqbjTD4gnjwHJSQCLcB\/s400\/auringonlasku.jpg\" width=\"400\" style=\"cursor: move\"><\/a><\/font><\/p>\n<p><font data-blogger-escaped-style=\"font-family: Times, Times New Roman, serif; font-size: large;\" face=\"&quot;times&quot; , &quot;times new roman&quot; , serif\" size=\"3\"><br \/><\/font><\/p>\n<\/div>\n<div class=\"MsoNormal\">\n<p><font data-blogger-escaped-style=\"font-family: Times, Times New Roman, serif; font-size: large;\" face=\"&quot;times&quot; , &quot;times new roman&quot; , serif\" size=\"3\">Tuttavat ovat yritt\u00e4neet herutella, eik\u00f6 Kreetasta l\u00f6ydy mit\u00e4\u00e4n moittimista ja eik\u00f6 Suomeen olisi edes v\u00e4h\u00e4sen ik\u00e4v\u00e4. Ei ja ei. No, jos tikulla kaivaa, niin saunaa on ollut ik\u00e4v\u00e4, ja erityisesti Jyk\u00e4ll\u00e4 venett\u00e4. Yst\u00e4vi\u00e4 ja perhett\u00e4 tietysti my\u00f6s, mutta samanlainen ik\u00e4v\u00e4 tulee, kun t\u00e4\u00e4lt\u00e4 l\u00e4hdemme. Niin monta uutta, mutta kallista yst\u00e4v\u00e4\u00e4 j\u00e4\u00e4 kauniille Kreetalle.<\/font><\/p>\n<\/div>\n<div class=\"MsoNormal\">\n<p><font data-blogger-escaped-style=\"font-family: Times, Times New Roman, serif; font-size: large;\" face=\"&quot;times&quot; , &quot;times new roman&quot; , serif\" size=\"3\"><br \/><\/font><\/p>\n<\/div>\n<div class=\"MsoNormal\">\n<table align=\"center\" cellpadding=\"0\" cellspacing=\"0\" class=\"tr-caption-container\" data-blogger-escaped-style=\"float: left; margin-right: 1em; text-align: left;\" style=\"padding: 6px;margin-bottom: 0.5em;float: left;margin-right: 1em\">\n<tbody>\n<tr>\n<td data-blogger-escaped-style=\"text-align: center;\" style=\"text-align: center\">\n<p><font size=\"3\"><img loading=\"lazy\" decoding=\"async\" border=\"0\" data-blogger-escaped-style=\"margin-left: auto; margin-right: auto;\" height=\"320\" src=\"https:\/\/3.bp.blogspot.com\/--lRt0UJJz5c\/V5dde5FlByI\/AAAAAAAABbw\/1zQFwC6kuvMpCOk9GOhH3n90wNHsC5IYACLcB\/s320\/20160611%2B%252821%2529.JPG\" width=\"213\" style=\"cursor: move;margin-left: auto;margin-right: auto\"><\/font><\/p>\n<\/td>\n<\/tr>\n<tr>\n<td class=\"tr-caption\" data-blogger-escaped-style=\"text-align: center;\" style=\"padding-top: 4px;text-align: center\">\n<p><font data-blogger-escaped-style=\"font-family: inherit; font-size: large;\" face=\"inherit\" size=\"3\">Haaveiden venho horisontissa<\/font><\/p>\n<\/td>\n<\/tr>\n<\/tbody>\n<\/table>\n<p><a data-blogger-escaped-style=\"clear: left; float: left; margin-bottom: 1em; margin-right: 1em; text-align: center;\" href=\"https:\/\/3.bp.blogspot.com\/--lRt0UJJz5c\/V5dde5FlByI\/AAAAAAAABbw\/1zQFwC6kuvMpCOk9GOhH3n90wNHsC5IYACLcB\/s1600\/20160611%2B%252821%2529.JPG\" style=\"clear: left;float: left;margin-bottom: 1em;margin-right: 1em;text-align: center\"><font data-blogger-escaped-style=\"font-family: Times, Times New Roman, serif; font-size: large;\" face=\"&quot;times&quot; , &quot;times new roman&quot; , serif\" size=\"3\"><\/font><\/a><font data-blogger-escaped-style=\"font-family: Times, Times New Roman, serif; font-size: large;\" face=\"&quot;times&quot; , &quot;times new roman&quot; , serif\" size=\"3\">Sauna ja vene olisivat toki vain j\u00e4rjestelykysymyksi\u00e4. Jos olisi oma paikka, niin saunan voisi rakentaa. Sinne lekottelemaan talvisen oliivinpoimintarupeaman p\u00e4\u00e4tteeksi, kun olisi joutunut olemaan kokonaisen p\u00e4iv\u00e4n ulkosalla, ehk\u00e4 vain vajaan parin kympin l\u00e4mp\u00f6tilassa. Veneit\u00e4kin t\u00e4\u00e4ll\u00e4 myyd\u00e4\u00e4n, my\u00f6s k\u00e4ytettyn\u00e4 ja melko edullisesti. Onhan se tietenkin t\u00e4ytynyt tarkistaa.<\/font><\/p>\n<\/div>\n<div class=\"MsoNormal\">\n<p><font data-blogger-escaped-style=\"font-family: Times, Times New Roman, serif; font-size: large;\" face=\"&quot;times&quot; , &quot;times new roman&quot; , serif\" size=\"3\"><br \/><\/font><\/p>\n<\/div>\n<div class=\"MsoNormal\">\n<p><font size=\"3\"><font data-blogger-escaped-style=\"font-family: Times, Times New Roman, serif; font-size: large;\" face=\"&quot;times&quot; , &quot;times new roman&quot; , serif\"><br \/><\/font><font data-blogger-escaped-style=\"font-family: Times, Times New Roman, serif; font-size: large;\" face=\"&quot;times&quot; , &quot;times new roman&quot; , serif\"><br \/><\/font><font data-blogger-escaped-style=\"font-family: Times, Times New Roman, serif; font-size: large;\" face=\"&quot;times&quot; , &quot;times new roman&quot; , serif\">Ei siis Suomi-ik\u00e4v\u00e4\u00e4. Ent\u00e4 Kreetan ik\u00e4v\u00e4? Se j\u00e4yt\u00e4\u00e4 syd\u00e4nalaa jo nyt, kun viel\u00e4 tallaamme saaren kamaraa. Tulemme kaipaamaan rentoa ilmapiiri\u00e4, ihmisten sosiaalisuutta, vieraanvaraisuutta, yst\u00e4vi\u00e4mme. Osa heist\u00e4 on kreetalaisia, osa ulkomaalaisia, jotka palaavat t\u00e4nne kerta toisensa j\u00e4lkeen samoista syist\u00e4 kuin mekin, elleiv\u00e4t ole per\u00e4ti asettuneet asumaan.<\/font><\/font><\/p>\n<p><font data-blogger-escaped-style=\"font-family: Times, Times New Roman, serif; font-size: large;\" face=\"&quot;times&quot; , &quot;times new roman&quot; , serif\" size=\"3\"><br \/><\/font><\/p>\n<\/div>\n<div class=\"MsoNormal\">\n<p><font data-blogger-escaped-style=\"clear: left; float: left; font-family: Times, Times New Roman, serif; font-size: large; margin-bottom: 1em; margin-right: 1em;\" face=\"&quot;times&quot; , &quot;times new roman&quot; , serif\" style=\"clear: left;float: left;margin-bottom: 1em;margin-right: 1em\"><font size=\"3\"><img loading=\"lazy\" decoding=\"async\" border=\"0\" height=\"150\" src=\"https:\/\/3.bp.blogspot.com\/-mdud7ZezJig\/V5ddefmHANI\/AAAAAAAABbk\/sZMKAuUFoA0TfDCsXTxM1f5WPFYdk5GKwCLcB\/s200\/20150627%2B%25285%2529.jpg\" width=\"200\" style=\"cursor: move\"><\/font><\/font><\/p>\n<\/div>\n<div class=\"MsoNormal\">\n<p><font data-blogger-escaped-style=\"font-family: Times, Times New Roman, serif; font-size: large;\" face=\"&quot;times&quot; , &quot;times new roman&quot; , serif\" size=\"3\">Ei Kreeta ole meille pelk\u00e4st\u00e4\u00e4n kes\u00e4\u00e4, aurinkoa ja merta. Minne me menemme talvella, kun ei ole tavernaa ja takkatulta? Ukkoja pelaamassa tavlia nurkassaan ja perheit\u00e4 kokoontuneena yhteiseen p\u00f6yt\u00e4\u00e4n, ehk\u00e4 el\u00e4v\u00e4\u00e4 musiikkia ja tanssia\u2026 Suomalaiseen kulmakuppilaan? Se ei oikein ole sama asia.<\/font><\/p>\n<\/div>\n<div class=\"MsoNormal\">\n<p><font data-blogger-escaped-style=\"font-family: Times, Times New Roman, serif; font-size: large;\" face=\"&quot;times&quot; , &quot;times new roman&quot; , serif\" size=\"3\"><br \/><\/font><\/p>\n<\/div>\n<div class=\"MsoNormal\">\n<p><font data-blogger-escaped-style=\"clear: right; float: right; font-family: Times, Times New Roman, serif; font-size: large; margin-bottom: 1em; margin-left: 1em;\" face=\"&quot;times&quot; , &quot;times new roman&quot; , serif\" style=\"clear: right;float: right;margin-bottom: 1em;margin-left: 1em\"><font size=\"3\"><img loading=\"lazy\" decoding=\"async\" border=\"0\" height=\"240\" src=\"https:\/\/3.bp.blogspot.com\/-xw0JPytQnIg\/V5dde2pOYiI\/AAAAAAAABbo\/brnKnstcAck4sEynRig_uOQzVqr-AexxgCLcB\/s320\/20150912_134003.jpg\" width=\"320\" style=\"cursor: move\"><\/font><\/font><font data-blogger-escaped-style=\"font-family: Times, Times New Roman, serif; font-size: large;\" face=\"&quot;times&quot; , &quot;times new roman&quot; , serif\" size=\"3\">Tulemme ehdottomasti kaipaamaan Ier\u00e1petran lauantaitoria. Vain muutaman kerran on torireissu j\u00e4\u00e4nyt v\u00e4liin, useimmiten siit\u00e4 syyst\u00e4, ett\u00e4 naapurit ja yst\u00e4v\u00e4t ovat antaneet meille yllin kyllin omien puutarhojensa tuotteita.&nbsp;<\/font><\/p>\n<p><font size=\"3\"><font data-blogger-escaped-style=\"font-family: Times, Times New Roman, serif; font-size: large;\" face=\"&quot;times&quot; , &quot;times new roman&quot; , serif\"><br \/><\/font><font data-blogger-escaped-style=\"font-family: Times, Times New Roman, serif; font-size: large;\" face=\"&quot;times&quot; , &quot;times new roman&quot; , serif\">Pelk\u00e4\u00e4np\u00e4, ett\u00e4 suomalaisen hypermarketin hyvin varusteltu hevi-osasto ei hyyt\u00e4v\u00e4ss\u00e4 hygieenisyydess\u00e4\u00e4n korvaa kunnon toria, multimaailmallisesta tarjonnasta huolimatta. Emme ehdi maistaa viikunoita ennen l\u00e4ht\u00f6\u00e4, ja granaattiomenat, kaktushedelm\u00e4t ja muut loppukes\u00e4n herkut eiv\u00e4t nyt tule poimintatuoreina p\u00f6yt\u00e4\u00e4mme. Jaksaisiko vesimeloni matkustaa per\u00e4k\u00e4rryss\u00e4mme Suomeen?<\/font><\/font><\/p>\n<p><font data-blogger-escaped-style=\"font-family: Times, Times New Roman, serif; font-size: large;\" face=\"&quot;times&quot; , &quot;times new roman&quot; , serif\" size=\"3\"><br \/><\/font><\/p>\n<\/div>\n<div class=\"MsoNormal\">\n<p><font data-blogger-escaped-style=\"font-family: Times, Times New Roman, serif; font-size: large;\" face=\"&quot;times&quot; , &quot;times new roman&quot; , serif\" size=\"3\">Yst\u00e4v\u00e4mme Nikos sanoi, ettei voi kuvitella el\u00e4m\u00e4\u00e4 ilman merta. H\u00e4n on syntynyt ja kasvanut sen \u00e4\u00e4rell\u00e4 ja tarvitsee sen l\u00e4helleen. Jos ei voi kuulla aallokkoa, niin meri t\u00e4ytyy ainakin n\u00e4hd\u00e4 horisontissa. Jyk\u00e4 ymm\u00e4rt\u00e4\u00e4, mit\u00e4 h\u00e4n tarkoittaa, kun on itse veneillyt pariviikkoisesta saakka. Ikin\u00e4 ei ole asunut kahta kilometri\u00e4 kauempana j\u00e4rvest\u00e4.<\/font><\/p>\n<\/div>\n<div class=\"MsoNormal\">\n<p><font data-blogger-escaped-style=\"font-family: Times, Times New Roman, serif; font-size: large;\" face=\"&quot;times&quot; , &quot;times new roman&quot; , serif\" size=\"3\"><br \/><\/font><\/p>\n<\/div>\n<div class=\"MsoNormal\">\n<table align=\"center\" cellpadding=\"0\" cellspacing=\"0\" class=\"tr-caption-container\" data-blogger-escaped-style=\"float: right; margin-left: 1em; text-align: right;\" style=\"padding: 6px;margin-bottom: 0.5em;float: right;margin-left: 1em;text-align: right\">\n<tbody>\n<tr>\n<td data-blogger-escaped-style=\"text-align: center;\" style=\"text-align: center\">\n<p><font size=\"3\"><img loading=\"lazy\" decoding=\"async\" border=\"0\" data-blogger-escaped-style=\"margin-left: auto; margin-right: auto;\" height=\"213\" src=\"https:\/\/3.bp.blogspot.com\/-J3y2GxXMJLg\/V5ddf_4HdDI\/AAAAAAAABb8\/RNuPpt2RSEY4PQ6sqg8FPfyaBrGSbymYQCLcB\/s320\/20160611%2B%252829%2529.JPG\" width=\"320\" style=\"cursor: move;margin-left: auto;margin-right: auto\"><\/font><\/p>\n<\/td>\n<\/tr>\n<tr>\n<td class=\"tr-caption\" data-blogger-escaped-style=\"text-align: center;\" style=\"padding-top: 4px;text-align: center\">\n<p><font data-blogger-escaped-style=\"font-family: inherit; font-size: large;\" face=\"inherit\" size=\"3\">Pelagia-rouvan kanat&nbsp;<br \/>ja kukot takapihallamme<\/font><\/p>\n<\/td>\n<\/tr>\n<\/tbody>\n<\/table>\n<p><font data-blogger-escaped-style=\"clear: right; float: right; font-family: Times, Times New Roman, serif; font-size: large; margin-bottom: 1em; margin-left: 1em;\" face=\"&quot;times&quot; , &quot;times new roman&quot; , serif\" style=\"clear: right;float: right;margin-bottom: 1em;margin-left: 1em\"><\/font><font data-blogger-escaped-style=\"font-family: Times, Times New Roman, serif; font-size: large;\" face=\"&quot;times&quot; , &quot;times new roman&quot; , serif\" size=\"3\">Aaltojen maaginen kohina on sy\u00f6pynyt vuodessa syv\u00e4lle kuuloluihin, kuten my\u00f6s kaskaiden kirskutus, kukkojen kieunta ja meltemi-tuulen pauhina ja ujellus. Tulevatko ne uniin, sitten kun pakkanen paukkuu nurkissa tai tihkusade tuhuttaa talon seiniin?<\/font><\/p>\n<\/div>\n<div class=\"MsoNormal\">\n<p><font size=\"3\"><br \/><\/font><\/p>\n<p><font size=\"3\"><font data-blogger-escaped-style=\"font-family: Times, Times New Roman, serif; font-size: large;\" face=\"&quot;times&quot; , &quot;times new roman&quot; , serif\"><br \/><\/font><font data-blogger-escaped-style=\"font-family: Times, Times New Roman, serif; font-size: large; margin-left: 1em; margin-right: 1em; text-align: center;\" face=\"&quot;times&quot; , &quot;times new roman&quot; , serif\" style=\"margin-left: 1em;margin-right: 1em;text-align: center\"><a data-blogger-escaped-style=\"margin-left: 1em; margin-right: 1em; text-align: center;\" href=\"https:\/\/1.bp.blogspot.com\/-Fp3qwsWYY4o\/V5ddgqQ5ZcI\/AAAAAAAABcI\/uNuA-m-NoKEWkco6vTu9GKbI4cYF2n81gCLcB\/s1600\/IMG_0070.JPG\" style=\"margin-left: 1em;margin-right: 1em\"><img loading=\"lazy\" decoding=\"async\" border=\"0\" height=\"266\" src=\"https:\/\/1.bp.blogspot.com\/-Fp3qwsWYY4o\/V5ddgqQ5ZcI\/AAAAAAAABcI\/uNuA-m-NoKEWkco6vTu9GKbI4cYF2n81gCLcB\/s400\/IMG_0070.JPG\" width=\"400\" style=\"cursor: move\"><\/a><\/font><\/font><\/p>\n<p><font size=\"3\"><br \/><\/font><\/p>\n<\/div>\n<div class=\"MsoNormal\">\n<p><font data-blogger-escaped-style=\"font-family: Times, Times New Roman, serif; font-size: large;\" face=\"&quot;times&quot; , &quot;times new roman&quot; , serif\" size=\"3\">Vuoret ovat viel\u00e4 vaikuttavampia kuin meri. Hakevatko silm\u00e4t viel\u00e4 Suomessakin jotakin taivaanrannan yl\u00e4puolelta, miss\u00e4 vuorten pit\u00e4isi kohota? Otava p\u00e4\u00e4see asettumaan oikealle kohdalleen eik\u00e4 h\u00e4vi\u00e4 vuorenhuipun taakse, ja kuukin asettuu suorempaan, mutta en\u00e4\u00e4 se ei kuvastele ilta\u00f6isin merest\u00e4, terassimme lyhty ei syty sille vilkuttamaan. Pohjoisessa silm\u00e4 tavoittaa turhaan taivaalta koiran t\u00e4htikuviota ja skorpionia, eiv\u00e4t jaksa kiivet\u00e4 Suomen taivaalle.<\/font><\/p>\n<\/div>\n<div class=\"MsoNormal\">\n<p><font size=\"3\"><font data-blogger-escaped-style=\"font-family: Times, Times New Roman, serif; font-size: large;\" face=\"&quot;times&quot; , &quot;times new roman&quot; , serif\"><br \/><\/font><font data-blogger-escaped-style=\"font-family: Times, Times New Roman, serif; font-size: large; margin-left: 1em; margin-right: 1em; text-align: center;\" face=\"&quot;times&quot; , &quot;times new roman&quot; , serif\" style=\"margin-left: 1em;margin-right: 1em;text-align: center\"><a data-blogger-escaped-style=\"margin-left: 1em; margin-right: 1em; text-align: center;\" href=\"https:\/\/1.bp.blogspot.com\/-AIerdG043Vk\/V5ddeEZp5DI\/AAAAAAAABbg\/8aMd3mVajOUbavH4KZuabkfHEgw7hOo9QCLcB\/s1600\/20150801%2B%25285%2529.JPG\" style=\"margin-left: 1em;margin-right: 1em\"><img loading=\"lazy\" decoding=\"async\" border=\"0\" height=\"266\" src=\"https:\/\/1.bp.blogspot.com\/-AIerdG043Vk\/V5ddeEZp5DI\/AAAAAAAABbg\/8aMd3mVajOUbavH4KZuabkfHEgw7hOo9QCLcB\/s400\/20150801%2B%25285%2529.JPG\" width=\"400\" style=\"cursor: move\"><\/a><\/font><\/font><\/p>\n<p><font size=\"3\"><br \/><\/font><\/p>\n<\/div>\n<div class=\"MsoNormal\">\n<p><font data-blogger-escaped-style=\"font-family: Times, Times New Roman, serif; font-size: large;\" face=\"&quot;times&quot; , &quot;times new roman&quot; , serif\" size=\"3\">Taivaankappaleiden tarkkailuharrastukseen tuli Kreetalla aivan uudenlainen mahdollisuus. Suomessa hyv\u00e4 t\u00e4htikirkas s\u00e4\u00e4 tarkoittaa yleens\u00e4 talvipakkasia. Kaukoputken t\u00e4ht\u00e4ily ei ole mukavinta mahdollista puuhaa paksuissa talvitamineissa. Melkein silm\u00e4 j\u00e4\u00e4tyy kiinni okul\u00e4\u00e4riin.<\/font><\/p>\n<\/div>\n<div class=\"MsoNormal\">\n<p><font data-blogger-escaped-style=\"font-family: Times, Times New Roman, serif; font-size: large;\" face=\"&quot;times&quot; , &quot;times new roman&quot; , serif\" size=\"3\"><br \/><\/font><\/p>\n<\/div>\n<div class=\"MsoNormal\">\n<table align=\"center\" cellpadding=\"0\" cellspacing=\"0\" class=\"tr-caption-container\" data-blogger-escaped-style=\"float: right; margin-left: 1em; text-align: right;\" style=\"padding: 6px;margin-bottom: 0.5em;float: right;margin-left: 1em;text-align: right\">\n<tbody>\n<tr>\n<td data-blogger-escaped-style=\"text-align: center;\" style=\"text-align: center\">\n<p><font size=\"3\"><img loading=\"lazy\" decoding=\"async\" border=\"0\" data-blogger-escaped-style=\"margin-left: auto; margin-right: auto;\" height=\"240\" src=\"https:\/\/2.bp.blogspot.com\/-yv2HzNbYZQY\/V5m20ScmpiI\/AAAAAAAABco\/Y44rX0xD0ZAJQxEuq1C-vJZGTVuVy9BWwCLcB\/s320\/auringonlasku2.jpg\" width=\"320\" style=\"cursor: move;margin-left: auto;margin-right: auto\"><\/font><\/p>\n<\/td>\n<\/tr>\n<tr>\n<td class=\"tr-caption\" data-blogger-escaped-style=\"text-align: center;\" style=\"padding-top: 4px;text-align: center\">\n<p><font data-blogger-escaped-style=\"font-size: large;\" size=\"3\">Aurinko painuu<br \/>Dikti-vuorille nukkumaan<\/font><\/p>\n<\/td>\n<\/tr>\n<\/tbody>\n<\/table>\n<p><font data-blogger-escaped-style=\"clear: right; float: right; font-family: Times, Times New Roman, serif; font-size: large; margin-bottom: 1em; margin-left: 1em;\" face=\"&quot;times&quot; , &quot;times new roman&quot; , serif\" style=\"clear: right;float: right;margin-bottom: 1em;margin-left: 1em\"><\/font><font data-blogger-escaped-style=\"font-family: Times, Times New Roman, serif; font-size: large;\" face=\"&quot;times&quot; , &quot;times new roman&quot; , serif\" size=\"3\">T\u00e4\u00e4ll\u00e4 t\u00e4htitaivas lep\u00e4\u00e4 yll\u00e4mme kuin l\u00e4mp\u00f6inen peitto joka y\u00f6, milloin ei kuu h\u00e4iritse kumottamalla liian kirkkaasti. Linnunrata hahmottuu vaikeuksitta; kyl\u00e4ss\u00e4 ei liikaa valosaastetta synny, ja etel\u00e4ss\u00e4 on nelj\u00e4sataa kilometri\u00e4 pime\u00e4\u00e4 merta ennen Afrikan valoja.<\/font><\/p>\n<\/div>\n<div class=\"MsoNormal\">\n<p><font size=\"3\"><font data-blogger-escaped-style=\"font-family: Times, Times New Roman, serif; font-size: large;\" face=\"&quot;times&quot; , &quot;times new roman&quot; , serif\"><br \/><\/font><font data-blogger-escaped-style=\"font-family: Times, Times New Roman, serif; font-size: large;\" face=\"&quot;times&quot; , &quot;times new roman&quot; , serif\"><br \/><\/font><\/font><\/p>\n<h2><font data-blogger-escaped-style=\"font-family: Times, Times New Roman, serif; font-size: large;\" face=\"&quot;times&quot; , &quot;times new roman&quot; , serif\" size=\"3\">Moto Guzzi ei halua talviteloille!<\/font><\/h2>\n<\/div>\n<div class=\"MsoNormal\">\n<p><font data-blogger-escaped-style=\"font-family: Times, Times New Roman, serif; font-size: large;\" face=\"&quot;times&quot; , &quot;times new roman&quot; , serif\" size=\"3\"><br \/><\/font><\/p>\n<\/div>\n<div class=\"MsoNormal\">\n<p><font data-blogger-escaped-style=\"font-family: Times, Times New Roman, serif; font-size: large;\" face=\"&quot;times&quot; , &quot;times new roman&quot; , serif\" size=\"3\">Moniin hyviin muistoihin sapattivapaalta liittyy moottoripy\u00f6r\u00e4. Vapaudentunne konkretisoituu, kun l\u00e4mmin, yrtintuoksuinen tuuli hyv\u00e4ilee kasvoja ja paljaita k\u00e4sivarsia, ja alas j\u00e4\u00e4v\u00e4t laaksot ja horisontissa siint\u00e4v\u00e4 meri. Kun moottoripy\u00f6r\u00e4 sukeltaa m\u00e4ntyholviin ja taas ulos rotkon reunamalle, kun haukat n\u00e4ytt\u00e4v\u00e4t selk\u00e4puolensa mutta ylh\u00e4\u00e4ll\u00e4 kaartelee suuri korppikotka liikkumattomin siivin, silloin syd\u00e4n ei tahdo sopia rintaan.<\/font><\/p>\n<p><font data-blogger-escaped-style=\"font-family: Times, Times New Roman, serif; font-size: large;\" face=\"&quot;times&quot; , &quot;times new roman&quot; , serif\" size=\"3\"><br \/><\/font><\/p>\n<\/div>\n<div class=\"MsoNormal\">\n<table cellpadding=\"0\" cellspacing=\"0\" class=\"tr-caption-container\" data-blogger-escaped-style=\"float: left; margin-right: 1em; text-align: left;\" style=\"padding: 6px;margin-bottom: 0.5em;float: left;margin-right: 1em\">\n<tbody>\n<tr>\n<td data-blogger-escaped-style=\"text-align: center;\" style=\"text-align: center\">\n<p><a data-blogger-escaped-style=\"clear: left; margin-bottom: 1em; margin-left: auto; margin-right: auto; text-align: center;\" href=\"https:\/\/1.bp.blogspot.com\/-WzzX1vno1zo\/V5ddex3VOXI\/AAAAAAAABbs\/mGwBN5Oz-8UMtvTic4bhsU4vsl1wUyMPwCLcB\/s1600\/20150809%2B%252812%2529.JPG\" style=\"clear: left;margin-bottom: 1em;margin-left: auto;margin-right: auto\"><font size=\"3\"><img loading=\"lazy\" decoding=\"async\" border=\"0\" height=\"213\" src=\"https:\/\/1.bp.blogspot.com\/-WzzX1vno1zo\/V5ddex3VOXI\/AAAAAAAABbs\/mGwBN5Oz-8UMtvTic4bhsU4vsl1wUyMPwCLcB\/s320\/20150809%2B%252812%2529.JPG\" width=\"320\" style=\"cursor: move\"><\/font><\/a><\/p>\n<\/td>\n<\/tr>\n<tr>\n<td class=\"tr-caption\" data-blogger-escaped-style=\"text-align: center;\" style=\"padding-top: 4px;text-align: center\">\n<p><font data-blogger-escaped-style=\"font-family: inherit; font-size: large;\" face=\"inherit\" size=\"3\">Keskell\u00e4 maisemaa&nbsp;<br \/>villi ja vapaa<\/font><\/p>\n<\/td>\n<\/tr>\n<\/tbody>\n<\/table>\n<p><font size=\"3\"><font data-blogger-escaped-style=\"font-family: Times, Times New Roman, serif; font-size: large; margin-left: 1em; margin-right: 1em; text-align: center;\" face=\"&quot;times&quot; , &quot;times new roman&quot; , serif\" style=\"margin-left: 1em;margin-right: 1em;text-align: center\"><\/font><font data-blogger-escaped-style=\"font-family: Times, &quot;Times New Roman&quot;, serif; font-size: large;\" face=\"&quot;times&quot; , &quot;times new roman&quot; , serif\">Guzzi j\u00e4\u00e4 pit\u00e4m\u00e4\u00e4n meille paikkaa. Se on p\u00e4\u00e4ssyt Kreetan teiden makuun eik\u00e4 halua palata pohjoiseen, miss\u00e4 ajokelej\u00e4 joutuu odottamaan joskus koko kauden ihan turhaan. Sit\u00e4 paitsi pit\u00e4\u00e4h\u00e4n meill\u00e4 olla t\u00e4\u00e4ll\u00e4 ajopeli, kun palaamme, sill\u00e4 palaamme takuuvarmasti!<\/font><\/font><\/p>\n<\/div>\n<div class=\"MsoNormal\">\n<p><font data-blogger-escaped-style=\"font-family: Times, Times New Roman, serif; font-size: large;\" face=\"&quot;times&quot; , &quot;times new roman&quot; , serif\" size=\"3\"><br \/><\/font><\/p>\n<\/div>\n<div class=\"MsoNormal\">\n<p><font data-blogger-escaped-style=\"font-family: Times, Times New Roman, serif; font-size: large;\" face=\"&quot;times&quot; , &quot;times new roman&quot; , serif\" size=\"3\">Koutsounarin asunto on vuokrattu vuodeksi eteenp\u00e4in, ja mieless\u00e4 kangastelee my\u00f6s ihan oma talo ja pikku puutarha Kreetan kamaralta. Jyrki on luvannut saatella Lissun Suomi-kotiin, mutta saa n\u00e4hd\u00e4, kuinka pian alkaa paluulippujen mets\u00e4stys. El\u00e4kel\u00e4isell\u00e4 on vapaus lent\u00e4\u00e4 etel\u00e4\u00e4n, kun ik\u00e4v\u00e4 yltyy pitelem\u00e4tt\u00f6m\u00e4ksi. Ja Lissun lomillekin on varma osoite. Luultavasti Dafni lent\u00e4\u00e4 mukana, kun uusi kes\u00e4 koittaa, jollei l\u00e4hde is\u00e4nn\u00e4n kanssa autolla jo varhemmin kev\u00e4\u00e4ll\u00e4. Ikivanha Cara tuskin jaksaa uutta matkaa, mutta voi sekin pieness\u00e4 p\u00e4\u00e4ss\u00e4\u00e4n ik\u00e4v\u00f6id\u00e4 auringossa k\u00f6ll\u00f6ttelemist\u00e4 tai tavernan p\u00f6yd\u00e4n alla makoilua.<\/font><\/p>\n<\/div>\n<div class=\"MsoNormal\">\n<p><font data-blogger-escaped-style=\"font-family: Times, Times New Roman, serif; font-size: large;\" face=\"&quot;times&quot; , &quot;times new roman&quot; , serif\" size=\"3\"><br \/><\/font><\/p>\n<\/div>\n<div class=\"MsoNormal\">\n<h2><font data-blogger-escaped-style=\"font-family: Times, Times New Roman, serif; font-size: large;\" face=\"&quot;times&quot; , &quot;times new roman&quot; , serif\" size=\"3\">Ota vai j\u00e4t\u00e4?<\/font><\/h2>\n<\/div>\n<div class=\"MsoNormal\">\n<p><font data-blogger-escaped-style=\"font-family: Times, Times New Roman, serif; font-size: large;\" face=\"&quot;times&quot; , &quot;times new roman&quot; , serif\" size=\"3\"><br \/><\/font><\/p>\n<\/div>\n<div class=\"MsoNormal\">\n<p><font data-blogger-escaped-style=\"font-family: Times, Times New Roman, serif; font-size: large;\" face=\"&quot;times&quot; , &quot;times new roman&quot; , serif\" size=\"3\">Parin viikon valmismatkalla voi l\u00e4ht\u00f6harmitusta lyk\u00e4t\u00e4 viimeiseen saakka, mutta vuoden projekti vaatii toisenlaiset otteet. Laivaliput ja hotellihuoneet varattiin alennusten takia jo joulukuussa ja synkisteltiin silloinkin varmaan viikko niiden takia.<\/font><\/p>\n<\/div>\n<div class=\"MsoNormal\">\n<p><font data-blogger-escaped-style=\"font-family: Times, Times New Roman, serif; font-size: large;\" face=\"&quot;times&quot; , &quot;times new roman&quot; , serif\" size=\"3\"><br \/><\/font><\/p>\n<\/div>\n<div class=\"MsoNormal\">\n<table align=\"center\" cellpadding=\"0\" cellspacing=\"0\" class=\"tr-caption-container\" data-blogger-escaped-style=\"float: right; margin-left: 1em; text-align: right;\" style=\"padding: 6px;margin-bottom: 0.5em;float: right;margin-left: 1em;text-align: right\">\n<tbody>\n<tr>\n<td data-blogger-escaped-style=\"text-align: center;\" style=\"text-align: center\">\n<p><font size=\"3\"><img loading=\"lazy\" decoding=\"async\" border=\"0\" data-blogger-escaped-style=\"font-family: Times, &quot;Times New Roman&quot;, serif; font-size: x-large; margin-left: auto; margin-right: auto;\" height=\"213\" src=\"https:\/\/2.bp.blogspot.com\/-eg0EiZHG7L8\/V5ddgd8kN0I\/AAAAAAAABcA\/YrRT3ibfOd8Ve2BjbnTuQlfti3WTENweQCLcB\/s320\/20160611%2B%25286%2529.JPG\" width=\"320\" style=\"cursor: move;, serif;margin-left: auto;margin-right: auto\"><\/font><\/p>\n<\/td>\n<\/tr>\n<tr>\n<td class=\"tr-caption\" data-blogger-escaped-style=\"text-align: center;\" style=\"padding-top: 4px;text-align: center\">\n<p><font data-blogger-escaped-style=\"font-family: inherit; font-size: large;\" face=\"inherit\" size=\"3\">T\u00e4st\u00e4 l\u00e4hdemme paluumatkalle<\/font><\/p>\n<\/td>\n<\/tr>\n<\/tbody>\n<\/table>\n<p><font data-blogger-escaped-style=\"font-family: Times, Times New Roman, serif; font-size: large;\" face=\"&quot;times&quot; , &quot;times new roman&quot; , serif\" size=\"3\">Palaamme samaa reitti\u00e4 kuin tulimmekin ja yht\u00e4 haipakkaa, l\u00e4hinn\u00e4 koirien vuoksi. Pikku Cara alkaa vanhuuden lis\u00e4ksi olla v\u00e4h\u00e4n sairaskin, joten turha pitkitt\u00e4\u00e4 matkan rasituksia. Iraklionista Ateenaan, sitten Igumenitsasta Anconaan, Alppien yli It\u00e4vallan kautta Saksaan ja Travem\u00fcndest\u00e4 Helsinkiin. Ainoa muutos on, ett\u00e4 Ateenasta Igumenitsaan ajamme Patran kautta emmek\u00e4 pohjoisen puolelta. Kun j\u00e4t\u00e4mme Kreetalle hyv\u00e4stit hein\u00e4kuun viimeisen\u00e4 sunnuntai-iltana Iraklionin satamassa, olemme kuuden p\u00e4iv\u00e4n kuluttua Helsingiss\u00e4, viimeisell\u00e4 etapilla ennen m\u00e4\u00e4r\u00e4np\u00e4\u00e4t\u00e4 Savossa.<\/font><\/p>\n<\/div>\n<div class=\"MsoNormal\">\n<p><font size=\"3\"><font data-blogger-escaped-style=\"font-family: Times, Times New Roman, serif; font-size: large;\" face=\"&quot;times&quot; , &quot;times new roman&quot; , serif\"><br \/><\/font><font data-blogger-escaped-style=\"font-family: Times, &quot;Times New Roman&quot;, serif; font-size: large;\" face=\"&quot;times&quot; , &quot;times new roman&quot; , serif\">Koirien passeihin on pit\u00e4nyt hankkia asianmukaiset merkinn\u00e4t rokotuksista ja ekinokokkil\u00e4\u00e4kityksest\u00e4, joka on pakollinen Suomeen tuotaville koirille. Haukut pit\u00e4\u00e4 totuttaa taas kuivamuonaan, koska matkalla ei tuoreruoka s\u00e4ily.<\/font><\/font><\/p>\n<\/div>\n<div class=\"MsoNormal\">\n<p><font data-blogger-escaped-style=\"font-family: Times, Times New Roman, serif; font-size: large;\" face=\"&quot;times&quot; , &quot;times new roman&quot; , serif\" size=\"3\"><br \/><\/font><\/p>\n<\/div>\n<div class=\"MsoNormal\">\n<p><font data-blogger-escaped-style=\"font-family: Times, Times New Roman, serif; font-size: large;\" face=\"&quot;times&quot; , &quot;times new roman&quot; , serif\" size=\"3\">Mit\u00e4 pakata mukaan, mit\u00e4 j\u00e4tt\u00e4\u00e4? Kes\u00e4vaatteilla ei Suomessa tee mit\u00e4\u00e4n ja talvireissujen varalle voisi jemmata jotakin valmiiksi; lentolaukuissa paksut kamppeet viev\u00e4t liikaa tilaa, kun talvella tulemme k\u00e4ym\u00e4\u00e4n \u201dm\u00f6kill\u00e4\u201d. Sandaalit j\u00e4\u00e4v\u00e4t, sateenvarjot tarvitaan mukaan \u2013 huonolla tuurilla jo matkalle.<\/font><\/p>\n<\/div>\n<div class=\"MsoNormal\">\n<p><font data-blogger-escaped-style=\"font-family: Times, Times New Roman, serif; font-size: large;\" face=\"&quot;times&quot; , &quot;times new roman&quot; , serif\" size=\"3\"><br \/><\/font><\/p>\n<\/div>\n<div class=\"MsoNormal\">\n<p><font data-blogger-escaped-style=\"font-family: Times, Times New Roman, serif; font-size: large;\" face=\"&quot;times&quot; , &quot;times new roman&quot; , serif\" size=\"3\">\u201dM\u00f6kille\u201d j\u00e4\u00e4v\u00e4t vaatteet ja muut tekstiilit vaativat huolellisen pakkaamisen nekin. Pit\u00e4\u00e4 hankkia laatikoita ja niihin kuivauspatruunoita, koska talvikuukausina sis\u00e4ll\u00e4 talossa voi tulla yll\u00e4tt\u00e4v\u00e4n kosteaa. Kun kukaan ei availe ovia ja tuulettele, voi kaapissa lomalle tulijaa odottaa ik\u00e4v\u00e4 lemahdus.<\/font><\/p>\n<\/div>\n<div class=\"MsoNormal\">\n<p><font data-blogger-escaped-style=\"font-family: Times, Times New Roman, serif; font-size: large;\" face=\"&quot;times&quot; , &quot;times new roman&quot; , serif\" size=\"3\"><br \/><\/font><\/p>\n<\/div>\n<div class=\"MsoNormal\">\n<p><font data-blogger-escaped-style=\"font-family: Times, Times New Roman, serif; font-size: large;\" face=\"&quot;times&quot; , &quot;times new roman&quot; , serif\" size=\"3\">Per\u00e4k\u00e4rry on keventynyt moottoripy\u00f6r\u00e4n verran. Se tarkoittaa, ett\u00e4 saamme otettua mukaan melko monta kiloa oliivi\u00f6ljy\u00e4, oliiveja, viini\u00e4 ja muita Kreetan herkkuja! Mausteet eiv\u00e4t paljoa painakaan. Harmin paikka: juustot eiv\u00e4t taida kest\u00e4\u00e4 viikon rahtausta mahdollisesti l\u00e4mpim\u00e4ss\u00e4 s\u00e4\u00e4ss\u00e4. Kreetan juustoissa on taivaallinen aromi, ovathan ne per\u00e4isin taivaita hipovien huippujen asukkien, vuohien ja lampaiden maidosta.<\/font><\/p>\n<\/div>\n<div class=\"MsoNormal\">\n<p><font data-blogger-escaped-style=\"font-family: Times, Times New Roman, serif; font-size: large;\" face=\"&quot;times&quot; , &quot;times new roman&quot; , serif\" size=\"3\"><br \/><\/font><\/p>\n<\/div>\n<div class=\"MsoNormal\">\n<h2><font data-blogger-escaped-style=\"font-family: Times, Times New Roman, serif; font-size: large;\" face=\"&quot;times&quot; , &quot;times new roman&quot; , serif\" size=\"3\">Paljon j\u00e4rjestelt\u00e4v\u00e4\u00e4<\/font><\/h2>\n<\/div>\n<div class=\"MsoNormal\">\n<p><font data-blogger-escaped-style=\"font-family: Times, Times New Roman, serif; font-size: large;\" face=\"&quot;times&quot; , &quot;times new roman&quot; , serif\" size=\"3\"><br \/><\/font><\/p>\n<\/div>\n<div class=\"MsoNormal\">\n<p><font data-blogger-escaped-style=\"font-family: Times, Times New Roman, serif; font-size: large;\" face=\"&quot;times&quot; , &quot;times new roman&quot; , serif\" size=\"3\">Tuttavat ottavat kasvoilleen huolestuneen ilmeen, kun kerromme l\u00e4hestyv\u00e4st\u00e4 l\u00e4ht\u00f6p\u00e4iv\u00e4st\u00e4.<\/font><\/p>\n<\/div>\n<div class=\"MsoNormal\">\n<p><font data-blogger-escaped-style=\"font-family: Times, Times New Roman, serif; font-size: large;\" face=\"&quot;times&quot; , &quot;times new roman&quot; , serif\" size=\"3\">&#8211; Mutta tulettehan te takaisin?<\/font><\/p>\n<\/div>\n<div class=\"MsoNormal\">\n<p><font data-blogger-escaped-style=\"font-family: Times, Times New Roman, serif; font-size: large;\" face=\"&quot;times&quot; , &quot;times new roman&quot; , serif\" size=\"3\">Ilmeet kirkastuvat, kun Jyk\u00e4 veistelee vain viev\u00e4ns\u00e4 vaimon t\u00f6ihin Suomeen.<\/font><\/p>\n<\/div>\n<div class=\"MsoNormal\">\n<p><font data-blogger-escaped-style=\"font-family: Times, Times New Roman, serif; font-size: large;\" face=\"&quot;times&quot; , &quot;times new roman&quot; , serif\" size=\"3\">&#8211; Niin se on, toisen t\u00e4ytyy tehd\u00e4 t\u00f6it\u00e4. Ihan hyv\u00e4, ett\u00e4 se on vaimo, letkauttaa postinkantaja.&nbsp;<\/font><\/p>\n<p><font data-blogger-escaped-style=\"font-family: Times, Times New Roman, serif; font-size: large;\" face=\"&quot;times&quot; , &quot;times new roman&quot; , serif\" size=\"3\">L\u00e4hitavernan is\u00e4nt\u00e4 Jannis kehuu Lissun suunnitelmaa ihan mainioksi: talvet Suomessa ja kes\u00e4t t\u00e4\u00e4ll\u00e4!<\/font><\/p>\n<p><font data-blogger-escaped-style=\"font-family: Times, &quot;Times New Roman&quot;, serif; font-size: large;\" face=\"&quot;times&quot; , &quot;times new roman&quot; , serif\" size=\"3\">&nbsp;Alfa Romeo \u2013huollon Dimitris taas alkaa v\u00e4litt\u00f6m\u00e4sti suunnitella \u00e4ijien rientoja, kun kuulee, ett\u00e4 suomalaismies palaa talvella ehk\u00e4p\u00e4 ilman rouvaa.<\/font><\/p>\n<\/div>\n<div class=\"MsoNormal\">\n<p><font data-blogger-escaped-style=\"font-family: Times, Times New Roman, serif; font-size: large;\" face=\"&quot;times&quot; , &quot;times new roman&quot; , serif\" size=\"3\"><br \/><\/font><\/p>\n<\/div>\n<div class=\"MsoNormal\">\n<p><font data-blogger-escaped-style=\"clear: left; float: left; font-family: Times, Times New Roman, serif; font-size: large; margin-bottom: 1em; margin-right: 1em;\" face=\"&quot;times&quot; , &quot;times new roman&quot; , serif\" style=\"clear: left;float: left;margin-bottom: 1em;margin-right: 1em\"><font size=\"3\"><img loading=\"lazy\" decoding=\"async\" border=\"0\" height=\"213\" src=\"https:\/\/2.bp.blogspot.com\/-Ps7sQyQNgIU\/V5ddfmF-UlI\/AAAAAAAABb0\/lfjK3fmAUJccAznFFDU5d6odtFvSvALLQCLcB\/s320\/20160611%2B%252824%2529.JPG\" width=\"320\" style=\"cursor: move\"><\/font><\/font><font data-blogger-escaped-style=\"font-family: Times, Times New Roman, serif; font-size: large;\" face=\"&quot;times&quot; , &quot;times new roman&quot; , serif\" size=\"3\">Osoitteenmuutos mietitytti. Toimiiko Kreetalla postin k\u00e4\u00e4nt\u00f6palvelu? Suomesta l\u00e4htiess\u00e4 ostimme k\u00e4\u00e4nt\u00f6palvelun vuodeksi, koska se oli maksimi. Uusiminen sujui netin kautta, kun tarvitsimme viel\u00e4 kaksi kuukautta lis\u00e4\u00e4, mutta ihmeen j\u00e4yk\u00e4ksi kyseinen palvelu oli suunniteltu. Eik\u00e4 se sitten toiminutkaan. Kolme kertaa meid\u00e4n piti ottaa yhteytt\u00e4 vanhaan osoitteeseen sitke\u00e4sti jaetusta postista ja ehk\u00e4 useamminkin olisi ollut tarvetta: esimerkiksi veropapereissa oli tarraa toisen p\u00e4\u00e4ll\u00e4 tuntemattomasta m\u00e4\u00e4r\u00e4np\u00e4\u00e4st\u00e4 ja v\u00e4\u00e4r\u00e4st\u00e4 osoitteesta palauttamisesta.<\/font><\/p>\n<\/div>\n<div class=\"MsoNormal\">\n<p><font size=\"3\"><br \/><\/font><\/p>\n<\/div>\n<div class=\"MsoNormal\">\n<p><font data-blogger-escaped-style=\"font-family: Times, Times New Roman, serif; font-size: large;\" face=\"&quot;times&quot; , &quot;times new roman&quot; , serif\" size=\"3\">Kreetan suomalaisilla oli samanlaisia kokemuksia t\u00e4\u00e4ll\u00e4 muuttamisesta: osoittenmuutospalvelu on olemassa, mutta ei oikein toimi. Teimme siis, kuten neuvottiin: jututimme omaa postinkantajaamme kadulla. H\u00e4n otti autostaan lomakkeen, johon t\u00e4ytimme uuden osoitteen ja viel\u00e4 varmisti, ett\u00e4 olihan nyt niin, ett\u00e4 hein\u00e4kuun j\u00e4lkeen h\u00e4n ei en\u00e4\u00e4 jaa meille postia t\u00e4nne. Uskomme, ett\u00e4 kun t\u00e4m\u00e4 ketjun viimeinen lenkki tiet\u00e4\u00e4, miten toimia, asia on nyt kunnossa. T\u00e4k\u00e4l\u00e4inen posti on suorastaan yll\u00e4tt\u00e4nyt nopeudellaan siin\u00e4 kuin suomalainen ep\u00e4tarkkudellaan.<\/font><\/p>\n<\/div>\n<div class=\"MsoNormal\">\n<p><font data-blogger-escaped-style=\"font-family: Times, Times New Roman, serif; font-size: large;\" face=\"&quot;times&quot; , &quot;times new roman&quot; , serif\" size=\"3\"><br \/><\/font><\/p>\n<\/div>\n<div class=\"MsoNormal\">\n<p><a data-blogger-escaped-style=\"clear: right; float: right; font-family: Times, &quot;Times New Roman&quot;, serif; font-size: x-large; margin-bottom: 1em; margin-left: 1em; text-align: center;\" href=\"https:\/\/4.bp.blogspot.com\/-reGIbYPk5qw\/V5ddeAUNdgI\/AAAAAAAABbc\/7oQA6SC81GMP1CwxvbIaY_0XhQndS5LSgCLcB\/s1600\/20150723_130341.jpg\" style=\"clear: right;float: right;, serif;margin-bottom: 1em;margin-left: 1em;text-align: center\"><font size=\"3\"><img loading=\"lazy\" decoding=\"async\" border=\"0\" height=\"240\" src=\"https:\/\/4.bp.blogspot.com\/-reGIbYPk5qw\/V5ddeAUNdgI\/AAAAAAAABbc\/7oQA6SC81GMP1CwxvbIaY_0XhQndS5LSgCLcB\/s320\/20150723_130341.jpg\" width=\"320\" style=\"cursor: move\"><\/font><\/a><font data-blogger-escaped-style=\"font-family: Times, Times New Roman, serif; font-size: large;\" face=\"&quot;times&quot; , &quot;times new roman&quot; , serif\" size=\"3\">Kansalaiset eiv\u00e4t oikein viel\u00e4 osaa t\u00e4\u00e4ll\u00e4 k\u00e4ytt\u00e4\u00e4 s\u00e4hk\u00f6isi\u00e4 pankkipalveluita, mutta Jyk\u00e4 on perehtynyt kielenopiskelumieless\u00e4 nyt niihinkin, ja saamme s\u00e4hk\u00f6- puhelin- ynn\u00e4 muut laskut suoraan verkkopankkiin, kuten Suomessakin. Olemme onnistuneet verkkopankin kautta maksamaan autoverotkin ajallaan, mik\u00e4 ei monelta t\u00e4\u00e4ll\u00e4 onnistunut, kun konttoreihin oli jonoa. Sitten oli ratsioita ja sakkoja jaettiin.<\/font><\/p>\n<\/div>\n<div class=\"MsoNormal\">\n<p><font size=\"3\"><br \/><\/font><\/p>\n<\/div>\n<div class=\"MsoNormal\">\n<p><font data-blogger-escaped-style=\"font-family: Times, Times New Roman, serif; font-size: large;\" face=\"&quot;times&quot; , &quot;times new roman&quot; , serif\" size=\"3\">Suomen Kelaan pit\u00e4\u00e4 ottaa yhteytt\u00e4 ja nurkua takaisin Suomen terveydenhuoltoj\u00e4rjestelm\u00e4\u00e4n. Patronyymit, hyv\u00e4sti! Paavon-tyt\u00e4r ja Urhon-poika kuittaavat. K\u00e4nnykk\u00e4liittym\u00e4t pit\u00e4\u00e4 vaihtaa p\u00e4invastaisiksi: Suomi-korttiin kaikki mausteet ja Kreikka-numero vain k\u00e4yt\u00f6n mukaan veloitettavaksi. Emme halua turvautua pre-paidiin, koska niin monen t\u00e4k\u00e4l\u00e4isen tutun kanssa on vaihdettu numeroita, vaan s\u00e4ilyt\u00e4mme ne.<\/font><\/p>\n<\/div>\n<div class=\"MsoNormal\">\n<p><font data-blogger-escaped-style=\"font-family: Times, Times New Roman, serif; font-size: large;\" face=\"&quot;times&quot; , &quot;times new roman&quot; , serif\" size=\"3\"><br \/><\/font><\/p>\n<\/div>\n<div class=\"MsoNormal\">\n<p><font data-blogger-escaped-style=\"font-family: Times, Times New Roman, serif; font-size: large;\" face=\"&quot;times&quot; , &quot;times new roman&quot; , serif\" size=\"3\">Vaikka Jyk\u00e4 palaisikin viel\u00e4 ennen viileit\u00e4 kelej\u00e4, t\u00e4ytyy syksyn tuloon varautua. Vietetty\u00e4mme vuoden ilmastoa haistelemassa, tied\u00e4mme, ett\u00e4 talvella kosteus tunkeutuu sis\u00e4lle rakennuksiin, etenkin tyhjill\u00e4\u00e4n ja l\u00e4mmitt\u00e4m\u00e4tt\u00e4 oleviin. Tuuletus t\u00e4ytyy j\u00e4rjest\u00e4\u00e4 hyvin. Koit ja muut ei-toivotut vieraat t\u00e4ytyy ottaa huomioon, ja mit\u00e4\u00e4n s\u00e4ilyket\u00f6lkkej\u00e4 kummempia ruokatarvikkeita ei parane j\u00e4tt\u00e4\u00e4 j\u00e4lkeens\u00e4.<\/font><\/p>\n<\/div>\n<div class=\"MsoNormal\">\n<p><font data-blogger-escaped-style=\"font-family: Times, Times New Roman, serif; font-size: large;\" face=\"&quot;times&quot; , &quot;times new roman&quot; , serif\" size=\"3\"><br \/><\/font><\/p>\n<\/div>\n<div class=\"MsoNormal\">\n<p><font data-blogger-escaped-style=\"font-family: Times, Times New Roman, serif; font-size: large;\" face=\"&quot;times&quot; , &quot;times new roman&quot; , serif\" size=\"3\">Haikeaa on h\u00e4vitt\u00e4\u00e4 vuoden verran huolella vaalitut kukkaset terassilta, mutta uudet kasvavat suotuisassa ilmastossa taas nopeasti tilalle. Parhaillaan kypsym\u00e4ss\u00e4 olevat chilit lahjoitetaan yst\u00e4v\u00e4lle, jonka suu kest\u00e4\u00e4 turkinpippurit. Pikkuinen musmula-puun taimi ja mahdollinen papaijan verso yritt\u00e4v\u00e4t matkustaa mukana. Jos ne selvi\u00e4v\u00e4t Suomen talvista viherhuoneessa, ne saattavat joskus isompana palata takaisin, kuka ties!<\/font><\/p>\n<\/div>\n<div class=\"MsoNormal\">\n<p><font data-blogger-escaped-style=\"font-family: Times, Times New Roman, serif; font-size: large;\" face=\"&quot;times&quot; , &quot;times new roman&quot; , serif\" size=\"3\"><br \/><\/font><\/p>\n<\/div>\n<div class=\"MsoNormal\">\n<p><font data-blogger-escaped-style=\"clear: right; float: right; font-family: Times, Times New Roman, serif; font-size: large; margin-bottom: 1em; margin-left: 1em;\" face=\"&quot;times&quot; , &quot;times new roman&quot; , serif\" style=\"clear: right;float: right;margin-bottom: 1em;margin-left: 1em\"><font size=\"3\"><img loading=\"lazy\" decoding=\"async\" border=\"0\" height=\"133\" src=\"https:\/\/3.bp.blogspot.com\/-E0sHGtZ4vrE\/V5ddg3q8KrI\/AAAAAAAABcM\/HtNUOFZKoYQ_YVRkUvI59uSYf9mvcbm0wCLcB\/s200\/IMG_0094.JPG\" width=\"200\" style=\"cursor: move\"><\/font><\/font><font data-blogger-escaped-style=\"font-family: Times, Times New Roman, serif; font-size: large;\" face=\"&quot;times&quot; , &quot;times new roman&quot; , serif\" size=\"3\">Onneksi emme tehneet sit\u00e4 virhett\u00e4, ett\u00e4 olisimme alkaneet ruokkia kissoja, jotka nyt j\u00e4isiv\u00e4t itkem\u00e4\u00e4n per\u00e4\u00e4mme. Sellaista on saanut valitettavasti n\u00e4hd\u00e4, kun vuokrahuoneistojen kes\u00e4vieraat ovat syksyll\u00e4 l\u00e4hteneet.<\/font><\/p>\n<\/div>\n<p><font data-blogger-escaped-style=\"font-family: Times, Times New Roman, serif; font-size: large;\" face=\"&quot;times&quot; , &quot;times new roman&quot; , serif\" size=\"3\"><br \/><\/font><\/p>\n<div class=\"MsoNormal\">\n<p style=\"line-height: normal\"><font data-blogger-escaped-style=\"font-family: Times, Times New Roman, serif; font-size: large;\" face=\"&quot;times&quot; , &quot;times new roman&quot; , serif\" size=\"3\">Sitruspuulle pit\u00e4isi j\u00e4rjest\u00e4\u00e4 kastelu. Odottaako meit\u00e4 joululomalla pikku puu t\u00e4ynn\u00e4 kultapalloja vai kuivunut ranka, jollaisena se t\u00f6k\u00f6tti saapuessamme? Vihreit\u00e4 raakileita ovat oksat t\u00e4ynn\u00e4ns\u00e4. Tuleeko niist\u00e4 isona mandariineja vai appelsiineja? Ehk\u00e4p\u00e4 saamme joululomalla maistiaiset!&nbsp;<\/font><\/p>\n<p class=\"separator\" data-blogger-escaped-style=\"clear: both; text-align: center;\" style=\"line-height: normal;clear: both;text-align: center\"><font size=\"3\"><br \/><\/font><\/p>\n<p class=\"separator\" data-blogger-escaped-style=\"clear: both; text-align: center;\" style=\"line-height: normal;clear: both;text-align: center\"><a data-blogger-escaped-style=\"margin-left: 1em; margin-right: 1em;\" href=\"https:\/\/3.bp.blogspot.com\/-CY5MPMJvLck\/V5dhQ3Sy6KI\/AAAAAAAABcY\/LCZ9auuF1oQZ-1sbKa0xT6u38EfDPjYXACLcB\/s1600\/13718511_674485296038750_488715630350508652_n.jpg\" style=\"margin-left: 1em;margin-right: 1em\"><font data-blogger-escaped-style=\"font-family: Times, Times New Roman, serif; font-size: large;\" face=\"&quot;times&quot; , &quot;times new roman&quot; , serif\" size=\"3\"><img loading=\"lazy\" decoding=\"async\" border=\"0\" height=\"240\" src=\"https:\/\/3.bp.blogspot.com\/-CY5MPMJvLck\/V5dhQ3Sy6KI\/AAAAAAAABcY\/LCZ9auuF1oQZ-1sbKa0xT6u38EfDPjYXACLcB\/s320\/13718511_674485296038750_488715630350508652_n.jpg\" width=\"320\" style=\"cursor: move\"><\/font><\/a><\/p>\n<p class=\"separator\" data-blogger-escaped-style=\"clear: both; text-align: center;\" style=\"font-size: medium;line-height: normal;clear: both;text-align: center\"><font data-blogger-escaped-style=\"font-family: Times, Times New Roman, serif; font-size: large;\" face=\"&quot;times&quot; , &quot;times new roman&quot; , serif\" size=\"5\"><br \/><\/font><\/p>\n<div style=\"font-size: 14.6667px\">Kreetalta: Jyk\u00e4 ja Lissu<\/div>\n<div style=\"font-size: 14.6667px\"><\/div>\n<p style=\"line-height: 22px;font-size: 14.6667px\"><font data-blogger-escaped-style=\"font-family: inherit; font-size: large;\" face=\"inherit\"><\/font><\/p>\n<p class=\"separator\" data-blogger-escaped-style=\"clear: both; text-align: center;\" style=\"font-size: medium;line-height: normal;clear: both;text-align: center\"><font data-blogger-escaped-style=\"font-family: Times, Times New Roman, serif; font-size: large;\" face=\"&quot;times&quot; , &quot;times new roman&quot; , serif\" size=\"5\"><\/font><\/p>\n<div style=\"font-size: 14.6667px\">\n<p class=\"MsoNoSpacing\">Dafni-bokserin seikkailut Kreetalla:&nbsp;<a href=\"http:\/\/koiramainenkreikkakeikka.blogspot.fi\/\">http:\/\/koiramainenkreikkakeikka.blogspot.fi\/<\/a><\/p>\n<p class=\"MsoNoSpacing\">Kreikan-matkailua meid\u00e4n silmin:&nbsp;<a href=\"http:\/\/tavernaikosi.blogspot.fi\/\" style=\"text-decoration: underline\">http:\/\/tavernaikosi.blogspot.fi\/<\/a>&nbsp;<\/p>\n<\/div>\n<\/div>\n","protected":false},"excerpt":{"rendered":"<p>Suunnilleen huhtikuusta l\u00e4htien on takaraivoa raaputellut j\u00e4\u00e4puikko. T\u00e4m\u00e4 ihanuus loppuu joskus, t\u00e4t\u00e4 ei kest\u00e4k\u00e4\u00e4n loputtomiin. T\u00e4ytyy palata Suomeen ja kohdata talvi. Pime\u00e4. Lumi ja pakkanen. Liukkaat. Onko pakko??!! &nbsp; Tuttavat ovat yritt\u00e4neet herutella, eik\u00f6&#46;&#46;&#46;<\/p>\n","protected":false},"author":4,"featured_media":0,"comment_status":"closed","ping_status":"closed","sticky":false,"template":"","format":"standard","meta":{"_acf_changed":false,"footnotes":""},"categories":[1],"tags":[],"class_list":["post-77","post","type-post","status-publish","format-standard","hentry","category-yleinen"],"acf":[],"_links":{"self":[{"href":"https:\/\/blogit.kreeta.info\/vuosikreetalla\/wp-json\/wp\/v2\/posts\/77","targetHints":{"allow":["GET"]}}],"collection":[{"href":"https:\/\/blogit.kreeta.info\/vuosikreetalla\/wp-json\/wp\/v2\/posts"}],"about":[{"href":"https:\/\/blogit.kreeta.info\/vuosikreetalla\/wp-json\/wp\/v2\/types\/post"}],"author":[{"embeddable":true,"href":"https:\/\/blogit.kreeta.info\/vuosikreetalla\/wp-json\/wp\/v2\/users\/4"}],"replies":[{"embeddable":true,"href":"https:\/\/blogit.kreeta.info\/vuosikreetalla\/wp-json\/wp\/v2\/comments?post=77"}],"version-history":[{"count":1,"href":"https:\/\/blogit.kreeta.info\/vuosikreetalla\/wp-json\/wp\/v2\/posts\/77\/revisions"}],"predecessor-version":[{"id":95,"href":"https:\/\/blogit.kreeta.info\/vuosikreetalla\/wp-json\/wp\/v2\/posts\/77\/revisions\/95"}],"wp:attachment":[{"href":"https:\/\/blogit.kreeta.info\/vuosikreetalla\/wp-json\/wp\/v2\/media?parent=77"}],"wp:term":[{"taxonomy":"category","embeddable":true,"href":"https:\/\/blogit.kreeta.info\/vuosikreetalla\/wp-json\/wp\/v2\/categories?post=77"},{"taxonomy":"post_tag","embeddable":true,"href":"https:\/\/blogit.kreeta.info\/vuosikreetalla\/wp-json\/wp\/v2\/tags?post=77"}],"curies":[{"name":"wp","href":"https:\/\/api.w.org\/{rel}","templated":true}]}}