{"id":78,"date":"2016-09-27T17:43:50","date_gmt":"2016-09-27T14:43:50","guid":{"rendered":"https:\/\/blogit.kreeta.info\/vuosikreetalla\/sapattivuosi-on-paattynyt\/"},"modified":"2024-01-10T10:05:46","modified_gmt":"2024-01-10T08:05:46","slug":"sapattivuosi-on-paattynyt","status":"publish","type":"post","link":"https:\/\/blogit.kreeta.info\/vuosikreetalla\/sapattivuosi-on-paattynyt\/","title":{"rendered":"Sapattivuosi on p\u00e4\u00e4ttynyt"},"content":{"rendered":"<p>&nbsp;<\/p>\n<div>\n<div class=\"MsoNormal\">\n<p style=\"font-size: medium\"><a style=\"margin-left: 1em;margin-right: 1em;text-align: center\" href=\"https:\/\/2.bp.blogspot.com\/-JodkOVUBAH0\/V-LCFqJ2ArI\/AAAAAAAABeI\/nyDJXGlsrsgiobdhvQ7b6z4fE-snzYvXQCLcB\/s1600\/20160706%2B%252818%2529.JPG\" data-blogger-escaped-style=\"margin-left: 1em; margin-right: 1em; text-align: center;\"><img loading=\"lazy\" decoding=\"async\" style=\"cursor: move\" src=\"https:\/\/2.bp.blogspot.com\/-JodkOVUBAH0\/V-LCFqJ2ArI\/AAAAAAAABeI\/nyDJXGlsrsgiobdhvQ7b6z4fE-snzYvXQCLcB\/s400\/20160706%2B%252818%2529.JPG\" width=\"400\" height=\"266\" border=\"0\" \/><\/a><\/p>\n<p style=\"font-size: medium\">\u201dL\u00e4mmint\u00e4 33 astetta. K\u00e4vimme aamulla uimassa, vaikka aallokko oli kova, sill\u00e4 tuulee etel\u00e4st\u00e4. Illalla ulos yst\u00e4vien kanssa.\u201d<\/p>\n<p><a style=\"font-size: medium;clear: right;float: right;margin-bottom: 1em;margin-left: 1em;text-align: center\" href=\"https:\/\/3.bp.blogspot.com\/-G75I9_u5wGU\/V-LCIKaXqrI\/AAAAAAAABe0\/3RvE1AyxY481Ekn5OkaAhJAp6gKLlrYZgCLcB\/s1600\/20160909%2B%252810%2529.JPG\" data-blogger-escaped-style=\"clear: right; float: right; margin-bottom: 1em; margin-left: 1em; text-align: center;\"><br \/>\n<\/a><span style=\"font-size: medium\" data-blogger-escaped-style=\"font-family: Times, Times New Roman, serif; font-size: large;\">P\u00e4iv\u00e4kirjamerkint\u00e4 vuoden takaa, niin toisenlaisen syyskuun alusta. Nyt, kun katse tapaa ikkunan takaa matalalla laahaavat pilvet, on ihana paeta muistoihin. Onneksi tuli pidetty\u00e4 p\u00e4iv\u00e4kirjaa, otettua tuhansia valokuvia ja tehty\u00e4 videoarkisto. Ja kirjoitettua blogia!<\/span><\/p>\n<\/div>\n<div class=\"MsoNormal\">\n<h2><span style=\"font-size: medium\" data-blogger-escaped-style=\"font-family: Times, Times New Roman, serif; font-size: large;\">Kotimatka<\/span><\/h2>\n<\/div>\n<div class=\"MsoNormal\">\n<p><span style=\"font-size: medium\" data-blogger-escaped-style=\"font-family: Times, Times New Roman, serif; font-size: large;\">Hein\u00e4-elokuun vaihteessa palasimme Suomeen omia j\u00e4lki\u00e4mme, ainakin melkein. T\u00e4ll\u00e4 kertaa matkasimme Ateenasta Patran kautta Igoumen\u00edtsaan, kun vuosi sitten ajoimme Igoumen\u00edtsasta pohjoista reitti\u00e4, Ioanninan kautta Ateenaan. Mutta ensin siis oli noustava iltalauttaan Iraklionista.<\/span><\/p>\n<\/div>\n<div class=\"MsoNormal\">\n<p><span style=\"clear: right;float: right;margin-bottom: 1em;margin-left: 1em\" data-blogger-escaped-style=\"clear: right; float: right; font-family: Times, Times New Roman, serif; font-size: large; margin-bottom: 1em; margin-left: 1em;\"><span style=\"font-size: medium\"><img loading=\"lazy\" decoding=\"async\" style=\"cursor: move\" src=\"https:\/\/2.bp.blogspot.com\/-AZ8MOltuT0I\/V-LCGYklvBI\/AAAAAAAABeU\/OhMGqgJ94DAPRgzEzGD2e9mYOrWJUugSACLcB\/s320\/20160731%2B%25281%2529.JPG\" width=\"320\" height=\"213\" border=\"0\" \/><\/span><\/span><\/p>\n<\/div>\n<div class=\"MsoNormal\">\n<p><span style=\"font-size: medium\" data-blogger-escaped-style=\"font-family: Times, Times New Roman, serif; font-size: large;\">Matka alkoi hein\u00e4kuun viimeisen\u00e4 sunnuntaina iltakuudelta. Yst\u00e4v\u00e4mme halusivat viel\u00e4 tulla vilkuttamaan matkan varrelle, joten ensimm\u00e4inen etappi oli Ierapetran sunnuntaiaution Marinopoulos-marketin parkkipaikka. Kyynelehtimist\u00e4 ja l\u00e4mpimi\u00e4 halauksia. Pikaisen paluun toivotuksin ja toivomuksin l\u00e4hdimme ajamaan kohti auringonlaskua.<\/span><\/p>\n<\/div>\n<div class=\"MsoNormal\">\n<p><span style=\"clear: left;float: left;margin-bottom: 1em;margin-right: 1em\" data-blogger-escaped-style=\"clear: left; float: left; font-family: Times, Times New Roman, serif; font-size: large; margin-bottom: 1em; margin-right: 1em;\"><span style=\"font-size: medium\"><img loading=\"lazy\" decoding=\"async\" style=\"cursor: move\" src=\"https:\/\/2.bp.blogspot.com\/-srpiMrsngec\/V-LCGZL6sjI\/AAAAAAAABec\/y0H5B907Fi0DWdag3u5zSmJm1K1s8h_pwCLcB\/s320\/20160801%2B%25283%2529.JPG\" width=\"320\" height=\"213\" border=\"0\" \/><\/span><\/span><span style=\"font-size: medium\" data-blogger-escaped-style=\"font-family: Times, Times New Roman, serif; font-size: large;\">Ensimm\u00e4inen y\u00f6 meni aikataulun mukaisesti, Minoan Palace l\u00e4hti laiturista kello kymmenen. Tuttuun ylelliseen tapaan piccolo saattoi meid\u00e4t hyttiin, koirinemme kaikkinemme. Unikin tuli yll\u00e4tt\u00e4v\u00e4n helposti.<\/span><\/p>\n<\/div>\n<div class=\"MsoNormal\">\n<p><span style=\"font-size: medium\" data-blogger-escaped-style=\"font-family: Times, Times New Roman, serif; font-size: large;\">\u00a0<\/span><\/p>\n<\/div>\n<div class=\"MsoNormal\">\n<p><span style=\"font-size: medium\" data-blogger-escaped-style=\"font-family: Times, Times New Roman, serif; font-size: large;\">Auringonnousun n\u00e4imme Ateenassa, kun lautta saapui kuudelta Pireuksen satamaan. L\u00e4hdimme ajamaan l\u00e4nteen, kohti Korinttia, jonka maisemat tulivat meille tutuiksi 2009 Loutrakin-reissulla. N\u00e4kym\u00e4t tuovat vahvasti mieleen Italian: viljelymaisemat ovat alavia ja talot punatiilikattoisia. Sypressit rajaavat viljelysteit\u00e4 ja komistavat puutarhoja.<\/span><\/p>\n<\/div>\n<div class=\"MsoNormal\">\n<p><span style=\"font-size: medium\" data-blogger-escaped-style=\"font-family: Times, Times New Roman, serif; font-size: large;\">\u00a0<\/span><\/p>\n<\/div>\n<div class=\"MsoNormal\">\n<p><span style=\"font-size: medium\" data-blogger-escaped-style=\"font-family: Times, Times New Roman, serif; font-size: large;\">Patraan saakka tie oli siis periaatteessa tuttua, joskin osa oli olympialaisten j\u00e4ljilt\u00e4 hieman muuttunut. Moottoritie oli suunnattoman remontin kourissa, joten johonkin Kreikalla sent\u00e4\u00e4n on varaa laittaa rahaa. Liikenne kuitenkin sujui, eik\u00e4 pys\u00e4hdyksi\u00e4 ollut.<\/span><\/p>\n<\/div>\n<div class=\"MsoNormal\">\n<p><span style=\"font-size: medium\" data-blogger-escaped-style=\"font-family: Times, Times New Roman, serif; font-size: large;\">\u00a0<\/span><\/p>\n<\/div>\n<div class=\"MsoNormal\">\n<p><span style=\"font-size: medium\" data-blogger-escaped-style=\"font-family: Times, Times New Roman, serif; font-size: large;\">Ensimm\u00e4ist\u00e4 kertaa ylitimme Patran uuden sillan. Hienohan se oli, mutta kallis. Olisi kiinnostava tiet\u00e4\u00e4, onko pieni autolautta hyvinkin kilpailukykyinen hinnoiltaan, sill\u00e4 sillan l\u00e4pi ajaminen maksoi 13 euroa. Kreikkalaisittain se on paljon. Toisaalta on ihan fiksua rahoittaa tiet juuri niiden taskuista, jotka niit\u00e4 k\u00e4ytt\u00e4v\u00e4t.<\/span><\/p>\n<\/div>\n<div class=\"MsoNormal\">\n<p><span style=\"font-size: medium\" data-blogger-escaped-style=\"font-family: Times, Times New Roman, serif; font-size: large;\">\u00a0<\/span><\/p>\n<\/div>\n<div class=\"MsoNormal\">\n<p><span style=\"font-size: medium\" data-blogger-escaped-style=\"font-family: Times, Times New Roman, serif; font-size: large;\">Voisiko Suomessakin olla tietulleja? Ai niin, eih\u00e4n kukaan voisi istua p\u00e4ivyst\u00e4m\u00e4ss\u00e4 kopperossa talvipakkasella, ja kuka nyt niin pienipalkkaisia t\u00f6it\u00e4 tekisi\u2026 pit\u00e4isi luoda jokin automaattinen systeemi. Kustannussyist\u00e4 valvonta olisi keskitetty yhteen paikkaan koko maassa, ja se toimisi sitten varmaan yht\u00e4 hienosti kuin Kuopion Kallansiltojen automatiikka, jota valvotaan jostain Etel\u00e4-Suomesta\u2026 eli se ei toimisi.<\/span><\/p>\n<\/div>\n<div class=\"MsoNormal\">\n<p class=\"separator\" style=\"clear: both;text-align: center\" data-blogger-escaped-style=\"clear: both; text-align: center;\"><span style=\"font-size: medium\">\u00a0<\/span><\/p>\n<\/div>\n<div class=\"MsoNormal\">\n<p><span style=\"font-size: medium\" data-blogger-escaped-style=\"font-family: Times, Times New Roman, serif; font-size: large;\">Sillalta l\u00e4hdimme reitille, jota emme olleet aiemmin ajaneet, rannikkoa pitkin kohti Pr\u00e9vezaa. Sielt\u00e4 jatkoimme taasen tuttua tiet\u00e4 kohden Igoumen\u00edtsaa, sill\u00e4 matkan varrelle j\u00e4i Parga, jonka ymp\u00e4rist\u00f6n tiet nuohosimme kes\u00e4ll\u00e4 2012. (Blogi n\u00e4ist\u00e4 aiemmista reissuista osoitteessa <a title=\"\" href=\"http:\/\/tavernaikosi.blogspot.fi\/\" target=\"_blank\" rel=\"noopener\">Tavernaikosi.blogspot.com<\/a>)<\/span><\/p>\n<p><span style=\"font-size: medium\" data-blogger-escaped-style=\"font-family: Times, Times New Roman, serif; font-size: large;\">\u00a0<\/span><\/p>\n<\/div>\n<div class=\"MsoNormal\">\n<p><a style=\"clear: left;float: left;margin-bottom: 1em;margin-right: 1em;text-align: center\" href=\"https:\/\/4.bp.blogspot.com\/-1-tGahYn6_E\/V-QLaT2kFPI\/AAAAAAAABgE\/Z8mk-qECqYoSKrIJIH4EF1tFnhWV80GowCLcB\/s1600\/14429655_1778125742432966_161954205_n.jpg\" data-blogger-escaped-style=\"clear: left; float: left; margin-bottom: 1em; margin-right: 1em; text-align: center;\"><span style=\"font-size: medium\"><img loading=\"lazy\" decoding=\"async\" style=\"cursor: move\" src=\"https:\/\/4.bp.blogspot.com\/-1-tGahYn6_E\/V-QLaT2kFPI\/AAAAAAAABgE\/Z8mk-qECqYoSKrIJIH4EF1tFnhWV80GowCLcB\/s200\/14429655_1778125742432966_161954205_n.jpg\" width=\"200\" height=\"150\" border=\"0\" \/><\/span><\/a><\/p>\n<\/div>\n<div class=\"MsoNormal\">\n<p><span style=\"font-size: medium\" data-blogger-escaped-style=\"font-family: Times, Times New Roman, serif; font-size: large;\">Platari\u00e1ssa, pieness\u00e4 merenrantakyl\u00e4ss\u00e4 l\u00e4hell\u00e4 m\u00e4\u00e4r\u00e4np\u00e4\u00e4t\u00e4, jaloittelimme. L\u00e4mp\u00f6asteita oli ainakin 35, joten istahdimme kahville aivan venesataman tuntumaan siin\u00e4 toivossa, ett\u00e4 tuuli v\u00e4h\u00e4n vilvoittaisi meit\u00e4.\u00a0<\/span><\/p>\n<p><span style=\"font-size: medium\"><span data-blogger-escaped-style=\"font-family: Times, Times New Roman, serif; font-size: large;\"><br \/>\n<\/span><span data-blogger-escaped-style=\"font-family: Times, Times New Roman, serif; font-size: large;\">Autossahan helle ei vaivannut, kun k\u00e4ytimme ilmastointia, mutta juuri sen ansiosta jaloittelusta tuli turhankin tukalaa, kun elimist\u00f6 oli tottunut viile\u00e4mp\u00e4\u00e4n. Kun veimme koirat sivummalle tarpeiden tekoa varten, Dafnin ensisijainen tarve oli pulahtaa uimaan.<\/span><\/span><\/p>\n<\/div>\n<div class=\"MsoNormal\">\n<p><span style=\"font-size: medium\" data-blogger-escaped-style=\"font-family: Times, Times New Roman, serif; font-size: large;\">\u00a0<\/span><\/p>\n<\/div>\n<div class=\"MsoNormal\">\n<p><span style=\"font-size: medium\" data-blogger-escaped-style=\"font-family: Times, Times New Roman, serif; font-size: large;\">Igoumenitsassa olimme hyviss\u00e4 ajoin ja jouduimme tappamaan aikaa helteess\u00e4 pitk\u00e4n iltap\u00e4iv\u00e4n. Ihmeesti aika kuitenkin kuluu kahvilassa istuskellen, kun on l\u00e4mp\u00f6ist\u00e4, lokoista ja kiireet\u00f6nt\u00e4. Virvokkeet vaihtuivat oluesta j\u00e4\u00e4tel\u00f6\u00f6n ja takaisin.<\/span><\/p>\n<\/div>\n<div class=\"MsoNormal\">\n<p><span style=\"font-size: medium\"><span data-blogger-escaped-style=\"font-family: Times, Times New Roman, serif; font-size: large;\"><br \/>\n<\/span><span data-blogger-escaped-style=\"font-family: Times, Times New Roman, serif; font-size: large;\">Lopulta ajoimme sis\u00e4lle satama-alueelle. Viranomaiset halusivat syyn\u00e4t\u00e4 automme tarkkaan. Kaikki paperit katsottiin, per\u00e4k\u00e4rryyn ja takaluukkuunkin kurkistettiin. Ehk\u00e4 Kreikkaan rekister\u00f6idyn auton paperit haluttiin katsoa, etteiv\u00e4t ulkomaalaisen n\u00e4k\u00f6iset ihmiset vie mahdollista vuokra-autoa luvatta pois maasta.<\/span><\/span><\/p>\n<\/div>\n<div class=\"MsoNormal\"><\/div>\n<div class=\"MsoNormal\">\n<p><span style=\"font-size: medium\" data-blogger-escaped-style=\"font-family: Times, Times New Roman, serif; font-size: large;\">\u00a0<\/span><\/p>\n<\/div>\n<div class=\"MsoNormal\">\n<p><span style=\"font-size: medium\" data-blogger-escaped-style=\"font-family: Times, Times New Roman, serif; font-size: large;\">Rekkoja n\u00e4kyiv\u00e4t syyn\u00e4\u00e4v\u00e4n l\u00e4pivalaisulaitteella. Olivatko etsinn\u00e4n kohteena laittomat matkustajat? Siin\u00e4 tapauksessa oli hyv\u00e4, ettemme sisustaneet yst\u00e4v\u00e4llemme Jorgokselle omaa matkustamoa per\u00e4k\u00e4rryyn, kuten h\u00e4n suunnitteli. Yst\u00e4v\u00e4mme ei halua lent\u00e4\u00e4, mutta eksoottinen Suomi houkuttelisi k\u00e4ym\u00e4\u00e4n.<\/span><\/p>\n<\/div>\n<div class=\"MsoNormal\">\n<p><span style=\"font-size: medium\" data-blogger-escaped-style=\"font-family: Times, Times New Roman, serif; font-size: large;\"><br \/>\n<\/span><span style=\"clear: left;float: left;margin-bottom: 1em;margin-right: 1em\" data-blogger-escaped-style=\"clear: left; float: left; font-family: Times, Times New Roman, serif; font-size: large; margin-bottom: 1em; margin-right: 1em;\"><span style=\"font-size: medium\"><img loading=\"lazy\" decoding=\"async\" style=\"cursor: move\" src=\"https:\/\/2.bp.blogspot.com\/-ZSjWAa91JAQ\/V-LCGBB572I\/AAAAAAAABeY\/I6rB105KhH4_PgeQy1LuybPpxIfEFX9GACLcB\/s320\/20160801%2B%25282%2529.JPG\" width=\"320\" height=\"213\" border=\"0\" \/><\/span><\/span><\/p>\n<p><span style=\"font-size: medium\" data-blogger-escaped-style=\"font-family: Times, \">Laiva oli my\u00f6h\u00e4ss\u00e4. Satamaan kertynyt odottelijajoukko, mm. satakunta italialaisnuorta, tervehti jokaista y\u00f6n pimeydest\u00e4 saapuvaa laivaa hurraamalla, mutta petty\u00e4 saimme monta kertaa. Igoumen\u00edtsa olisi pit\u00e4nyt j\u00e4tt\u00e4\u00e4 yhden aikaan y\u00f6ll\u00e4, mutta Cruise Olympia saapui vasta aamukolmelta. Olikohan moottoreissa jotakin ongelmaa, sill\u00e4 perill\u00e4 Anconassa olimme melkein viisi tuntia my\u00f6h\u00e4ss\u00e4, seuraavana iltana.<\/span><\/p>\n<p><span style=\"font-size: medium\" data-blogger-escaped-style=\"font-family: Times, \">\u00a0<\/span><\/p>\n<\/div>\n<div class=\"MsoNormal\">\n<p><span style=\"margin-left: 1em;margin-right: 1em;text-align: center;font-size: medium\" data-blogger-escaped-style=\"font-family: Times, Times New Roman, serif; font-size: large; margin-left: 1em; margin-right: 1em; text-align: center;\"><a style=\"margin-left: 1em;margin-right: 1em\" href=\"https:\/\/2.bp.blogspot.com\/-vIB2IId9nE4\/V-LCGqJUBFI\/AAAAAAAABeg\/-8-v8ZJCvRQJxrq2gqOn5gb0dx7vCdM3gCLcB\/s1600\/20160802%2B%25282%2529.JPG\" data-blogger-escaped-style=\"margin-left: 1em; margin-right: 1em; text-align: center;\"><img loading=\"lazy\" decoding=\"async\" style=\"cursor: move\" src=\"https:\/\/2.bp.blogspot.com\/-vIB2IId9nE4\/V-LCGqJUBFI\/AAAAAAAABeg\/-8-v8ZJCvRQJxrq2gqOn5gb0dx7vCdM3gCLcB\/s320\/20160802%2B%25282%2529.JPG\" width=\"320\" height=\"213\" border=\"0\" \/><\/a><\/span><\/p>\n<p><span style=\"font-size: medium\">\u00a0<\/span><\/p>\n<\/div>\n<div class=\"MsoNormal\">\n<p><span style=\"font-size: medium\" data-blogger-escaped-style=\"font-family: Times, Times New Roman, serif; font-size: large;\">Meill\u00e4 oli majapaikka varattuna. Keskell\u00e4 avaraa maaseutua, kukkulan laella, meit\u00e4 odotti menomatkalta tuttu Il Pozzo Fiorito, \u201dKukkivan kaivon majatalo\u201d. Omistajat Simone ja Laura tervehtiv\u00e4t meit\u00e4 pariviikkoisen pikkuprinssins\u00e4 kanssa.<\/span><\/p>\n<p><span style=\"font-size: medium\" data-blogger-escaped-style=\"font-family: Times, Times New Roman, serif; font-size: large;\">\u00a0<\/span><\/p>\n<\/div>\n<div class=\"MsoNormal\">\n<p><span style=\"margin-left: 1em;margin-right: 1em;text-align: center;font-size: medium\" data-blogger-escaped-style=\"font-family: Times, Times New Roman, serif; font-size: large; margin-left: 1em; margin-right: 1em; text-align: center;\"><a style=\"margin-left: 1em;margin-right: 1em\" href=\"https:\/\/1.bp.blogspot.com\/-GKDyTUSZ3Tc\/V-LCHwTwkPI\/AAAAAAAABeo\/aQ4MUDFGSRQ6YvSyw6drdYlXrlK7Ppg5QCLcB\/s1600\/20160803%2B%25284%2529.JPG\" data-blogger-escaped-style=\"margin-left: 1em; margin-right: 1em; text-align: center;\"><img loading=\"lazy\" decoding=\"async\" style=\"cursor: move\" src=\"https:\/\/1.bp.blogspot.com\/-GKDyTUSZ3Tc\/V-LCHwTwkPI\/AAAAAAAABeo\/aQ4MUDFGSRQ6YvSyw6drdYlXrlK7Ppg5QCLcB\/s400\/20160803%2B%25284%2529.JPG\" width=\"400\" height=\"266\" border=\"0\" \/><\/a><\/span><\/p>\n<p><span style=\"font-size: medium\">\u00a0<\/span><\/p>\n<\/div>\n<div class=\"MsoNormal\">\n<p><span style=\"font-size: medium\" data-blogger-escaped-style=\"font-family: Times, Times New Roman, serif; font-size: large;\">K\u00e4vimme hakemassa kyl\u00e4st\u00e4 aitoa italialaista pizzaa. Illastimme keskell\u00e4 hiljaisuutta, kynttil\u00f6iden valossa, ihan omalla porukallamme t\u00e4ss\u00e4 upeassa, vanhassa kivitalossa. Nukkumaan p\u00e4\u00e4simme tuttuun, keltaiseen kammariin, samaan kuin menomatkalla. Koiria ilahdutti vilpoinen, vihre\u00e4 puutarha helteisten p\u00e4ivien j\u00e4lkeen. Aito nurmikko tassujen alla! Voi riemua!<\/span><\/p>\n<\/div>\n<div class=\"MsoNormal\">\n<p><span style=\"font-size: medium\">\u00a0<\/span><\/p>\n<\/div>\n<div class=\"MsoNormal\">\n<p><span style=\"font-size: medium\" data-blogger-escaped-style=\"font-family: Times, Times New Roman, serif; font-size: large;\">Kolmantena matkap\u00e4iv\u00e4n\u00e4 ylitimme Alpit. Elokuun alkup\u00e4ivin\u00e4kin pohjoisilla rinteill\u00e4 n\u00e4kyi lumen rippeit\u00e4. Kummastelimme niit\u00e4, mutta k\u00e4nnyk\u00e4n GPS paljasti korkeuden moottoritiell\u00e4kin olevan yli 1300 metri\u00e4 merenpinnasta, joten eip\u00e4 ihme, jos ylemp\u00e4n\u00e4 oli j\u00e4\u00e4tik\u00f6it\u00e4.<\/span><\/p>\n<\/div>\n<div class=\"MsoNormal\">\n<p><span style=\"font-size: medium\" data-blogger-escaped-style=\"font-family: Times, Times New Roman, serif; font-size: large;\">\u00a0<\/span><\/p>\n<\/div>\n<div class=\"MsoNormal\">\n<p><span style=\"font-size: medium\" data-blogger-escaped-style=\"font-family: Times, Times New Roman, serif; font-size: large;\">Puolen Italian mittaisen pitk\u00e4n loivan nousun j\u00e4lkeen It\u00e4valta tuntui olevan yksi nopeasti ohi hurahtava alam\u00e4ki. Saksan puolella piti alkaa jo katsella, kuinka pian se majapaikka sielt\u00e4 vastaan tuleekaan. Nesselwang ei tuntunut muuttuneen tippaakaan vuodessa, vaikka ihan samaa huonetta Zum Alten Reisenbach ei meille t\u00e4n\u00e4 kes\u00e4n\u00e4 tarjonnut.<\/span><\/p>\n<\/div>\n<div class=\"MsoNormal\">\n<p><span style=\"font-size: medium\" data-blogger-escaped-style=\"font-family: Times, Times New Roman, serif; font-size: large;\">\u00a0<\/span><\/p>\n<\/div>\n<div class=\"MsoNormal\">\n<p><span style=\"font-size: medium\" data-blogger-escaped-style=\"font-family: Times, Times New Roman, serif; font-size: large;\">Saksalainen sapuska maittoi, kastike lihan kera oli pitk\u00e4st\u00e4 aikaa ihanaa. Jyk\u00e4 nautti paikallisesta oluesta. Koirat ilakoivat niityill\u00e4, mutta poimivat sielt\u00e4 mukaan punkkeja. Kaksi viikkoa aiemmin annettu loisten torjunta-aine tuntui olevan viel\u00e4 voimissaan, ja nypimme karvaooppeleista muutamia verimaistiaisiin kuolleita \u00f6tti\u00e4isi\u00e4. Punkkipihdit tosin j\u00e4iv\u00e4t Koutsounariin, tuli todettua.<\/span><\/p>\n<\/div>\n<div class=\"MsoNormal\">\n<p><span style=\"font-size: medium\" data-blogger-escaped-style=\"font-family: Times, Times New Roman, serif; font-size: large;\">\u00a0<\/span><\/p>\n<\/div>\n<div class=\"MsoNormal\">\n<p><span style=\"font-size: medium\" data-blogger-escaped-style=\"font-family: Times, Times New Roman, serif; font-size: large;\">Saksan l\u00e4piajo oli tyls\u00e4\u00e4. Kuski onneksi pysyi virke\u00e4n\u00e4, sill\u00e4 rekkajonossa pujotteleminen teetti tasaisesti ty\u00f6t\u00e4. Matkalla oli paljon tiety\u00f6osuuksia, joilla kolmikaistaisen tien \u00e4\u00e4rivasen kaista oli pelottavan kapea, ja vastaantulijoista erotti vain heijastinlippusiima muovitolppien v\u00e4liss\u00e4. Moni j\u00e4nisti sit\u00e4 ja j\u00e4i k\u00f6r\u00f6tt\u00e4m\u00e4\u00e4n rekkojen vierelle ja v\u00e4liin, jolloin meno muuttui mateluksi.<\/span><\/p>\n<\/div>\n<div class=\"MsoNormal\">\n<p><span style=\"font-size: medium\" data-blogger-escaped-style=\"font-family: Times, Times New Roman, serif; font-size: large;\">\u00a0<\/span><\/p>\n<\/div>\n<div class=\"MsoNormal\">\n<p><span style=\"font-size: medium\" data-blogger-escaped-style=\"font-family: Times, Times New Roman, serif; font-size: large;\">Jyk\u00e4ll\u00e4 on onneksi armeijan rekkakortti ja sen verran kokemusta per\u00e4k\u00e4rryn kanssa ajamisesta, ett\u00e4 uskalsi ajaa vasenta kaistaa ruuhkapaikkojen ohi. Niinp\u00e4 emme my\u00f6h\u00e4styneet laivastamme, vaan olimme perill\u00e4 noin tuntia ennen lastausta, joka alkoi puoli yhdelt\u00e4toista.<\/span><\/p>\n<\/div>\n<div class=\"MsoNormal\">\n<p><span style=\"font-size: medium\" data-blogger-escaped-style=\"font-family: Times, Times New Roman, serif; font-size: large;\">\u00a0<\/span><\/p>\n<\/div>\n<div class=\"MsoNormal\">\n<p><span style=\"font-size: medium\" data-blogger-escaped-style=\"font-family: Times, Times New Roman, serif; font-size: large;\">S\u00e4\u00e4 viileni tasaisesti pohjoista kohti edett\u00e4ess\u00e4. Nesselwangin vilpoisen aamun j\u00e4lkeen l\u00e4mp\u00f6tila nousi 28 asteeseen, mutta illalla Travem\u00fcndessa asteita oli en\u00e4\u00e4 alle 20. Pilvipeite tuli vastaan pohjoisessa, miss\u00e4 se kurotti merelt\u00e4 manteren p\u00e4\u00e4lle ja suhautti pari pient\u00e4 kuuroakin viimeisen sadan kilometrin matkalla. Ensimm\u00e4inen sateemme sitten huhtikuun!<\/span><\/p>\n<\/div>\n<div class=\"MsoNormal\">\n<p><span style=\"font-size: medium\" data-blogger-escaped-style=\"font-family: Times, Times New Roman, serif; font-size: large;\">\u00a0<\/span><\/p>\n<\/div>\n<div class=\"MsoNormal\">\n<h2><span style=\"font-size: medium\" data-blogger-escaped-style=\"font-family: Times, Times New Roman, serif; font-size: large;\">Laps\u2019 Suomen \u00e4ll\u00f6s vaihda pois sun maatas ihanaa\u2026?<\/span><\/h2>\n<\/div>\n<div class=\"MsoNormal\">\n<p><span style=\"font-size: medium\" data-blogger-escaped-style=\"font-family: Times, Times New Roman, serif; font-size: large;\">\u00a0<\/span><\/p>\n<\/div>\n<div class=\"MsoNormal\">\n<p><span style=\"font-size: medium\" data-blogger-escaped-style=\"font-family: Times, Times New Roman, serif; font-size: large;\">Saksan rannikolle sade ei j\u00e4\u00e4nyt, vaan puolentoista vuorokauden merimatkamme ajan taivas pysytteli harmaassa peitossa. Helsinki, lauantaiaamuna 6. elokuuta, kastoi meid\u00e4t j\u00e4lleen suomalaisiksi tihkusateella. Ensimm\u00e4iset kolme viikkoa kotona satoi joka p\u00e4iv\u00e4 kahta poikkeusta lukuunottamatta.<\/span><\/p>\n<p><span style=\"font-size: medium\" data-blogger-escaped-style=\"font-family: Times, Times New Roman, serif; font-size: large;\">\u00a0<\/span><\/p>\n<\/div>\n<div class=\"MsoNormal\">\n<p><a style=\"clear: right;margin-bottom: 1em;margin-left: 1em;text-align: center\" href=\"https:\/\/3.bp.blogspot.com\/-G75I9_u5wGU\/V-LCIKaXqrI\/AAAAAAAABe0\/3RvE1AyxY481Ekn5OkaAhJAp6gKLlrYZgCLcB\/s1600\/20160909%2B%252810%2529.JPG\" data-blogger-escaped-style=\"clear: right; margin-bottom: 1em; margin-left: 1em; text-align: center;\"><span style=\"font-size: medium\"><img loading=\"lazy\" decoding=\"async\" style=\"cursor: move\" src=\"https:\/\/3.bp.blogspot.com\/-G75I9_u5wGU\/V-LCIKaXqrI\/AAAAAAAABe0\/3RvE1AyxY481Ekn5OkaAhJAp6gKLlrYZgCLcB\/s400\/20160909%2B%252810%2529.JPG\" width=\"400\" height=\"266\" border=\"0\" \/><\/span><\/a><\/p>\n<\/div>\n<div class=\"MsoNormal\">\n<p><span style=\"font-size: medium\"><span data-blogger-escaped-style=\"font-family: Times, Times New Roman, serif; font-size: large;\"><br \/>\n<\/span><span data-blogger-escaped-style=\"font-family: Times, Times New Roman, serif; font-size: large;\">Vuosaaressa teimme mutkan tulliin, jossa selvitimme, mik\u00e4 MiTon tilanne kreikkalaisine kilpineen on. Saamme ajaa niill\u00e4 maksimissaan puoli vuotta, jos aiomme viel\u00e4 palata niiden kanssa Kreikkaan. No, sit\u00e4h\u00e4n ei tied\u00e4, joten ainakin toistaiseksi auto kulkee GR-tunnuksilla. My\u00f6hemmin on edess\u00e4 katsastus ja rekkarien vaihto, mutta sen siis enn\u00e4tt\u00e4\u00e4.<\/span><\/span><\/p>\n<\/div>\n<div class=\"MsoNormal\">\n<p><span style=\"font-size: medium\" data-blogger-escaped-style=\"font-family: Times, Times New Roman, serif; font-size: large;\">\u00a0<\/span><\/p>\n<\/div>\n<div class=\"MsoNormal\">\n<p><span style=\"font-size: medium\" data-blogger-escaped-style=\"font-family: Times, Times New Roman, serif; font-size: large;\">Iltap\u00e4iv\u00e4ll\u00e4 olimme lopulta kotona. Piha n\u00e4ytti tutulle. Nurmikko oli ylipitk\u00e4, vaikka lapset olivat leikanneet sit\u00e4, vett\u00e4 oli piisannut. Kukkapenkit puskivat perennaa, luonnon- ja puutarhamallista. Iida oli odottamassa tulijoita, oli tullut laittamaan vesivaraajan l\u00e4mpi\u00e4m\u00e4\u00e4n.<\/span><\/p>\n<p><span style=\"font-size: medium\" data-blogger-escaped-style=\"font-family: Times, Times New Roman, serif; font-size: large;\">\u00a0<\/span><\/p>\n<\/div>\n<div class=\"MsoNormal\">\n<p><span style=\"clear: right;float: right;margin-bottom: 1em;margin-left: 1em\" data-blogger-escaped-style=\"clear: right; float: right; font-family: Times, Times New Roman, serif; font-size: large; margin-bottom: 1em; margin-left: 1em;\"><span style=\"font-size: medium\"><img loading=\"lazy\" decoding=\"async\" style=\"cursor: move\" src=\"https:\/\/3.bp.blogspot.com\/-Y1zYDD4C8LM\/V-LCH5o30vI\/AAAAAAAABes\/lmaEhQsZ2tkptI9HMKKEYSb645dqxOjywCLcB\/s320\/20160821%2B%25282%2529.JPG\" width=\"320\" height=\"213\" border=\"0\" \/><\/span><\/span><\/p>\n<\/div>\n<div class=\"MsoNormal\">\n<p><span style=\"font-size: medium\" data-blogger-escaped-style=\"font-family: Times, Times New Roman, serif; font-size: large;\">Koirat olivat h\u00e4mm\u00e4styneit\u00e4 k\u00f6mpiess\u00e4\u00e4n puutuneilla kintuillaan autosta. Seuraavan tunnin ne kulkivat nen\u00e4t nuuskuen haistelemassa kaikkea. Varmaan ne saivat hyv\u00e4n tilannekatsauksen siit\u00e4, millaista el\u00e4m\u00e4\u00e4 pihapiiriss\u00e4 oli talon tyhjill\u00e4\u00e4n ollessa ollut. Ehk\u00e4 tiet\u00e4v\u00e4t paremmin kuin me, mik\u00e4 oli laukaissut valvontakameran ne kerrat, kun kuvassa oli vain autio piha. J\u00e4nis vai kissa?<\/span><\/p>\n<\/div>\n<div class=\"MsoNormal\">\n<p><span style=\"font-size: medium\" data-blogger-escaped-style=\"font-family: Times, Times New Roman, serif; font-size: large;\">\u00a0<\/span><\/p>\n<\/div>\n<div class=\"MsoNormal\">\n<h2><span style=\"font-size: medium\" data-blogger-escaped-style=\"font-family: Times, Times New Roman, serif; font-size: large;\">Matkan laskelmia<\/span><\/h2>\n<\/div>\n<div class=\"MsoNormal\">\n<p><span style=\"font-size: medium\" data-blogger-escaped-style=\"font-family: Times, Times New Roman, serif; font-size: large;\">\u00a0<\/span><\/p>\n<\/div>\n<div class=\"MsoNormal\">\n<p><span style=\"font-size: medium\" data-blogger-escaped-style=\"font-family: Times, Times New Roman, serif; font-size: large;\">Moni on kysellyt, mit\u00e4 automatka Kreetalle saakka maksaa, joten nyt v\u00e4h\u00e4sen r\u00e4kn\u00e4t\u00e4\u00e4n. Ajo Koutsounarista Vehmersalmelle 7,7 l \/ 100 km keskikulutuksella (muistakaa se per\u00e4k\u00e4rry!) tarkoittaa 200 litraa bensiini\u00e4 ja euroina v\u00e4h\u00e4n vajaata 300 euroa. Tietulleja piti maksaa yhteens\u00e4 py\u00f6re\u00e4sti 95 euroa.<\/span><\/p>\n<p><span style=\"font-size: medium\" data-blogger-escaped-style=\"font-family: Times, Times New Roman, serif; font-size: large;\"><br \/>\n<\/span><span style=\"clear: right;float: right;margin-bottom: 1em;margin-left: 1em\" data-blogger-escaped-style=\"clear: right; float: right; font-family: Times, Times New Roman, serif; font-size: large; margin-bottom: 1em; margin-left: 1em;\"><span style=\"font-size: medium\"><img loading=\"lazy\" decoding=\"async\" style=\"cursor: move\" src=\"https:\/\/2.bp.blogspot.com\/-r0a3nrL0VNA\/V-LCG0YBaFI\/AAAAAAAABek\/0yfV9xJOLBw7wEBN1ZIoQg7Vl8bjwnaHgCLcB\/s320\/20160803%2B%252811%2529.JPG\" width=\"320\" height=\"213\" border=\"0\" \/><\/span><\/span><\/p>\n<\/div>\n<div class=\"MsoNormal\">\n<p><span style=\"font-size: medium\" data-blogger-escaped-style=\"font-family: Times, \">Laivamatkat lohkaisivat meid\u00e4n perheell\u00e4mme ison osan koko reissun kulungeista: kun matkaa tehd\u00e4\u00e4n auton ja k\u00e4rryn kanssa ja majoitutaan lemmikkien kanssa hyttiin, euroja hupeni yhteens\u00e4 hieman yli 1930. Kaksi hotelliy\u00f6t\u00e4 ja koiramaksut p\u00e4\u00e4lle tekiv\u00e4t satasen lis\u00e4\u00e4.<\/span><\/p>\n<\/div>\n<div class=\"MsoNormal\">\n<p><span style=\"font-size: medium\" data-blogger-escaped-style=\"font-family: Times, Times New Roman, serif; font-size: large;\">\u00a0<\/span><\/p>\n<\/div>\n<div class=\"MsoNormal\">\n<p><span style=\"font-size: medium\" data-blogger-escaped-style=\"font-family: Times, Times New Roman, serif; font-size: large;\">Voi siis sanoa, ett\u00e4 reilulla kahdella tonnilla taitoimme tuon v\u00e4lin. Asuntovaunu tai matkailuauto tulee laivoilla jonkin verran kalliimmaksi, pelkk\u00e4 henkil\u00f6auto ja y\u00f6pyminen kansipaikoilla pienent\u00e4isiv\u00e4t kustannuksia vastaavasti paljon. Jos hintaa vertaa kahden hengen lomareissuun matkatoimiston valmismatkoilla, niin eip\u00e4 eroa paljon tule. Lyhyelle lomalle kannattaa tietysti lent\u00e4\u00e4, ajans\u00e4\u00e4st\u00f6 on huomattava.<\/span><\/p>\n<\/div>\n<div class=\"MsoNormal\">\n<p><span style=\"font-size: medium\" data-blogger-escaped-style=\"font-family: Times, Times New Roman, serif; font-size: large;\">\u00a0<\/span><\/p>\n<\/div>\n<div class=\"MsoNormal\">\n<h2><span style=\"font-size: medium\" data-blogger-escaped-style=\"font-family: Times, Times New Roman, serif; font-size: large;\">Kotoutumista Suomeen<\/span><\/h2>\n<\/div>\n<div class=\"MsoNormal\">\n<p><span style=\"font-size: medium\" data-blogger-escaped-style=\"font-family: Times, Times New Roman, serif; font-size: large;\">\u00a0<\/span><\/p>\n<\/div>\n<div class=\"MsoNormal\">\n<p><span style=\"font-size: medium\" data-blogger-escaped-style=\"font-family: Times, Times New Roman, serif; font-size: large;\">Ensimm\u00e4iset p\u00e4iv\u00e4t kotona toimiminen oli samanlaista kuin sellaisessa unessa, jossa ajaa autoa, mutta kaikki namikat ovat v\u00e4\u00e4riss\u00e4 paikoissa. Miss\u00e4 meill\u00e4 on kahvipurkki? Pidettiink\u00f6 me kuminauhoja jossain tietyss\u00e4 lokerossa? Pitik\u00f6 minulla olla t\u00e4\u00e4ll\u00e4 ne vanhat lenkkarit vai heitink\u00f6 ne pois?<\/span><\/p>\n<\/div>\n<div class=\"MsoNormal\">\n<p><span style=\"font-size: medium\" data-blogger-escaped-style=\"font-family: Times, Times New Roman, serif; font-size: large;\">\u00a0<\/span><\/p>\n<\/div>\n<div class=\"MsoNormal\">\n<p><span style=\"font-size: medium\" data-blogger-escaped-style=\"font-family: Times, Times New Roman, serif; font-size: large;\">Talo oli p\u00e4rj\u00e4nnyt suhteellisen hyvin, mutta k\u00e4ytt\u00f6\u00f6n otettaessa vanha vesiputkisto alkoi v\u00e4h\u00e4n oireilla. Remonttia siis tiedossa. L\u00e4mminvesivaraaja vaihtoon, kiuas on n\u00e4k\u00f6j\u00e4\u00e4n saunottu puhki, matot on pakko pest\u00e4, satoi vaikka akkoja\u2026<\/span><\/p>\n<p><span style=\"font-size: medium\" data-blogger-escaped-style=\"font-family: Times, Times New Roman, serif; font-size: large;\">\u00a0<\/span><\/p>\n<\/div>\n<div class=\"MsoNormal\">\n<p><a style=\"margin-left: 1em;margin-right: 1em;text-align: center\" href=\"https:\/\/4.bp.blogspot.com\/-AgXNWOwCMnA\/V-LCHx_jiAI\/AAAAAAAABew\/6F4OFr0A1aMxcl6ekmeQ9lohILFDAL_ugCLcB\/s1600\/20160821%2B%25285%2529.JPG\" data-blogger-escaped-style=\"margin-left: 1em; margin-right: 1em; text-align: center;\"><span style=\"font-size: medium\" data-blogger-escaped-style=\"font-family: Times, Times New Roman, serif; font-size: large;\"><img loading=\"lazy\" decoding=\"async\" style=\"cursor: move\" src=\"https:\/\/4.bp.blogspot.com\/-AgXNWOwCMnA\/V-LCHx_jiAI\/AAAAAAAABew\/6F4OFr0A1aMxcl6ekmeQ9lohILFDAL_ugCLcB\/s400\/20160821%2B%25285%2529.JPG\" width=\"400\" height=\"266\" border=\"0\" \/><\/span><\/a><\/p>\n<\/div>\n<div class=\"MsoNormal\">\n<p><span style=\"font-size: medium\" data-blogger-escaped-style=\"font-family: Times, Times New Roman, serif; font-size: large;\">\u00a0<\/span><\/p>\n<p class=\"separator\" style=\"clear: both;text-align: center\" data-blogger-escaped-style=\"clear: both; text-align: center;\"><a style=\"clear: left;float: left;margin-bottom: 1em;margin-right: 1em\" href=\"https:\/\/1.bp.blogspot.com\/--3Q6ZUuV9S0\/V-LCFRmusRI\/AAAAAAAABeE\/NKzglmK5uWcvkTsS8qCwtkVxstTymLvxgCLcB\/s1600\/14095850_688277237992889_1650328283126807576_n.jpg\" data-blogger-escaped-style=\"clear: left; float: left; margin-bottom: 1em; margin-right: 1em;\"><span style=\"font-size: medium\">\u00a0<\/span><\/a><\/p>\n<p><span style=\"font-size: medium\" data-blogger-escaped-style=\"font-family: Times, Times New Roman, serif; font-size: large;\">Matot kuivatettiin olohuoneessa takan \u00e4\u00e4ress\u00e4, koska vett\u00e4 tuli jatkuvasti. Omenat ja luumut varisivat maahan, sill\u00e4 kun ei satanut, ampiaiset kuhisivat niiden kimpussa. Lissu totutteli ajamaan taas sadan kilometrin p\u00e4ivitt\u00e4ist\u00e4 ty\u00f6matkaa.<\/span><\/p>\n<p><span style=\"font-size: medium\">\u00a0<\/span><\/p>\n<\/div>\n<div class=\"MsoNormal\">\n<p><a style=\"clear: right;float: right;margin-bottom: 1em;margin-left: 1em;text-align: center\" href=\"https:\/\/1.bp.blogspot.com\/--3Q6ZUuV9S0\/V-LCFRmusRI\/AAAAAAAABeE\/NKzglmK5uWcvkTsS8qCwtkVxstTymLvxgCLcB\/s1600\/14095850_688277237992889_1650328283126807576_n.jpg\" data-blogger-escaped-style=\"clear: right; float: right; margin-bottom: 1em; margin-left: 1em; text-align: center;\"><span style=\"font-size: medium\"><img loading=\"lazy\" decoding=\"async\" style=\"cursor: move\" src=\"https:\/\/1.bp.blogspot.com\/--3Q6ZUuV9S0\/V-LCFRmusRI\/AAAAAAAABeE\/NKzglmK5uWcvkTsS8qCwtkVxstTymLvxgCLcB\/s200\/14095850_688277237992889_1650328283126807576_n.jpg\" width=\"200\" height=\"150\" border=\"0\" \/><\/span><\/a><span style=\"font-size: medium\" data-blogger-escaped-style=\"font-family: Times, Times New Roman, serif; font-size: large;\">Vaatetuksen valitseminen tuntui hankalalta. Olihan meill\u00e4 ollut Kreetalla n\u00e4in viile\u00e4\u00e4 viimeksi helmikuussa. Mutta saunominen oli ihanaa! Ja pit\u00e4\u00e4 my\u00f6nt\u00e4\u00e4, ett\u00e4 karjalanpiirakkaa ja hapankorppua tuli ostettua.<\/span><\/p>\n<\/div>\n<div class=\"MsoNormal\">\n<p><span style=\"font-size: medium\">\u00a0<\/span><\/p>\n<\/div>\n<div class=\"MsoNormal\">\n<p><span style=\"font-size: medium\" data-blogger-escaped-style=\"font-family: Times, Times New Roman, serif; font-size: large;\">Yst\u00e4v\u00e4t ja sukulaiset ilmaantuivat pihaan ja puhelinlangoille ja lievittiv\u00e4t sit\u00e4 ik\u00e4v\u00e4\u00e4, joka sosiaalisten kreetalaisten j\u00e4ljilt\u00e4 j\u00e4i kalvamaan. Tuli vahva tunne siit\u00e4, ett\u00e4 nyt meill\u00e4 on kaksi kotimaata.<\/span><\/p>\n<p><span style=\"font-size: medium\"><span data-blogger-escaped-style=\"font-family: Times, Times New Roman, serif; font-size: large;\"><br \/>\n<\/span><span data-blogger-escaped-style=\"font-family: Times, Times New Roman, serif; font-size: large;\">Jos Suomi olisikin valoisa, l\u00e4mmin ja t\u00e4ynn\u00e4 iloisesti rupattelevia ihmisi\u00e4 niin kuin hetkitt\u00e4in noina syyskuisina p\u00e4ivin\u00e4, mik\u00e4s olisi ollessa. Mutta kun ei jaksa tyk\u00e4t\u00e4 sateesta, lumesta, itikoista ja autiudesta, joka syntyy siit\u00e4, ett\u00e4 ihmiset piiloutuvat koteihinsa eiv\u00e4tk\u00e4 sied\u00e4 muita likelle.<\/span><\/span><\/p>\n<p><span style=\"font-size: medium\" data-blogger-escaped-style=\"font-family: Times, Times New Roman, serif; font-size: large;\">\u00a0<\/span><\/p>\n<\/div>\n<div class=\"MsoNormal\">\n<p><span style=\"clear: left;float: left;margin-bottom: 1em;margin-right: 1em\" data-blogger-escaped-style=\"clear: left; float: left; font-family: Times, Times New Roman, serif; font-size: large; margin-bottom: 1em; margin-right: 1em;\"><span style=\"font-size: medium\"><img loading=\"lazy\" decoding=\"async\" style=\"cursor: move\" src=\"https:\/\/4.bp.blogspot.com\/-AaBfQ0itVrU\/V-LCISjiEGI\/AAAAAAAABe4\/YzyeuxsIyTs1a24WT3L-aH2RGnx_24-lACLcB\/s320\/20161109%2B%252821%2529.JPG\" width=\"213\" height=\"320\" border=\"0\" \/><\/span><\/span><\/p>\n<\/div>\n<div class=\"MsoNormal\">\n<p><span style=\"font-size: medium\" data-blogger-escaped-style=\"font-family: Times, Times New Roman, serif; font-size: large;\">Pikku hiljaa Suomen kes\u00e4 k\u00e4\u00e4ntyy syksyksi, valo v\u00e4henee, ilma kylmenee. Sade ajaa sis\u00e4tiloihin. Valokuvien ja videoiden j\u00e4rjest\u00e4minen tuo Kreetan taas l\u00e4helle, ajatuksiin ja uniin. Tieto siit\u00e4, ett\u00e4 Koutsounarin loputon ranta paistattelee auringossa ja tutut tavernat sykkiv\u00e4t el\u00e4m\u00e4\u00e4 iltaisin, l\u00e4mmitt\u00e4\u00e4 kuin kuppi vuoristoteet\u00e4. Syysloman ja joulun matkaliput on jo varattu. Yst\u00e4v\u00e4t Kreetalla, pian taas tapaamme!<\/span><\/p>\n<p><span style=\"font-size: medium\"><span data-blogger-escaped-style=\"font-family: Times, Times New Roman, serif; font-size: large;\"><br \/>\n<\/span><span data-blogger-escaped-style=\"font-family: Times, Times New Roman, serif; font-size: large;\"><br \/>\n<\/span><\/span><\/p>\n<\/div>\n<div class=\"MsoNormal\">\n<p><a style=\"margin-left: 1em;margin-right: 1em;text-align: center\" href=\"https:\/\/2.bp.blogspot.com\/-h5Y9PhyFNAI\/V-LCGDCRB1I\/AAAAAAAABeQ\/YySqtWXXY8Qedvow7DkN5vJE8CwMXWHMACLcB\/s1600\/20160729%2B%25282%2529.JPG\" data-blogger-escaped-style=\"margin-left: 1em; margin-right: 1em; text-align: center;\"><span style=\"font-size: medium\" data-blogger-escaped-style=\"font-family: Times, Times New Roman, serif; font-size: large;\"><img loading=\"lazy\" decoding=\"async\" style=\"cursor: move\" src=\"https:\/\/2.bp.blogspot.com\/-h5Y9PhyFNAI\/V-LCGDCRB1I\/AAAAAAAABeQ\/YySqtWXXY8Qedvow7DkN5vJE8CwMXWHMACLcB\/s400\/20160729%2B%25282%2529.JPG\" width=\"400\" height=\"266\" border=\"0\" \/><\/span><\/a><\/p>\n<\/div>\n<p><span style=\"font-size: medium\" data-blogger-escaped-style=\"font-family: Times, Times New Roman, serif; font-size: large;\">\u00a0<\/span><\/p>\n<div class=\"MsoNormal\">\n<p><span style=\"font-size: medium\" data-blogger-escaped-style=\"font-family: Times, Times New Roman, serif; font-size: large;\">Kiitos blogin lukijoille! Sapattivuosi on nyt takana. Blogi saanee viel\u00e4 muutamia muisteluita syksyn ja talven mittaan.\u00a0<\/span><\/p>\n<\/div>\n<div class=\"MsoNormal\">\n<p><span style=\"font-size: medium\" data-blogger-escaped-style=\"font-family: Times, Times New Roman, serif; font-size: large;\">\u00a0<\/span><\/p>\n<\/div>\n<p class=\"separator\" data-blogger-escaped-style=\"clear: both; text-align: center;\"><span style=\"font-size: medium\" data-blogger-escaped-style=\"font-family: Times, Times New Roman, serif; font-size: large;\">\u00a0<\/span><\/p>\n<p><span style=\"font-size: medium\" data-blogger-escaped-style=\"font-family: Times, Times New Roman, serif; font-size: large;\">\u00a0<\/span><\/p>\n<p class=\"separator\" data-blogger-escaped-style=\"clear: both; text-align: center;\"><a style=\"margin-left: 1em;margin-right: 1em\" href=\"https:\/\/2.bp.blogspot.com\/-zOvMv0KjAS0\/V-LCF7Id61I\/AAAAAAAABeM\/FDh2auP3qEkmqtFyNHQ6YKvISk5ZfKPzwCLcB\/s1600\/20160725%2B%252818%2529.JPG\" data-blogger-escaped-style=\"margin-left: 1em; margin-right: 1em;\"><span style=\"font-size: medium\" data-blogger-escaped-style=\"font-family: Times, Times New Roman, serif; font-size: large;\"><img loading=\"lazy\" decoding=\"async\" style=\"cursor: move\" src=\"https:\/\/2.bp.blogspot.com\/-zOvMv0KjAS0\/V-LCF7Id61I\/AAAAAAAABeM\/FDh2auP3qEkmqtFyNHQ6YKvISk5ZfKPzwCLcB\/s320\/20160725%2B%252818%2529.JPG\" width=\"320\" height=\"213\" border=\"0\" \/><\/span><\/a><\/p>\n<p><span style=\"font-size: medium\" data-blogger-escaped-style=\"font-family: Times, Times New Roman, serif; font-size: large;\">\u00a0<\/span><\/p>\n<div style=\"font-size: 14.6667px\">Vehmersalmelta: Jyk\u00e4 ja Lissu<\/div>\n<div style=\"font-size: 14.6667px\"><\/div>\n<div style=\"font-size: 14.6667px\">\n<p class=\"MsoNoSpacing\">Dafni-bokserin seikkailut Kreetalla:\u00a0<a href=\"http:\/\/koiramainenkreikkakeikka.blogspot.fi\/\">http:\/\/koiramainenkreikkakeikka.blogspot.fi\/<\/a><\/p>\n<p class=\"MsoNoSpacing\">Kreikan-matkailua meid\u00e4n silmin:\u00a0<a style=\"text-decoration: underline\" href=\"http:\/\/tavernaikosi.blogspot.fi\/\">http:\/\/tavernaikosi.blogspot.fi\/<\/a><\/p>\n<\/div>\n<\/div>\n","protected":false},"excerpt":{"rendered":"<p>&nbsp; \u201dL\u00e4mmint\u00e4 33 astetta. K\u00e4vimme aamulla uimassa, vaikka aallokko oli kova, sill\u00e4 tuulee etel\u00e4st\u00e4. Illalla ulos yst\u00e4vien kanssa.\u201d P\u00e4iv\u00e4kirjamerkint\u00e4 vuoden takaa, niin toisenlaisen syyskuun alusta. Nyt, kun katse tapaa ikkunan takaa matalalla laahaavat pilvet,&#46;&#46;&#46;<\/p>\n","protected":false},"author":4,"featured_media":0,"comment_status":"closed","ping_status":"closed","sticky":false,"template":"","format":"standard","meta":{"_acf_changed":false,"footnotes":""},"categories":[1],"tags":[],"class_list":["post-78","post","type-post","status-publish","format-standard","hentry","category-yleinen"],"acf":[],"_links":{"self":[{"href":"https:\/\/blogit.kreeta.info\/vuosikreetalla\/wp-json\/wp\/v2\/posts\/78","targetHints":{"allow":["GET"]}}],"collection":[{"href":"https:\/\/blogit.kreeta.info\/vuosikreetalla\/wp-json\/wp\/v2\/posts"}],"about":[{"href":"https:\/\/blogit.kreeta.info\/vuosikreetalla\/wp-json\/wp\/v2\/types\/post"}],"author":[{"embeddable":true,"href":"https:\/\/blogit.kreeta.info\/vuosikreetalla\/wp-json\/wp\/v2\/users\/4"}],"replies":[{"embeddable":true,"href":"https:\/\/blogit.kreeta.info\/vuosikreetalla\/wp-json\/wp\/v2\/comments?post=78"}],"version-history":[{"count":2,"href":"https:\/\/blogit.kreeta.info\/vuosikreetalla\/wp-json\/wp\/v2\/posts\/78\/revisions"}],"predecessor-version":[{"id":94,"href":"https:\/\/blogit.kreeta.info\/vuosikreetalla\/wp-json\/wp\/v2\/posts\/78\/revisions\/94"}],"wp:attachment":[{"href":"https:\/\/blogit.kreeta.info\/vuosikreetalla\/wp-json\/wp\/v2\/media?parent=78"}],"wp:term":[{"taxonomy":"category","embeddable":true,"href":"https:\/\/blogit.kreeta.info\/vuosikreetalla\/wp-json\/wp\/v2\/categories?post=78"},{"taxonomy":"post_tag","embeddable":true,"href":"https:\/\/blogit.kreeta.info\/vuosikreetalla\/wp-json\/wp\/v2\/tags?post=78"}],"curies":[{"name":"wp","href":"https:\/\/api.w.org\/{rel}","templated":true}]}}